{"id":9900,"date":"2019-04-11T14:57:40","date_gmt":"2019-04-11T11:57:40","guid":{"rendered":"http:\/\/www.nord-vest.ro\/?p=9900"},"modified":"2019-04-11T15:05:13","modified_gmt":"2019-04-11T12:05:13","slug":"proiectul-tram-prezent-la-bruxelles-in-cadrul-forumului-europe-lets-cooperate","status":"publish","type":"post","link":"https:\/\/www.nord-vest.ro\/en\/proiectul-tram-prezent-la-bruxelles-in-cadrul-forumului-europe-lets-cooperate\/","title":{"rendered":"Proiectul TRAM prezent la Bruxelles \u00een cadrul forumului &#8216;Europe, let&#8217;s cooperate!&#8217;"},"content":{"rendered":"<p>\u00cen perioada 10-11 aprilie membrii echipei TRAM particip\u0103 la cel de-al cincilea forum al cooper\u0103rii interregionale intitulat &#8216;Europe, let&#8217;s cooperate!&#8217; care are loc la Bruxelles cu peste 500 de participan\u021bi.<\/p>\n<p>Scopul principal al evenimentului este continuarea procesului de schimb de idei, de abord\u0103ri \u0219i facilitarea colabor\u0103rii dintre partenerii diferitelor proiecte Interreg Europe.<\/p>\n<p><a ref=\"magnificPopup\" href=\"http:\/\/www.nord-vest.ro\/wp-content\/uploads\/2019\/04\/IMG_9663.jpg\"><img loading=\"lazy\" decoding=\"async\" class=\"wp-image-9901 alignleft\" src=\"http:\/\/www.nord-vest.ro\/wp-content\/uploads\/2019\/04\/IMG_9663.jpg\" alt=\"\" width=\"380\" height=\"285\" srcset=\"https:\/\/www.nord-vest.ro\/wp-content\/uploads\/2019\/04\/IMG_9663.jpg 4032w, https:\/\/www.nord-vest.ro\/wp-content\/uploads\/2019\/04\/IMG_9663-300x225.jpg 300w, https:\/\/www.nord-vest.ro\/wp-content\/uploads\/2019\/04\/IMG_9663-1024x768.jpg 1024w, https:\/\/www.nord-vest.ro\/wp-content\/uploads\/2019\/04\/IMG_9663-400x300.jpg 400w, https:\/\/www.nord-vest.ro\/wp-content\/uploads\/2019\/04\/IMG_9663-533x400.jpg 533w, https:\/\/www.nord-vest.ro\/wp-content\/uploads\/2019\/04\/IMG_9663-16x12.jpg 16w, https:\/\/www.nord-vest.ro\/wp-content\/uploads\/2019\/04\/IMG_9663-624x468.jpg 624w, https:\/\/www.nord-vest.ro\/wp-content\/uploads\/2019\/04\/IMG_9663-372x279.jpg 372w, https:\/\/www.nord-vest.ro\/wp-content\/uploads\/2019\/04\/IMG_9663-93x70.jpg 93w\" sizes=\"auto, (max-width: 380px) 100vw, 380px\" \/><\/a>\u00cen cadrul sesiunii plenare de deschidere invita\u021bii reprezent\u00e2nd puncte de contact na\u021bionale, Comisia European\u0103, Comitetul Regiunilor precum \u0219i Autoritatea de Management al Programului au dezb\u0103tut rolul Interreg Europe \u00een atingerea obiectivelor politicii de coeziune, abord\u00e2nd subiecte precum importan\u021ba colabor\u0103rii interregionale, rolul acesteia \u00een dezvoltarea continu\u0103 a regiunilor precum \u0219i impactul pe termen lung.<\/p>\n<p>Au fost ridicate \u0219i subiecte sensibile, precum viitorul programelor de cooperare teritorial\u0103 \u00een cadrul urm\u0103torului exerci\u021biu financiar, deciziile dificile care vor trebui luate \u00een privin\u021ba continu\u0103rii sau abandon\u0103rii programelor care au reu\u0219it s\u0103 arate rezultate semnificative &#8211; \u00een contextul unui buget UE aflat sub tot mai mult\u0103 presiune, dar \u0219i importan\u021ba motiv\u0103rii programelor opera\u021bionale mainstream de a-\u0219i asuma un rol mai activ \u00een promovarea cooper\u0103rii interregionale \u0219i a schimbului de experien\u021b\u0103.<\/p>\n<p>Prima zi a continuat cu prezentarea rezultatelor diferitelor proiecte Interreg Europe, aduc\u00e2nd participan\u021bilor pove\u0219tile adev\u0103rate din spatele statisticilor \u0219i persoanele din spatele cifrelor, facilit\u00e2nd interac\u021biunile \u00een domeniul cooper\u0103rii interregionale. Sesiunea respectiv\u0103 a constituit un bun prilej pentru a afla mai multe despre Platforma Interreg Europe \u00een domeniul Politicilor Publice (Interreg Europe Policy Learning Platform).<\/p>\n<p>A doua parte a zilei a fost dedicat\u0103 atelierelor tematice pentru fiecare dintre cele patru priorit\u0103\u021bi ale Programului. \u00cen paralel participan\u021bii au putut lua parte \u00een sesiuni de networking \u00een cadrul unei zone dedicate, discut\u00e2nd idei cu exper\u021bii Programului \u0219i ai Platformei, \u00eenv\u0103\u021b\u00e2nd despre diferite modalit\u0103\u021bi de influen\u021bare a politicilor publice, despre evenimentele de tip peer-review \u0219i matchmaking.<\/p>\n<p><a ref=\"magnificPopup\" href=\"http:\/\/www.nord-vest.ro\/wp-content\/uploads\/2019\/04\/IMG_9672.jpg\"><img loading=\"lazy\" decoding=\"async\" class=\"aligncenter size-full wp-image-9902\" src=\"http:\/\/www.nord-vest.ro\/wp-content\/uploads\/2019\/04\/IMG_9672.jpg\" alt=\"\" width=\"11680\" height=\"3920\" srcset=\"https:\/\/www.nord-vest.ro\/wp-content\/uploads\/2019\/04\/IMG_9672.jpg 11680w, https:\/\/www.nord-vest.ro\/wp-content\/uploads\/2019\/04\/IMG_9672-300x101.jpg 300w, https:\/\/www.nord-vest.ro\/wp-content\/uploads\/2019\/04\/IMG_9672-1024x344.jpg 1024w, https:\/\/www.nord-vest.ro\/wp-content\/uploads\/2019\/04\/IMG_9672-400x134.jpg 400w, https:\/\/www.nord-vest.ro\/wp-content\/uploads\/2019\/04\/IMG_9672-600x201.jpg 600w, https:\/\/www.nord-vest.ro\/wp-content\/uploads\/2019\/04\/IMG_9672-18x6.jpg 18w, https:\/\/www.nord-vest.ro\/wp-content\/uploads\/2019\/04\/IMG_9672-624x209.jpg 624w, https:\/\/www.nord-vest.ro\/wp-content\/uploads\/2019\/04\/IMG_9672-372x125.jpg 372w, https:\/\/www.nord-vest.ro\/wp-content\/uploads\/2019\/04\/IMG_9672-370x124.jpg 370w, https:\/\/www.nord-vest.ro\/wp-content\/uploads\/2019\/04\/IMG_9672-209x70.jpg 209w\" sizes=\"auto, (max-width: 11680px) 100vw, 11680px\" \/><\/a><\/p>\n<p>A doua zi va fi dedicat\u0103 \u00een special organiza\u021biilor partenere \u00een proiecte finan\u021bate \u00een cadrul Programului Interreg Europe, evenimentul fiind organizat \u00een forma unor workshopuri dedicate, discut\u00e2nd aspecte practice precum elaborarea planurilor de ac\u021biune, mobilizarea stakeholderilor, transferul de bune practici \u0219i idei inovative, precum \u0219i modalit\u0103\u021bile de a ob\u021bine un impact c\u00e2t mai mare \u00een urma implement\u0103rii planurilor de ac\u021biune.<\/p>\n<p>Mai multe detalii despre eveniment pute\u021bi g\u0103si la linkul:<br \/>\n<a href=\"https:\/\/www.interregeurope.eu\/europecooperates2019\/\" target=\"_blank\" rel=\"noopener\"> https:\/\/www.interregeurope.eu\/europecooperates2019\/<\/a><\/p>\n<p>Article by:<br \/>\nGergely T\u00d6R\u00d6K<\/p>","protected":false},"excerpt":{"rendered":"<p>\u00cen perioada 10-11 aprilie membrii echipei TRAM particip\u0103 la cel de-al cincilea forum al cooper\u0103rii interregionale intitulat &#8216;Europe, let&#8217;s cooperate!&#8217; care are loc la Bruxelles cu peste 500 de participan\u021bi. Scopul principal al evenimentului este continuarea procesului de schimb de idei, de abord\u0103ri \u0219i facilitarea colabor\u0103rii dintre partenerii diferitelor proiecte Interreg Europe. \u00cen cadrul sesiunii&#8230;<\/p>","protected":false},"author":1,"featured_media":9901,"comment_status":"closed","ping_status":"closed","sticky":false,"template":"","format":"standard","meta":{"footnotes":"","beyondwords_generate_audio":"","beyondwords_project_id":"","beyondwords_content_id":"","beyondwords_preview_token":"","beyondwords_player_style":"","beyondwords_language_id":"","beyondwords_title_voice_id":"","beyondwords_body_voice_id":"","beyondwords_summary_voice_id":"","beyondwords_error_message":"","beyondwords_disabled":"","beyondwords_delete_content":"","beyondwords_podcast_id":"","beyondwords_hash":"","publish_post_to_speechkit":"","speechkit_hash":"","speechkit_generate_audio":"","speechkit_project_id":"","speechkit_podcast_id":"","speechkit_error_message":"","speechkit_disabled":"","speechkit_access_key":"","speechkit_error":"","speechkit_info":"","speechkit_response":"","speechkit_retries":"","speechkit_status":"","speechkit_updated_at":"","_speechkit_link":"","_speechkit_text":""},"categories":[13],"tags":[215,214,213,212],"class_list":["post-9900","post","type-post","status-publish","format-standard","has-post-thumbnail","hentry","category-noutati","tag-cooperare","tag-interreg-europe","tag-mobilitate-urbana","tag-tram"],"publishpress_future_action":{"enabled":false,"date":"2026-05-07 04:09:29","action":"change-status","newStatus":"draft","terms":[],"taxonomy":"category"},"publishpress_future_workflow_manual_trigger":{"enabledWorkflows":[]},"_links":{"self":[{"href":"https:\/\/www.nord-vest.ro\/en\/wp-json\/wp\/v2\/posts\/9900","targetHints":{"allow":["GET"]}}],"collection":[{"href":"https:\/\/www.nord-vest.ro\/en\/wp-json\/wp\/v2\/posts"}],"about":[{"href":"https:\/\/www.nord-vest.ro\/en\/wp-json\/wp\/v2\/types\/post"}],"author":[{"embeddable":true,"href":"https:\/\/www.nord-vest.ro\/en\/wp-json\/wp\/v2\/users\/1"}],"replies":[{"embeddable":true,"href":"https:\/\/www.nord-vest.ro\/en\/wp-json\/wp\/v2\/comments?post=9900"}],"version-history":[{"count":4,"href":"https:\/\/www.nord-vest.ro\/en\/wp-json\/wp\/v2\/posts\/9900\/revisions"}],"predecessor-version":[{"id":9906,"href":"https:\/\/www.nord-vest.ro\/en\/wp-json\/wp\/v2\/posts\/9900\/revisions\/9906"}],"wp:featuredmedia":[{"embeddable":true,"href":"https:\/\/www.nord-vest.ro\/en\/wp-json\/wp\/v2\/media\/9901"}],"wp:attachment":[{"href":"https:\/\/www.nord-vest.ro\/en\/wp-json\/wp\/v2\/media?parent=9900"}],"wp:term":[{"taxonomy":"category","embeddable":true,"href":"https:\/\/www.nord-vest.ro\/en\/wp-json\/wp\/v2\/categories?post=9900"},{"taxonomy":"post_tag","embeddable":true,"href":"https:\/\/www.nord-vest.ro\/en\/wp-json\/wp\/v2\/tags?post=9900"}],"curies":[{"name":"wp","href":"https:\/\/api.w.org\/{rel}","templated":true}]}}