{"id":7396,"date":"2018-04-24T17:03:30","date_gmt":"2018-04-24T14:03:30","guid":{"rendered":"http:\/\/www.nord-vest.ro\/?p=7396"},"modified":"2018-04-24T17:04:59","modified_gmt":"2018-04-24T14:04:59","slug":"regio-finateaza-cu-peste-4-milioane-de-euro-dezvoltarea-turismului-in-statiunea-baile-turda","status":"publish","type":"post","link":"https:\/\/www.nord-vest.ro\/en\/regio-finateaza-cu-peste-4-milioane-de-euro-dezvoltarea-turismului-in-statiunea-baile-turda\/","title":{"rendered":"REGIO fina\u0163eaz\u0103 cu peste 4 milioane de euro dezvoltarea turismului \u00een sta\u0163iunea ,,B\u0103ile Turda\u201d"},"content":{"rendered":"<p>Ast\u0103zi a fost semnat contractul de finan\u021bare \u00a0\u201cReabilitarea \u0219i modernizarea infrastructurii rutiere \u0219i a utilit\u0103\u021bilor din corpul drumului \u00een B\u0103ile Turda\u201d cu o valoare total\u0103 de 22.550.603,74 lei (4.902.305,16 euro)<\/p>\n<p>Obiectivul general al proiectului const\u0103 \u00een cre\u015fterea economic\u0103 a sta\u0163iunii turistice balenoclimaterice \u201eBaile Turda\u201d, zon\u0103 aflat\u0103 \u00een declin economic, dar cu un poten\u0163ial turistic valoros, \u00een vederea cre\u015fterii atractivit\u0103\u0163ii zonei turistice, a num\u0103rului de turi\u015fti interesa\u0163i at\u00e2t de turismul de s\u0103n\u0103tate, c\u00e2t \u015fi de cel de recreere \u015fi implicit cre\u015fterea num\u0103rului mediu de salaria\u0163i din sta\u0163iunea turistic\u0103.<\/p>\n<p>Pe parcursul celor <strong>36 de luni de implementare a proiectului vor fi modernizate \u0219i reabilitate urm\u0103toarele 20 de str\u0103zi<\/strong>: Aleea Alexandru Borza, Aleea B\u0103ilor, Aleea Durg\u0103ului, Aleea Mure\u0219, Aleea Olt, Str. Aluni\u0219ului, Str. Barbu L\u0103utaru, Str. Caisului, Str. C\u00e2mpului, Str. Castanilor, Str. Cire\u0219ului, Str. Fr\u0103g\u0103ri\u0219te, Str. George Enescu, Str. Gheorghe Dima, Str. M\u0103rului, Str. Nucului, Str. Piersicului, Str. Prunului, Str. \u0218esului, Str. Vi\u0219inului.<\/p>\n<p>Progrmaul Operational Regional 2014-2020, promovat sub brandul REGIO, este gestionat la nivel national de catre Ministerul Dezvoltarii Regionala si Administratiei Publice, iar la nivelul Regiunii Nord-Vest de catre ADR Nord-Vest, in calitate de Organism Intermediar.<\/p>","protected":false},"excerpt":{"rendered":"<p>Ast\u0103zi a fost semnat contractul de finan\u021bare \u00a0\u201cReabilitarea \u0219i modernizarea infrastructurii rutiere \u0219i a utilit\u0103\u021bilor din corpul drumului \u00een B\u0103ile Turda\u201d cu o valoare total\u0103 de 22.550.603,74 lei (4.902.305,16 euro) Obiectivul general al proiectului const\u0103 \u00een cre\u015fterea economic\u0103 a sta\u0163iunii turistice balenoclimaterice \u201eBaile Turda\u201d, zon\u0103 aflat\u0103 \u00een declin economic, dar cu un poten\u0163ial turistic valoros,&#8230;<\/p>","protected":false},"author":1,"featured_media":7399,"comment_status":"closed","ping_status":"closed","sticky":false,"template":"","format":"standard","meta":{"footnotes":"","beyondwords_generate_audio":"","beyondwords_project_id":"","beyondwords_content_id":"","beyondwords_preview_token":"","beyondwords_player_style":"","beyondwords_language_id":"","beyondwords_title_voice_id":"","beyondwords_body_voice_id":"","beyondwords_summary_voice_id":"","beyondwords_error_message":"","beyondwords_disabled":"","beyondwords_delete_content":"","beyondwords_podcast_id":"","beyondwords_hash":"","publish_post_to_speechkit":"","speechkit_hash":"","speechkit_generate_audio":"","speechkit_project_id":"","speechkit_podcast_id":"","speechkit_error_message":"","speechkit_disabled":"","speechkit_access_key":"","speechkit_error":"","speechkit_info":"","speechkit_response":"","speechkit_retries":"","speechkit_status":"","speechkit_updated_at":"","_speechkit_link":"","_speechkit_text":""},"categories":[13],"tags":[],"class_list":["post-7396","post","type-post","status-publish","format-standard","has-post-thumbnail","hentry","category-noutati"],"publishpress_future_action":{"enabled":false,"date":"2026-05-03 20:35:11","action":"change-status","newStatus":"draft","terms":[],"taxonomy":"category"},"publishpress_future_workflow_manual_trigger":{"enabledWorkflows":[]},"_links":{"self":[{"href":"https:\/\/www.nord-vest.ro\/en\/wp-json\/wp\/v2\/posts\/7396","targetHints":{"allow":["GET"]}}],"collection":[{"href":"https:\/\/www.nord-vest.ro\/en\/wp-json\/wp\/v2\/posts"}],"about":[{"href":"https:\/\/www.nord-vest.ro\/en\/wp-json\/wp\/v2\/types\/post"}],"author":[{"embeddable":true,"href":"https:\/\/www.nord-vest.ro\/en\/wp-json\/wp\/v2\/users\/1"}],"replies":[{"embeddable":true,"href":"https:\/\/www.nord-vest.ro\/en\/wp-json\/wp\/v2\/comments?post=7396"}],"version-history":[{"count":1,"href":"https:\/\/www.nord-vest.ro\/en\/wp-json\/wp\/v2\/posts\/7396\/revisions"}],"predecessor-version":[{"id":7398,"href":"https:\/\/www.nord-vest.ro\/en\/wp-json\/wp\/v2\/posts\/7396\/revisions\/7398"}],"wp:featuredmedia":[{"embeddable":true,"href":"https:\/\/www.nord-vest.ro\/en\/wp-json\/wp\/v2\/media\/7399"}],"wp:attachment":[{"href":"https:\/\/www.nord-vest.ro\/en\/wp-json\/wp\/v2\/media?parent=7396"}],"wp:term":[{"taxonomy":"category","embeddable":true,"href":"https:\/\/www.nord-vest.ro\/en\/wp-json\/wp\/v2\/categories?post=7396"},{"taxonomy":"post_tag","embeddable":true,"href":"https:\/\/www.nord-vest.ro\/en\/wp-json\/wp\/v2\/tags?post=7396"}],"curies":[{"name":"wp","href":"https:\/\/api.w.org\/{rel}","templated":true}]}}