{"id":7225,"date":"2018-04-03T14:57:28","date_gmt":"2018-04-03T11:57:28","guid":{"rendered":"http:\/\/www.nord-vest.ro\/?p=7225"},"modified":"2018-04-03T14:57:28","modified_gmt":"2018-04-03T11:57:28","slug":"prelungirea-termenului-de-depunere-a-proiectelor-pentru-infrastructura-de-invatamant-anteprescolar-si-prescolar","status":"publish","type":"post","link":"https:\/\/www.nord-vest.ro\/en\/prelungirea-termenului-de-depunere-a-proiectelor-pentru-infrastructura-de-invatamant-anteprescolar-si-prescolar\/","title":{"rendered":"Prelungirea termenului de depunere a proiectelor pentru infrastructura de \u00eenv\u0103\u021b\u0103m\u00e2nt antepre\u0219colar \u0219i pre\u0219colar"},"content":{"rendered":"<p>Cererile de finan\u021bare \u00een cadrul apelului de proiecte REGIO 2014-2020 dedicat \u00eenv\u0103\u021b\u0103m\u00e2ntului antrepre\u0219colar \u0219i pre\u0219colar pot fi depuse p\u00e2n\u0103 \u00een <strong>4 iulie 2018, ora 12. <\/strong>Termenul a fost prelungit prin <a href=\"http:\/\/www.nord-vest.ro\/wp-content\/uploads\/2018\/04\/ordin4437.pdf\">Ordinul Ministerului Dezvolt\u0103rii Regionale \u0219i Administra\u021biei Publice num\u0103rul 4437\/02.04.2018<\/a>, care modific\u0103 Ghidul specific\u00a0Axei prioritare 10 \u00cembun\u0103t\u0103\u021birea infrastructurii educa\u021bionale, Prioritate de investi\u021bii 10.1 Investi\u021biile \u00een educa\u021bie, \u0219i\u00a0 formare, inclusiv \u00een formare profesional\u0103, pentru dob\u00e2ndirea de competen\u021be \u0219i \u00eenv\u0103\u021bare pe tot parcursul vie\u021bii prin dezvoltarea infrastructurilor de educa\u021bie \u0219i formare\u00a0 Obiectiv Specific 10.1 Cre\u0219terea gradului de participare la nivelul educa\u0163iei timpurii \u015fi \u00eenv\u0103\u0163\u0103m\u00e2ntului obligatoriu, \u00een special pentru copii cu risc crescut de p\u0103r\u0103sire timpurie a sistemului, Apel dedicat \u00eenv\u0103\u0163\u0103m\u00e2ntului antepre\u015fcolar \u015fi pre\u015fcolar.<\/p>\n<p><a href=\"http:\/\/www.nord-vest.ro\/wp-content\/uploads\/2018\/04\/Sinteza-modificari_Martie_2018.doc\">Summary of changes<\/a><\/p>\n<p><a href=\"http:\/\/www.nord-vest.ro\/wp-content\/uploads\/2018\/04\/GS-10.1a_aprilie2018.zip\">Corrigendum aprilie 2018<\/a><\/p>\n<p>&nbsp;<\/p>","protected":false},"excerpt":{"rendered":"<p>Cererile de finan\u021bare \u00een cadrul apelului de proiecte REGIO 2014-2020 dedicat \u00eenv\u0103\u021b\u0103m\u00e2ntului antrepre\u0219colar \u0219i pre\u0219colar pot fi depuse p\u00e2n\u0103 \u00een 4 iulie 2018, ora 12. Termenul a fost prelungit prin Ordinul Ministerului Dezvolt\u0103rii Regionale \u0219i Administra\u021biei Publice num\u0103rul 4437\/02.04.2018, care modific\u0103 Ghidul specific\u00a0Axei prioritare 10 \u00cembun\u0103t\u0103\u021birea infrastructurii educa\u021bionale, Prioritate de investi\u021bii 10.1 Investi\u021biile \u00een educa\u021bie,&#8230;<\/p>","protected":false},"author":1,"featured_media":6660,"comment_status":"closed","ping_status":"closed","sticky":false,"template":"","format":"standard","meta":{"footnotes":"","beyondwords_generate_audio":"","beyondwords_project_id":"","beyondwords_content_id":"","beyondwords_preview_token":"","beyondwords_player_style":"","beyondwords_language_id":"","beyondwords_title_voice_id":"","beyondwords_body_voice_id":"","beyondwords_summary_voice_id":"","beyondwords_error_message":"","beyondwords_disabled":"","beyondwords_delete_content":"","beyondwords_podcast_id":"","beyondwords_hash":"","publish_post_to_speechkit":"","speechkit_hash":"","speechkit_generate_audio":"","speechkit_project_id":"","speechkit_podcast_id":"","speechkit_error_message":"","speechkit_disabled":"","speechkit_access_key":"","speechkit_error":"","speechkit_info":"","speechkit_response":"","speechkit_retries":"","speechkit_status":"","speechkit_updated_at":"","_speechkit_link":"","_speechkit_text":""},"categories":[116,13],"tags":[],"class_list":["post-7225","post","type-post","status-publish","format-standard","has-post-thumbnail","hentry","category-apeluri-regio-20142020","category-noutati"],"publishpress_future_action":{"enabled":false,"date":"2026-05-09 13:27:14","action":"change-status","newStatus":"draft","terms":[],"taxonomy":"category"},"publishpress_future_workflow_manual_trigger":{"enabledWorkflows":[]},"_links":{"self":[{"href":"https:\/\/www.nord-vest.ro\/en\/wp-json\/wp\/v2\/posts\/7225","targetHints":{"allow":["GET"]}}],"collection":[{"href":"https:\/\/www.nord-vest.ro\/en\/wp-json\/wp\/v2\/posts"}],"about":[{"href":"https:\/\/www.nord-vest.ro\/en\/wp-json\/wp\/v2\/types\/post"}],"author":[{"embeddable":true,"href":"https:\/\/www.nord-vest.ro\/en\/wp-json\/wp\/v2\/users\/1"}],"replies":[{"embeddable":true,"href":"https:\/\/www.nord-vest.ro\/en\/wp-json\/wp\/v2\/comments?post=7225"}],"version-history":[{"count":1,"href":"https:\/\/www.nord-vest.ro\/en\/wp-json\/wp\/v2\/posts\/7225\/revisions"}],"predecessor-version":[{"id":7229,"href":"https:\/\/www.nord-vest.ro\/en\/wp-json\/wp\/v2\/posts\/7225\/revisions\/7229"}],"wp:featuredmedia":[{"embeddable":true,"href":"https:\/\/www.nord-vest.ro\/en\/wp-json\/wp\/v2\/media\/6660"}],"wp:attachment":[{"href":"https:\/\/www.nord-vest.ro\/en\/wp-json\/wp\/v2\/media?parent=7225"}],"wp:term":[{"taxonomy":"category","embeddable":true,"href":"https:\/\/www.nord-vest.ro\/en\/wp-json\/wp\/v2\/categories?post=7225"},{"taxonomy":"post_tag","embeddable":true,"href":"https:\/\/www.nord-vest.ro\/en\/wp-json\/wp\/v2\/tags?post=7225"}],"curies":[{"name":"wp","href":"https:\/\/api.w.org\/{rel}","templated":true}]}}