{"id":7156,"date":"2018-03-23T12:48:15","date_gmt":"2018-03-23T10:48:15","guid":{"rendered":"http:\/\/www.nord-vest.ro\/?p=7156"},"modified":"2018-03-27T13:10:57","modified_gmt":"2018-03-27T10:10:57","slug":"sediile-ipj-cluj-si-dji-cluj-mai-eficiente-energetic-prin-regio-2014-2020","status":"publish","type":"post","link":"https:\/\/www.nord-vest.ro\/en\/sediile-ipj-cluj-si-dji-cluj-mai-eficiente-energetic-prin-regio-2014-2020\/","title":{"rendered":"Sediile IPJ Cluj \u0219i DJI Cluj, mai eficiente energetic prin REGIO 2014-2020"},"content":{"rendered":"<hr \/>\n<p>Primul contract de finan\u021bare prin Regio 2014-2020 pentru reabilitare termic\u0103 a unor<em>\u00a0<\/em>cl\u0103diri publice, din Regiunea Nord-Vest, a fost semnat ast\u0103zi, \u0219i se refer\u0103 la sediile Inspectoratului de Poli\u021bie Jude\u021bean Cluj \u0219i Direc\u021biei Jude\u021bene de Informa\u021bii Cluj de pe\u00a0strada Traian nr. 27, respectiv strada Decebal nr. 26.<\/p>\n<p>Proiectul \u00a0\u201e<em>Reabilitare,<\/em> <em>cre\u0219terea eficien\u021bei energetice, gestionarea eficient\u0103 a energiei la imobile existente corpurile C2 \u0219i C20, modific\u0103ri interioare, amenajare spa\u021bii de lucru \u00een pod existent (C2) amenajare incint\u0103 \u0219i refacere \u00eemprejmuire la I.P.J. \u0219i D.J.I. Cluj\u201c,\u00a0<\/em>finan\u021bat<em>\u00a0<\/em>\u00een cadrul Regio &#8211; Programul Opera\u0163ional Regional 2014-2020, Axa prioritar\u0103 3 \u2013 Sprijinirea tranzi\u0163iei c\u0103tre o economie cu emisii sc\u0103zute de carbon, Prioritatea de investi\u0163ie 3.1. \u2013 sprijinirea eficien\u0163ei energetice, a gestion\u0103rii inteligente a energiei din surse regenerabile \u00een infrastructurile publice, inclusiv \u00een cl\u0103dirile publice \u015fi \u00een sectorul de locuin\u0163e, Opera\u0163iunea B &#8211; Cl\u0103diri Publice, este unul strategic, av\u00e2nd ca \u015fi obiectiv cre\u015fterea eficien\u0163ei energetice \u015fi gestionarea eficient\u0103 a energiei pentru sediile celor dou\u0103 institu\u021bii beneficiare.<\/p>\n<p>Valoarea total\u0103 a proiectului este de 78.232.721 lei, din care\u00a045.561.171 lei reprezint\u0103 asisten\u021ba financiar\u0103 rambursabil\u0103. Investi\u021bia, realizat\u0103 pe o durat\u0103 de 36 de luni, urm\u0103re\u0219te at\u00e2t s\u0103\u00a0at\u00e2t cre\u0219terea calit\u0103\u021bii serviciului poli\u021bienesc, c\u00e2t \u0219i o serie de beneficii economice, sociale, asupra mediului, prin economiile f\u0103cute \u0219i prin \u00eembun\u0103t\u0103\u021birea esteticului unor cl\u0103diri aflate \u00een zona central\u0103 a ora\u0219ului.<\/p>\n<p>Lucr\u0103rile \u00eentreprinse vor consta \u00een\u00a0\u00eembun\u0103t\u0103\u021birea izola\u021biei termice a anvelopei cl\u0103dirii ,\u00a0reabilitarea \u0219i modernizarea instala\u021biilor pentru prepararea \u0219i transportul agentului termic pentru \u00eenc\u0103lzire, a apei calde menajere, a sistemelor de ventilare \u0219i climatizare, inclusiv sisteme de r\u0103cire pasiv\u0103, precum \u0219i achizi\u021bionarea \u0219i instalarea echipamentelor aferente, suplimentarea spa\u0163iilor de lucru pentru personalul celor dou\u0103 institu\u0163ii\u00a0. De asemenea, se are \u00een vedere\u00a0utilizarea surselor regenerabile de energie pentru asigurarea necesarului de energie termic\u0103,\u00a0utilizarea de instala\u0163ii panouri solare pentru prepararea apei calde de consum,\u00a0reabilitarea \u015fi modernizarea sistemelor de climatizare ventilare \u0219i\u00a0\u00eenlocuirea corpurilor de iluminat fluorescent \u0219i incandescent cu corpuri de iluminat cu eficien\u021b\u0103 energetic\u0103 ridicat\u0103 \u0219i durat\u0103 mare de via\u021b\u0103, prin tehnologia LED. \u00cen acela\u0219i timp, vor fi\u00a0implementate sisteme de management energetic, cu scopul de a \u00eembun\u0103t\u0103\u021bi eficien\u021ba energetice \u0219i a monitoriza consumurile de energie.<\/p>\n<p>&nbsp;<\/p>","protected":false},"excerpt":{"rendered":"<p>Primul contract de finan\u021bare prin Regio 2014-2020 pentru reabilitare termic\u0103 a unor\u00a0cl\u0103diri publice, din Regiunea Nord-Vest, a fost semnat ast\u0103zi, \u0219i se refer\u0103 la sediile Inspectoratului de Poli\u021bie Jude\u021bean Cluj \u0219i Direc\u021biei Jude\u021bene de Informa\u021bii Cluj de pe\u00a0strada Traian nr. 27, respectiv strada Decebal nr. 26. Proiectul \u00a0\u201eReabilitare, cre\u0219terea eficien\u021bei energetice, gestionarea eficient\u0103 a energiei&#8230;<\/p>","protected":false},"author":1,"featured_media":7163,"comment_status":"closed","ping_status":"closed","sticky":false,"template":"","format":"standard","meta":{"footnotes":"","beyondwords_generate_audio":"","beyondwords_project_id":"","beyondwords_content_id":"","beyondwords_preview_token":"","beyondwords_player_style":"","beyondwords_language_id":"","beyondwords_title_voice_id":"","beyondwords_body_voice_id":"","beyondwords_summary_voice_id":"","beyondwords_error_message":"","beyondwords_disabled":"","beyondwords_delete_content":"","beyondwords_podcast_id":"","beyondwords_hash":"","publish_post_to_speechkit":"","speechkit_hash":"","speechkit_generate_audio":"","speechkit_project_id":"","speechkit_podcast_id":"","speechkit_error_message":"","speechkit_disabled":"","speechkit_access_key":"","speechkit_error":"","speechkit_info":"","speechkit_response":"","speechkit_retries":"","speechkit_status":"","speechkit_updated_at":"","_speechkit_link":"","_speechkit_text":""},"categories":[13],"tags":[],"class_list":["post-7156","post","type-post","status-publish","format-standard","has-post-thumbnail","hentry","category-noutati"],"publishpress_future_action":{"enabled":false,"date":"2026-05-04 00:07:13","action":"change-status","newStatus":"draft","terms":[],"taxonomy":"category"},"publishpress_future_workflow_manual_trigger":{"enabledWorkflows":[]},"_links":{"self":[{"href":"https:\/\/www.nord-vest.ro\/en\/wp-json\/wp\/v2\/posts\/7156","targetHints":{"allow":["GET"]}}],"collection":[{"href":"https:\/\/www.nord-vest.ro\/en\/wp-json\/wp\/v2\/posts"}],"about":[{"href":"https:\/\/www.nord-vest.ro\/en\/wp-json\/wp\/v2\/types\/post"}],"author":[{"embeddable":true,"href":"https:\/\/www.nord-vest.ro\/en\/wp-json\/wp\/v2\/users\/1"}],"replies":[{"embeddable":true,"href":"https:\/\/www.nord-vest.ro\/en\/wp-json\/wp\/v2\/comments?post=7156"}],"version-history":[{"count":1,"href":"https:\/\/www.nord-vest.ro\/en\/wp-json\/wp\/v2\/posts\/7156\/revisions"}],"predecessor-version":[{"id":7158,"href":"https:\/\/www.nord-vest.ro\/en\/wp-json\/wp\/v2\/posts\/7156\/revisions\/7158"}],"wp:featuredmedia":[{"embeddable":true,"href":"https:\/\/www.nord-vest.ro\/en\/wp-json\/wp\/v2\/media\/7163"}],"wp:attachment":[{"href":"https:\/\/www.nord-vest.ro\/en\/wp-json\/wp\/v2\/media?parent=7156"}],"wp:term":[{"taxonomy":"category","embeddable":true,"href":"https:\/\/www.nord-vest.ro\/en\/wp-json\/wp\/v2\/categories?post=7156"},{"taxonomy":"post_tag","embeddable":true,"href":"https:\/\/www.nord-vest.ro\/en\/wp-json\/wp\/v2\/tags?post=7156"}],"curies":[{"name":"wp","href":"https:\/\/api.w.org\/{rel}","templated":true}]}}