{"id":5185,"date":"2017-07-10T14:03:04","date_gmt":"2017-07-10T11:03:04","guid":{"rendered":"http:\/\/www.nord-vest.ro\/?p=5185"},"modified":"2017-07-10T14:03:44","modified_gmt":"2017-07-10T11:03:44","slug":"salaj-a-saptea-editie-a-porolissum-fest-o-calatorie-istorica-intre-doua-lumi","status":"publish","type":"post","link":"https:\/\/www.nord-vest.ro\/en\/salaj-a-saptea-editie-a-porolissum-fest-o-calatorie-istorica-intre-doua-lumi\/","title":{"rendered":"S\u0103laj: A \u0219aptea edi\u021bie a &#8216;Porolissum Fest&#8217;, o c\u0103l\u0103torie istoric\u0103 &#8216;\u00eentre dou\u0103 lumi&#8217;"},"content":{"rendered":"<p>Nu ratati, weekendul 15-16 iulie 2017, la Porolissum!<\/p>\n<p>More details\u00a0<a href=\"https:\/\/www.agerpres.ro\/cultura\/2017\/07\/10\/salaj-a-saptea-editie-a-porolissum-fest-o-calatorie-istorica-intre-doua-lumi--11-11-44\" target=\"_blank\" rel=\"noopener\">https:\/\/www.agerpres.ro\/cultura\/2017\/07\/10\/salaj-a-saptea-editie-a-porolissum-fest-o-calatorie-istorica-intre-doua-lumi&#8211;11-11-44<\/a><\/p>","protected":false},"excerpt":{"rendered":"<p>Nu ratati, weekendul 15-16 iulie 2017, la Porolissum! Mai multe detalii\u00a0https:\/\/www.agerpres.ro\/cultura\/2017\/07\/10\/salaj-a-saptea-editie-a-porolissum-fest-o-calatorie-istorica-intre-doua-lumi&#8211;11-11-44<\/p>","protected":false},"author":1,"featured_media":5187,"comment_status":"closed","ping_status":"closed","sticky":false,"template":"","format":"standard","meta":{"footnotes":"","beyondwords_generate_audio":"","beyondwords_project_id":"","beyondwords_content_id":"","beyondwords_preview_token":"","beyondwords_player_style":"","beyondwords_language_id":"","beyondwords_title_voice_id":"","beyondwords_body_voice_id":"","beyondwords_summary_voice_id":"","beyondwords_error_message":"","beyondwords_disabled":"","beyondwords_delete_content":"","beyondwords_podcast_id":"","beyondwords_hash":"","publish_post_to_speechkit":"","speechkit_hash":"","speechkit_generate_audio":"","speechkit_project_id":"","speechkit_podcast_id":"","speechkit_error_message":"","speechkit_disabled":"","speechkit_access_key":"","speechkit_error":"","speechkit_info":"","speechkit_response":"","speechkit_retries":"","speechkit_status":"","speechkit_updated_at":"","_speechkit_link":"","_speechkit_text":""},"categories":[83,97,13],"tags":[],"class_list":["post-5185","post","type-post","status-publish","format-standard","has-post-thumbnail","hentry","category-evenimente","category-salaj","category-noutati"],"publishpress_future_action":{"enabled":false,"date":"2026-05-04 18:27:08","action":"change-status","newStatus":"draft","terms":[],"taxonomy":"category"},"publishpress_future_workflow_manual_trigger":{"enabledWorkflows":[]},"_links":{"self":[{"href":"https:\/\/www.nord-vest.ro\/en\/wp-json\/wp\/v2\/posts\/5185","targetHints":{"allow":["GET"]}}],"collection":[{"href":"https:\/\/www.nord-vest.ro\/en\/wp-json\/wp\/v2\/posts"}],"about":[{"href":"https:\/\/www.nord-vest.ro\/en\/wp-json\/wp\/v2\/types\/post"}],"author":[{"embeddable":true,"href":"https:\/\/www.nord-vest.ro\/en\/wp-json\/wp\/v2\/users\/1"}],"replies":[{"embeddable":true,"href":"https:\/\/www.nord-vest.ro\/en\/wp-json\/wp\/v2\/comments?post=5185"}],"version-history":[{"count":1,"href":"https:\/\/www.nord-vest.ro\/en\/wp-json\/wp\/v2\/posts\/5185\/revisions"}],"predecessor-version":[{"id":5186,"href":"https:\/\/www.nord-vest.ro\/en\/wp-json\/wp\/v2\/posts\/5185\/revisions\/5186"}],"wp:featuredmedia":[{"embeddable":true,"href":"https:\/\/www.nord-vest.ro\/en\/wp-json\/wp\/v2\/media\/5187"}],"wp:attachment":[{"href":"https:\/\/www.nord-vest.ro\/en\/wp-json\/wp\/v2\/media?parent=5185"}],"wp:term":[{"taxonomy":"category","embeddable":true,"href":"https:\/\/www.nord-vest.ro\/en\/wp-json\/wp\/v2\/categories?post=5185"},{"taxonomy":"post_tag","embeddable":true,"href":"https:\/\/www.nord-vest.ro\/en\/wp-json\/wp\/v2\/tags?post=5185"}],"curies":[{"name":"wp","href":"https:\/\/api.w.org\/{rel}","templated":true}]}}