{"id":4292,"date":"2017-04-04T15:01:02","date_gmt":"2017-04-04T12:01:02","guid":{"rendered":"http:\/\/www.nord-vest.ro\/?p=4292"},"modified":"2017-04-04T15:01:02","modified_gmt":"2017-04-04T12:01:02","slug":"care-sunt-rezultatele-pe-care-transilvaniadenord-le-a-inregistrat-in-domeniul-sanatatii-publice-si-al-serviciilor-sociale-in-cei-10-ani-de-la-aderarea-romaniei-la-uniunea-europeana","status":"publish","type":"post","link":"https:\/\/www.nord-vest.ro\/en\/care-sunt-rezultatele-pe-care-transilvaniadenord-le-a-inregistrat-in-domeniul-sanatatii-publice-si-al-serviciilor-sociale-in-cei-10-ani-de-la-aderarea-romaniei-la-uniunea-europeana\/","title":{"rendered":"What are the results that #TransilvaniadeNord recorded in the field of public health and social services in the 10 years since Romania&#039;s accession to the European Union?"},"content":{"rendered":"<p>What are the results that <a class=\"_58cn\" href=\"https:\/\/www.facebook.com\/hashtag\/transilvaniadenord\" data-ft=\"{&quot;tn&quot;:&quot;*N&quot;,&quot;type&quot;:104}\" target=\"_blank\" rel=\"noopener\">#Northern Transylvania<\/a>\u00a0registered them in the field of public health and social services in the 10 years since Romania&#039;s accession to the European Union?<br \/>\nIn the first 10 years since Romania has been a member of the European Union, important steps have been taken in Northern Transylvania to improve the quality of life:<br \/>\n<span class=\"_5mfr _47e3\"><img loading=\"lazy\" decoding=\"async\" class=\"img\" src=\"https:\/\/static.xx.fbcdn.net\/images\/emoji.php\/v8\/f7b\/1\/16\/1f3e5.png\" alt=\"\" width=\"16\" height=\"16\" \/><span class=\"_7oe\">\ud83c\udfe5<\/span><\/span> 14 were rehabilitated <a class=\"_58cn\" href=\"https:\/\/www.facebook.com\/hashtag\/spitale\" data-ft=\"{&quot;tn&quot;:&quot;*N&quot;,&quot;type&quot;:104}\" target=\"_blank\" rel=\"noopener\">#hospitals<\/a>, in which z benefits<span class=\"text_exposed_show\">ilnic of medical services, on average, 2816 people.<br \/>\n<span class=\"_5mfr _47e3\"><img loading=\"lazy\" decoding=\"async\" class=\"img\" src=\"https:\/\/static.xx.fbcdn.net\/images\/emoji.php\/v8\/fa9\/1\/16\/1f3ec.png\" alt=\"\" width=\"16\" height=\"16\" \/><span class=\"_7oe\">\ud83c\udfec<\/span><\/span> 30 were modernized <a class=\"_58cn\" href=\"https:\/\/www.facebook.com\/hashtag\/centre\" data-ft=\"{&quot;tn&quot;:&quot;*N&quot;,&quot;type&quot;:104}\" target=\"_blank\" rel=\"noopener\">#centres<\/a> <a class=\"_58cn\" href=\"https:\/\/www.facebook.com\/hashtag\/sociale\" data-ft=\"{&quot;tn&quot;:&quot;*N&quot;,&quot;type&quot;:104}\" target=\"_blank\" rel=\"noopener\">#social<\/a>, which support 3500 beneficiaries.<br \/>\nThe projects implemented and the positive results obtained confirm the major benefits of joining the EU and encourage the continuation of efforts for the good development of the region.<br \/>\n<a class=\"_58cn\" href=\"https:\/\/www.facebook.com\/hashtag\/10aniro%C3%AEnue\" data-ft=\"{&quot;tn&quot;:&quot;*N&quot;,&quot;type&quot;:104}\" target=\"_blank\" rel=\"noopener\">#10yearsROinEU<\/a> <a class=\"_58cn\" href=\"https:\/\/www.facebook.com\/hashtag\/s%C4%83n%C4%83tate\" data-ft=\"{&quot;tn&quot;:&quot;*N&quot;,&quot;type&quot;:104}\" target=\"_blank\" rel=\"noopener\">1TP4Health<\/a> <a class=\"_58cn\" href=\"https:\/\/www.facebook.com\/hashtag\/social\" data-ft=\"{&quot;tn&quot;:&quot;*N&quot;,&quot;type&quot;:104}\" target=\"_blank\" rel=\"noopener\">#social<\/a><\/span><\/p>\n<p><a ref=\"magnificPopup\" href=\"http:\/\/www.nord-vest.ro\/wp-content\/uploads\/2017\/04\/INFOGRAFIC-2-Aprilie-Koncylion.jpg\"><img loading=\"lazy\" decoding=\"async\" class=\"alignleft size-full wp-image-4293\" src=\"http:\/\/www.nord-vest.ro\/wp-content\/uploads\/2017\/04\/INFOGRAFIC-2-Aprilie-Koncylion.jpg\" alt=\"INFOGRAFIC 2 Aprilie - Koncylion\" width=\"2482\" height=\"2482\" srcset=\"https:\/\/www.nord-vest.ro\/wp-content\/uploads\/2017\/04\/INFOGRAFIC-2-Aprilie-Koncylion.jpg 2482w, https:\/\/www.nord-vest.ro\/wp-content\/uploads\/2017\/04\/INFOGRAFIC-2-Aprilie-Koncylion-300x300.jpg 300w, https:\/\/www.nord-vest.ro\/wp-content\/uploads\/2017\/04\/INFOGRAFIC-2-Aprilie-Koncylion-1024x1024.jpg 1024w, https:\/\/www.nord-vest.ro\/wp-content\/uploads\/2017\/04\/INFOGRAFIC-2-Aprilie-Koncylion-400x400.jpg 400w, https:\/\/www.nord-vest.ro\/wp-content\/uploads\/2017\/04\/INFOGRAFIC-2-Aprilie-Koncylion-12x12.jpg 12w, https:\/\/www.nord-vest.ro\/wp-content\/uploads\/2017\/04\/INFOGRAFIC-2-Aprilie-Koncylion-624x624.jpg 624w, https:\/\/www.nord-vest.ro\/wp-content\/uploads\/2017\/04\/INFOGRAFIC-2-Aprilie-Koncylion-279x279.jpg 279w, https:\/\/www.nord-vest.ro\/wp-content\/uploads\/2017\/04\/INFOGRAFIC-2-Aprilie-Koncylion-220x220.jpg 220w, https:\/\/www.nord-vest.ro\/wp-content\/uploads\/2017\/04\/INFOGRAFIC-2-Aprilie-Koncylion-225x225.jpg 225w, https:\/\/www.nord-vest.ro\/wp-content\/uploads\/2017\/04\/INFOGRAFIC-2-Aprilie-Koncylion-64x64.jpg 64w, https:\/\/www.nord-vest.ro\/wp-content\/uploads\/2017\/04\/INFOGRAFIC-2-Aprilie-Koncylion-70x70.jpg 70w\" sizes=\"auto, (max-width: 2482px) 100vw, 2482px\" \/><\/a><\/p>","protected":false},"excerpt":{"rendered":"<p>Care sunt rezultatele pe care #TransilvaniadeNord\u00a0le-a \u00eenregistrat \u00een domeniul s\u0103n\u0103t\u0103\u021bii publice \u0219i al serviciilor sociale \u00een cei 10 ani de la aderarea Rom\u00e2niei la Uniunea European\u0103? \u00cen primii 10 ani de c\u00e2nd Rom\u00e2nia este membr\u0103 a Uniunii Europene, \u00een Transilvania de Nord s-au f\u0103cut pa\u0219i importan\u021bi \u00een vederea \u00eembun\u0103t\u0103\u021birii calit\u0103\u021bii vie\u021bii: &#x1f3e5; Au fost reabilitate&#8230;<\/p>","protected":false},"author":1,"featured_media":4293,"comment_status":"closed","ping_status":"closed","sticky":false,"template":"","format":"standard","meta":{"footnotes":"","beyondwords_generate_audio":"","beyondwords_project_id":"","beyondwords_content_id":"","beyondwords_preview_token":"","beyondwords_player_style":"","beyondwords_language_id":"","beyondwords_title_voice_id":"","beyondwords_body_voice_id":"","beyondwords_summary_voice_id":"","beyondwords_error_message":"","beyondwords_disabled":"","beyondwords_delete_content":"","beyondwords_podcast_id":"","beyondwords_hash":"","publish_post_to_speechkit":"","speechkit_hash":"","speechkit_generate_audio":"","speechkit_project_id":"","speechkit_podcast_id":"","speechkit_error_message":"","speechkit_disabled":"","speechkit_access_key":"","speechkit_error":"","speechkit_info":"","speechkit_response":"","speechkit_retries":"","speechkit_status":"","speechkit_updated_at":"","_speechkit_link":"","_speechkit_text":""},"categories":[126,13],"tags":[],"class_list":["post-4292","post","type-post","status-publish","format-standard","has-post-thumbnail","hentry","category-dupa-10aniroinue-in-transilvaniadenord","category-noutati"],"publishpress_future_action":{"enabled":false,"date":"2026-05-03 09:15:37","action":"change-status","newStatus":"draft","terms":[],"taxonomy":"category"},"publishpress_future_workflow_manual_trigger":{"enabledWorkflows":[]},"_links":{"self":[{"href":"https:\/\/www.nord-vest.ro\/en\/wp-json\/wp\/v2\/posts\/4292","targetHints":{"allow":["GET"]}}],"collection":[{"href":"https:\/\/www.nord-vest.ro\/en\/wp-json\/wp\/v2\/posts"}],"about":[{"href":"https:\/\/www.nord-vest.ro\/en\/wp-json\/wp\/v2\/types\/post"}],"author":[{"embeddable":true,"href":"https:\/\/www.nord-vest.ro\/en\/wp-json\/wp\/v2\/users\/1"}],"replies":[{"embeddable":true,"href":"https:\/\/www.nord-vest.ro\/en\/wp-json\/wp\/v2\/comments?post=4292"}],"version-history":[{"count":1,"href":"https:\/\/www.nord-vest.ro\/en\/wp-json\/wp\/v2\/posts\/4292\/revisions"}],"predecessor-version":[{"id":4294,"href":"https:\/\/www.nord-vest.ro\/en\/wp-json\/wp\/v2\/posts\/4292\/revisions\/4294"}],"wp:featuredmedia":[{"embeddable":true,"href":"https:\/\/www.nord-vest.ro\/en\/wp-json\/wp\/v2\/media\/4293"}],"wp:attachment":[{"href":"https:\/\/www.nord-vest.ro\/en\/wp-json\/wp\/v2\/media?parent=4292"}],"wp:term":[{"taxonomy":"category","embeddable":true,"href":"https:\/\/www.nord-vest.ro\/en\/wp-json\/wp\/v2\/categories?post=4292"},{"taxonomy":"post_tag","embeddable":true,"href":"https:\/\/www.nord-vest.ro\/en\/wp-json\/wp\/v2\/tags?post=4292"}],"curies":[{"name":"wp","href":"https:\/\/api.w.org\/{rel}","templated":true}]}}