{"id":4095,"date":"2017-03-14T15:08:11","date_gmt":"2017-03-14T13:08:11","guid":{"rendered":"http:\/\/www.nord-vest.ro\/?p=4095"},"modified":"2019-06-20T11:53:34","modified_gmt":"2019-06-20T08:53:34","slug":"10-ani-de-uniunea-europeana-in-transilvaniadenord-10aniroinue","status":"publish","type":"post","link":"https:\/\/www.nord-vest.ro\/en\/10-ani-de-uniunea-europeana-in-transilvaniadenord-10aniroinue\/","title":{"rendered":"Education after #10 yearsROinUE in #TransilvaniaDeNord"},"content":{"rendered":"<p class=\"General\"><span lang=\"EN-US\">What did the 10 years of membership of the European Union bring in <a href=\"https:\/\/www.facebook.com\/hashtag\/transilvaniadenord?source=feed_text&amp;story_id=1275567329155616\" target=\"_blank\" rel=\"noopener\">#TransylvaniaDeNord<\/a>? #10yearsROinUE<\/span><\/p>\n<p class=\"General\"><span lang=\"EN-US\">In the first 10 years since Romania became a member of the European Union, 2 university campuses and 63 schools were rehabilitated in Northern Transylvania. In total, more than 24,000 young people have benefited from these investments. Therefore, the results of the first 10 years confirm the beneficial impact of EU accession and encourage a better mobilization of available resources for investment in education. Because investing in education is the first step towards sustainable development.<\/span><\/p>\n<p class=\"General\"><a ref=\"magnificPopup\" href=\"http:\/\/www.nord-vest.ro\/wp-content\/uploads\/2017\/03\/INFOGRAFIC-1-f-KONCYLION.jpg\"><img loading=\"lazy\" decoding=\"async\" class=\"alignleft size-full wp-image-4110\" src=\"http:\/\/www.nord-vest.ro\/wp-content\/uploads\/2017\/03\/INFOGRAFIC-1-f-KONCYLION.jpg\" alt=\"Educatie\" width=\"2482\" height=\"2482\" srcset=\"https:\/\/www.nord-vest.ro\/wp-content\/uploads\/2017\/03\/INFOGRAFIC-1-f-KONCYLION.jpg 2482w, https:\/\/www.nord-vest.ro\/wp-content\/uploads\/2017\/03\/INFOGRAFIC-1-f-KONCYLION-300x300.jpg 300w, https:\/\/www.nord-vest.ro\/wp-content\/uploads\/2017\/03\/INFOGRAFIC-1-f-KONCYLION-1024x1024.jpg 1024w, https:\/\/www.nord-vest.ro\/wp-content\/uploads\/2017\/03\/INFOGRAFIC-1-f-KONCYLION-400x400.jpg 400w, https:\/\/www.nord-vest.ro\/wp-content\/uploads\/2017\/03\/INFOGRAFIC-1-f-KONCYLION-12x12.jpg 12w, https:\/\/www.nord-vest.ro\/wp-content\/uploads\/2017\/03\/INFOGRAFIC-1-f-KONCYLION-624x624.jpg 624w, https:\/\/www.nord-vest.ro\/wp-content\/uploads\/2017\/03\/INFOGRAFIC-1-f-KONCYLION-279x279.jpg 279w, https:\/\/www.nord-vest.ro\/wp-content\/uploads\/2017\/03\/INFOGRAFIC-1-f-KONCYLION-220x220.jpg 220w, https:\/\/www.nord-vest.ro\/wp-content\/uploads\/2017\/03\/INFOGRAFIC-1-f-KONCYLION-225x225.jpg 225w, https:\/\/www.nord-vest.ro\/wp-content\/uploads\/2017\/03\/INFOGRAFIC-1-f-KONCYLION-64x64.jpg 64w, https:\/\/www.nord-vest.ro\/wp-content\/uploads\/2017\/03\/INFOGRAFIC-1-f-KONCYLION-70x70.jpg 70w\" sizes=\"auto, (max-width: 2482px) 100vw, 2482px\" \/><\/a><\/p>\n<p class=\"General\"><span lang=\"EN-US\">&nbsp;<\/span><\/p>\n<p class=\"General\">","protected":false},"excerpt":{"rendered":"<p>Ce au adus cei 10 ani de apartenen\u021b\u0103 la Uniunea European\u0103 \u00een #TransilvaniaDeNord?&nbsp;#10aniROinUE In primii 10 ani de c\u00e2nd Rom\u00e2nia este membr\u0103 a Uniunii Europene, \u00een Transilvania de Nord au fost reabilitate 2 campusuri universitare \u0219i 63 de \u0219coli. \u00cen total, peste 24.000 de tineri au beneficiat de pe urma acestor investi\u021bii.&nbsp;Prin urmare, rezultatele din&#8230;<\/p>","protected":false},"author":1,"featured_media":4110,"comment_status":"closed","ping_status":"closed","sticky":false,"template":"","format":"standard","meta":{"footnotes":"","beyondwords_generate_audio":"","beyondwords_project_id":"","beyondwords_content_id":"","beyondwords_preview_token":"","beyondwords_player_style":"","beyondwords_language_id":"","beyondwords_title_voice_id":"","beyondwords_body_voice_id":"","beyondwords_summary_voice_id":"","beyondwords_error_message":"","beyondwords_disabled":"","beyondwords_delete_content":"","beyondwords_podcast_id":"","beyondwords_hash":"","publish_post_to_speechkit":"","speechkit_hash":"","speechkit_generate_audio":"","speechkit_project_id":"","speechkit_podcast_id":"","speechkit_error_message":"","speechkit_disabled":"","speechkit_access_key":"","speechkit_error":"","speechkit_info":"","speechkit_response":"","speechkit_retries":"","speechkit_status":"","speechkit_updated_at":"","_speechkit_link":"","_speechkit_text":""},"categories":[126,13],"tags":[],"class_list":["post-4095","post","type-post","status-publish","format-standard","has-post-thumbnail","hentry","category-dupa-10aniroinue-in-transilvaniadenord","category-noutati"],"publishpress_future_action":{"enabled":false,"date":"2026-05-04 01:38:29","action":"change-status","newStatus":"draft","terms":[],"taxonomy":"category"},"publishpress_future_workflow_manual_trigger":{"enabledWorkflows":[]},"_links":{"self":[{"href":"https:\/\/www.nord-vest.ro\/en\/wp-json\/wp\/v2\/posts\/4095","targetHints":{"allow":["GET"]}}],"collection":[{"href":"https:\/\/www.nord-vest.ro\/en\/wp-json\/wp\/v2\/posts"}],"about":[{"href":"https:\/\/www.nord-vest.ro\/en\/wp-json\/wp\/v2\/types\/post"}],"author":[{"embeddable":true,"href":"https:\/\/www.nord-vest.ro\/en\/wp-json\/wp\/v2\/users\/1"}],"replies":[{"embeddable":true,"href":"https:\/\/www.nord-vest.ro\/en\/wp-json\/wp\/v2\/comments?post=4095"}],"version-history":[{"count":4,"href":"https:\/\/www.nord-vest.ro\/en\/wp-json\/wp\/v2\/posts\/4095\/revisions"}],"predecessor-version":[{"id":10749,"href":"https:\/\/www.nord-vest.ro\/en\/wp-json\/wp\/v2\/posts\/4095\/revisions\/10749"}],"wp:featuredmedia":[{"embeddable":true,"href":"https:\/\/www.nord-vest.ro\/en\/wp-json\/wp\/v2\/media\/4110"}],"wp:attachment":[{"href":"https:\/\/www.nord-vest.ro\/en\/wp-json\/wp\/v2\/media?parent=4095"}],"wp:term":[{"taxonomy":"category","embeddable":true,"href":"https:\/\/www.nord-vest.ro\/en\/wp-json\/wp\/v2\/categories?post=4095"},{"taxonomy":"post_tag","embeddable":true,"href":"https:\/\/www.nord-vest.ro\/en\/wp-json\/wp\/v2\/tags?post=4095"}],"curies":[{"name":"wp","href":"https:\/\/api.w.org\/{rel}","templated":true}]}}