{"id":34867,"date":"2026-09-01T15:50:26","date_gmt":"2026-09-01T12:50:26","guid":{"rendered":"https:\/\/www.nord-vest.ro\/?p=34867"},"modified":"2026-09-01T17:34:23","modified_gmt":"2026-09-01T14:34:23","slug":"expert-tehnic-in-cadrul-departamentului-specializare-inteligenta-ajutor-de-stat-si-instrumente-financiare-inovative","status":"publish","type":"post","link":"https:\/\/www.nord-vest.ro\/en\/expert-tehnic-in-cadrul-departamentului-specializare-inteligenta-ajutor-de-stat-si-instrumente-financiare-inovative\/","title":{"rendered":"Expert tehnic \u00een cadrul Departamentului Specializare Inteligent\u0103, Ajutor de Stat \u0219i Instrumente Financiare Inovative"},"content":{"rendered":"<section class=\"l-section wpb_row height_small\"><div class=\"l-section-h i-cf\"><div class=\"g-cols vc_row via_grid cols_1 laptops-cols_inherit tablets-cols_inherit mobiles-cols_1 valign_top type_default stacking_default\"><div class=\"wpb_column vc_column_container\"><div class=\"vc_column-inner\"><div class=\"wpb_text_column\"><div class=\"wpb_wrapper\"><p style=\"text-align: justify;\"><strong>A.D.R. Nord-Vest scoate la concurs<\/strong> un post vacant de Expert tehnic \u00een cadrul Departamentului Specializare Inteligent\u0103, Ajutor de Stat \u0219i Instrumente Financiare Inovative\/ Direc\u021bia Gestionare, Monitorizare \u0219i Evaluare Program\/ DAMPRNV 2021-2027, pe perioad\u0103 determinat\u0103 de 24 luni, cu norm\u0103 \u00eentreag\u0103.<\/p>\n<\/div><\/div><div class=\"wpb_text_column\"><div class=\"wpb_wrapper\"><p style=\"text-align: justify;\"><strong>Responsabilit\u0103\u021bi cheie \/ Atribu\u021bii<\/strong>:<\/p>\n<ul style=\"text-align: justify;\">\n<li>Contribuie la elaborarea \u0219i monitorizarea schemelor de ajutor de stat de la nivelul ADR Nord-Vest;<\/li>\n<li>Contribuie la elaborarea \u0219i actualizarea Ghidurilor solicitantului pentru viitoarele interven\u021bii derulate prin structuri ale ADR Nord-Vest;<\/li>\n<li>Contribuie la preg\u0103tirile specifice pentru urm\u0103toarea perioad\u0103 de programare, \u00een special pentru obiectivul de politic\u0103 1 \u2013 O Europ\u0103 mai inteligent\u0103 \u2013 prin inovare, digitalizare, transformare economic\u0103 \u0219i sprijinirea \u00eentreprinderilor mici \u0219i mijlocii;<\/li>\n<li>Colaboreaz\u0103 la actualizarea, dezvoltarea \u0219i implementarea strategiei de Specializare Inteligent\u0103 la nivelul regiunii, conform prevederilor legale, \u0219i supunerea acesteia spre aprobare Consiliului de Dezvoltare Regional\u0103;<\/li>\n<li>Asigur\u0103 rela\u021bia cu MIPE, MCID cu structurile de specialitate ale Comisiei Europene \u0219i cu alte organiza\u021bii, dup\u0103 caz, pentru elaborarea \u0219i actualizarea strategiei de Specializare Inteligent\u0103 \u0219i implementarea strategiei acesteia la nivelul regiunii \u00een conformitate cu obiectivele specifice aprobate de Consiliul pentru Dezvoltare Regional\u0103.<\/li>\n<li>Sprijin\u0103 dialogul dintre ecosistemul antreprenorial din regiune, si ecosistemul de cercetare si inovare, dar \u0219i cu ceilal\u021bi actori din cadrul quadruple helix-ului (autorit\u0103ti publice, ONG-uri) pentru derularea atelierelor de descoperire antreprenorial\u0103;<\/li>\n<\/ul>\n<p style=\"text-align: justify;\"><strong><u>Requirements:<\/u><\/strong><\/p>\n<p style=\"text-align: justify;\"><strong><em>Education and qualifications<\/em><\/strong><em>: <\/em><\/p>\n<p style=\"text-align: justify;\">Studii superioare absolvite cu diplom\u0103 de licen\u021b\u0103 \u00een urm\u0103toarele domenii fundamentale\/ramuri de \u0219tiinte, a\u015fa cum sunt prev\u0103zute \u00een HG nr. 412\/2025: \u201e\u015etiin\u0163e sociale\u201d \u201e\u015etiin\u0163e inginere\u015fti\u201d.<\/p>\n<p style=\"text-align: justify;\"><strong><em>The experience:<\/em><\/strong><\/p>\n<p style=\"text-align: justify;\">Minimum 2 ani experien\u0163\u0103 \u00eentr-o pozi\u021bie care presupune studii superioare.<\/p>\n<p style=\"text-align: justify;\"><strong><em>Abilit\u0103\u0163i \u015fi competen\u0163e:<\/em><\/strong><\/p>\n<ul style=\"text-align: justify;\">\n<li>Abilit\u0103\u021bi analitice \u0219i capacitate de sintez\u0103 a informa\u021biilor financiare;<\/li>\n<li>Cuno\u0219tin\u021be de economie, dezvoltare regional\u0103;<\/li>\n<li>Cuno\u015ftin\u0163e despre managementul de proiect;<\/li>\n<li>G\u00e2ndire critic\u0103 dezvoltat\u0103;<\/li>\n<li>Capacitate de sintez\u0103 \u0219i structurare a unor volume mari de informa\u021bii;<\/li>\n<li>Adaptabilitate la sarcini de lucru schimb\u0103toare, la situa\u021bii de criza;<\/li>\n<li>Cuno\u0219tin\u021be bune de utilizare a pachetului MS Office \u0219i a platformelor digitale de comunicare.<\/li>\n<li>Abilit\u0103\u0163i de comunicare formal\u0103 \u015fi informal\u0103;<\/li>\n<li>Organizare, un flux propriu de lucru adaptabil.<\/li>\n<li>Cuno\u0219tin\u021be de limba englez\u0103, nivel minim B2.<\/li>\n<\/ul>\n<p style=\"text-align: justify;\">Apreciem: Ini\u021biativa, capacitatea de adaptare, rezisten\u021ba la stres, r\u0103bdarea, diploma\u021bia, responsabilitatea, capacitatea de concentrare, aten\u021bia \u0219i spiritul de echip\u0103.<\/p>\n<p style=\"text-align: justify;\"><strong>Beneficii<\/strong>: pachet salarial atractiv,\u00a0 tichete de mas\u0103,\u00a0 pachet de servicii \u00a0medicale, mediu de lucru profesional \u0219i competitiv, condi\u021bii de munc\u0103 la standarde \u00eenalte, posibilit\u0103\u021bi crescute de dezvoltare profesional\u0103.<\/p>\n<p style=\"text-align: justify;\"><strong><u>Bibliography for the competition:<\/u><\/strong><\/p>\n<ul>\n<li style=\"text-align: justify;\"><strong>Legea nr. 315\/2004<\/strong> privind dezvoltarea regional\u0103 \u00een Rom\u00e2nia actualizat\u0103;<\/li>\n<li style=\"text-align: justify;\"><strong>Capitolul 5 &#8211; Strategia de Specializare Inteligent\u0103 a Regiunii de Dezvoltare Nord-Vest \u2013 RIS3 NV <\/strong>(<a href=\"https:\/\/www.nord-vest.ro\/wp-content\/uploads\/2020\/09\/RIS3NV-2021-2027_200914.pdf\">https:\/\/www.nord-vest.ro\/wp-content\/uploads\/2020\/09\/RIS3NV-2021-2027_200914.pdf<\/a> )<\/li>\n<li style=\"text-align: justify;\"><strong>Capitolul 5, 8.2 si 8.3 GHID PRIVIND AJUTORUL DE STAT &#8211; <\/strong>MANUAL DE CURS &#8211; <a href=\"http:\/\/www.ajutordestat.ro\/wp-content\/uploads\/2020\/02\/GHID-PRIVIND-AJUTORUL-DE-STAT_1140ro.pdf\" target=\"_blank\" rel=\"noopener\">http:\/\/www.ajutordestat.ro\/wp-content\/uploads\/2020\/02\/GHID-PRIVIND-AJUTORUL-DE-STAT_1140ro.pdf<\/a><\/li>\n<\/ul>\n<\/div><\/div><div class=\"wpb_text_column\"><div class=\"wpb_wrapper\"><p style=\"text-align: justify;\"><strong><u>Organizational information:<\/u><\/strong><\/p>\n<ul style=\"text-align: justify;\">\n<li>Anun\u0163ul privind concursul organizat va fi transmis la AJOFM \u0219i va fi postat pe site-ul ADR Nord-Vest, pe un site specializat \u00een recrutare \u0219i pe paginile de Facebook \u015fi LinkedIn ale agen\u021biei \u00een data de <strong>01.09.2026<\/strong>.<\/li>\n<li>Persoanele interesate, care \u00eentrunesc cerin\u0163ele obligatorii specificate, vor transmite p\u00e2n\u0103 \u00een data de <strong>15.09.2026<\/strong>, ora 16.00 urm\u0103toarele documente, \u00een Limba Rom\u00e2n\u0103, pe email la adresa <a href=\"\/en\/resurse.umane@nord-vest.ro\/\">resurse.umane@nord-vest.ro<\/a> :\n<ul style=\"text-align: justify;\">\n<li>copy of identity document;<\/li>\n<li>CV dated and signed;<\/li>\n<li>the letter of intent with the date of submission and signature;<\/li>\n<li>copies according to study documents;<\/li>\n<li>copii dup\u0103 documentele care atest\u0103 experien\u0163a profesional\u0103 (conform cerin\u0163elor);<\/li>\n<li>copies of any official legal documents, relevant to prove training\/certifications and\/or acquired knowledge (signed and with registration number);<\/li>\n<li>the criminal record (valid for 6 months from the date of issue) or declaration on your own responsibility that there are no entries in the criminal record.<\/li>\n<\/ul>\n<\/li>\n<\/ul>\n<ul style=\"text-align: justify;\">\n<li>Comunicarea rezultatelor privind eligibilitatea candida\u021bilor se va face telefonic \u0219i\/sau pe email p\u00e2n\u0103 la data <strong>17.09.2026<\/strong>, p\u00e2n\u0103 la ora 16.00; candida\u021bii care \u00eentrunesc cerin\u0163ele obligatorii ale postului vor fi invita\u021bi s\u0103 se prezinte la proba scris\u0103.<\/li>\n<\/ul>\n<ul style=\"text-align: justify;\">\n<li>Proba scris\u0103 (testare scris\u0103 a cuno\u015ftin\u0163elor din domeniul de specialitate conform bibliografiei \u0219i Testul de Limba Englez\u0103) se va desf\u0103\u015fura la sediul secundar al A.D.R. Nord-Vest de la adresa din Cluj-Napoca, str. Donath nr. 53 A, Cluj \u00een data de <strong>22.09.2026<\/strong>, \u00eencep\u00e2nd cu ora 10.00. Durata examin\u0103rii este \u00een medie de 2 ore.<\/li>\n<\/ul>\n<ul style=\"text-align: justify;\">\n<li>Comunicarea rezultatelor ob\u0163inute la proba scris\u0103 se va face telefonic \u0219i\/sau pe email p\u00e2n\u0103 la data de <strong>24.09.2026,<\/strong> ora 16:00.<\/li>\n<\/ul>\n<ul>\n<li style=\"text-align: justify;\">Interviurile de selec\u0163ie se vor desf\u0103\u015fura \u00een data de <strong>29.09.2026<\/strong>, la ora comunicat\u0103 de c\u0103tre comisie, la sediul secundar al A.D.R. Nord-Vest de la adresa din Cluj-Napoca, str. Donath nr. 53 A, Jud. Cluj. La interviul de selec\u0163ie vor participa doar candida\u0163ii care au ob\u0163inut punctajul minim necesar pentru promovarea \u00een etapa de interviu.<\/li>\n<li style=\"text-align: justify;\">Comunicarea rezultatelor ob\u0163inute la interviul de selec\u0163ie \u015fi respectiv rezultatele finale ale concursului se va face p\u00e2n\u0103 la data de <strong>01.10.2026<\/strong>, dup\u0103 finalizarea lucr\u0103rilor comisiei de recrutare \u015fi selec\u0163ie.<\/li>\n<\/ul>\n<\/div><\/div><\/div><\/div><\/div><\/div><\/section>","protected":false},"excerpt":{"rendered":"A.D.R. Nord-Vest scoate la concurs un post vacant de Expert tehnic \u00een cadrul Departamentului Specializare Inteligent\u0103, Ajutor de Stat \u0219i Instrumente Financiare Inovative\/ Direc\u021bia Gestionare, Monitorizare \u0219i Evaluare Program\/ DAMPRNV 2021-2027, pe perioad\u0103 determinat\u0103 de 24 luni, cu norm\u0103 \u00eentreag\u0103. Responsabilit\u0103\u021bi cheie \/ Atribu\u021bii: Contribuie la elaborarea \u0219i monitorizarea schemelor de ajutor de stat de...","protected":false},"author":42,"featured_media":34868,"comment_status":"closed","ping_status":"closed","sticky":false,"template":"","format":"standard","meta":{"footnotes":"","beyondwords_generate_audio":"0","beyondwords_integration_method":"","beyondwords_project_id":"","beyondwords_content_id":"","beyondwords_preview_token":"","beyondwords_player_content":"","beyondwords_player_style":"standard","beyondwords_language_code":"","beyondwords_language_id":"","beyondwords_title_voice_id":"","beyondwords_body_voice_id":"","beyondwords_summary_voice_id":"","beyondwords_error_message":"","beyondwords_disabled":"","beyondwords_delete_content":"","beyondwords_podcast_id":"","beyondwords_hash":"","publish_post_to_speechkit":"","speechkit_hash":"","speechkit_generate_audio":"","speechkit_project_id":"","speechkit_podcast_id":"","speechkit_error_message":"","speechkit_disabled":"","speechkit_access_key":"","speechkit_error":"","speechkit_info":"","speechkit_response":"","speechkit_retries":"","speechkit_status":"","speechkit_updated_at":"","_speechkit_link":"","_speechkit_text":""},"categories":[120,279],"tags":[],"class_list":["post-34867","post","type-post","status-publish","format-standard","has-post-thumbnail","hentry","category-cariera","category-cariera-2"],"publishpress_future_action":{"enabled":true,"date":"2026-09-15 16:00:00","action":"change-status","newStatus":"private","terms":[0],"taxonomy":"category","extraData":[]},"publishpress_future_workflow_manual_trigger":{"enabledWorkflows":[]},"_links":{"self":[{"href":"https:\/\/www.nord-vest.ro\/en\/wp-json\/wp\/v2\/posts\/34867","targetHints":{"allow":["GET"]}}],"collection":[{"href":"https:\/\/www.nord-vest.ro\/en\/wp-json\/wp\/v2\/posts"}],"about":[{"href":"https:\/\/www.nord-vest.ro\/en\/wp-json\/wp\/v2\/types\/post"}],"author":[{"embeddable":true,"href":"https:\/\/www.nord-vest.ro\/en\/wp-json\/wp\/v2\/users\/42"}],"replies":[{"embeddable":true,"href":"https:\/\/www.nord-vest.ro\/en\/wp-json\/wp\/v2\/comments?post=34867"}],"version-history":[{"count":2,"href":"https:\/\/www.nord-vest.ro\/en\/wp-json\/wp\/v2\/posts\/34867\/revisions"}],"predecessor-version":[{"id":34870,"href":"https:\/\/www.nord-vest.ro\/en\/wp-json\/wp\/v2\/posts\/34867\/revisions\/34870"}],"wp:featuredmedia":[{"embeddable":true,"href":"https:\/\/www.nord-vest.ro\/en\/wp-json\/wp\/v2\/media\/34868"}],"wp:attachment":[{"href":"https:\/\/www.nord-vest.ro\/en\/wp-json\/wp\/v2\/media?parent=34867"}],"wp:term":[{"taxonomy":"category","embeddable":true,"href":"https:\/\/www.nord-vest.ro\/en\/wp-json\/wp\/v2\/categories?post=34867"},{"taxonomy":"post_tag","embeddable":true,"href":"https:\/\/www.nord-vest.ro\/en\/wp-json\/wp\/v2\/tags?post=34867"}],"curies":[{"name":"wp","href":"https:\/\/api.w.org\/{rel}","templated":true}]}}