{"id":33042,"date":"2025-12-09T12:31:16","date_gmt":"2025-12-09T10:31:16","guid":{"rendered":"https:\/\/www.nord-vest.ro\/instructiunea-nr-55-09-12-2025-privind-suspendarea-activitatii-pentru-autoritatea-de-management-a-programului-regional-nord-vest-2021-2027-in-perioada-25-12-2025-07-01-2026\/"},"modified":"2025-12-09T12:31:16","modified_gmt":"2025-12-09T10:31:16","slug":"instructiunea-nr-55-09-12-2025-privind-suspendarea-activitatii-pentru-autoritatea-de-management-a-programului-regional-nord-vest-2021-2027-in-perioada-25-12-2025-07-01-2026","status":"publish","type":"post","link":"https:\/\/www.nord-vest.ro\/en\/instructiunea-nr-55-09-12-2025-privind-suspendarea-activitatii-pentru-autoritatea-de-management-a-programului-regional-nord-vest-2021-2027-in-perioada-25-12-2025-07-01-2026\/","title":{"rendered":"INSTRUC\u021aIUNEA Nr. 55\/09.12.2025  privind suspendarea activit\u0103\u021bii pentru Autoritatea de Management a Programului Regional Nord-Vest 2021-2027 \u00een perioada 25.12.2025 \u2013 07.01.2026"},"content":{"rendered":"<section class=\"l-section wpb_row height_small\">\n<div class=\"l-section-h i-cf\">\n<div class=\"g-cols via_grid cols_2-1 laptops-cols_inherit tablets-cols_inherit mobiles-cols_1 valign_top type_default\">\n<div class=\"wpb_column vc_column_container\">\n<div class=\"vc_column-inner\">\n<div class=\"wpb_text_column\">\n<div class=\"wpb_wrapper\">\n<p>Av\u00e2nd \u00een vedere prevederile:<\/p>\n<ul>\n<li>Legii nr. 315\/2004 privind dezvoltarea regional\u0103 \u00een Rom\u00e2nia, cu modific\u0103rile \u0219i complet\u0103rile ulterioare;<\/li>\n<li>Ordonan\u021bei de Urgen\u0163\u0103 nr. 122\/2020 privind unele m\u0103suri pentru asigurarea eficientiz\u0103rii procesului decizional al fondurilor externe nerambursabile destinate dezvolt\u0103rii regionale \u00een Rom\u00e2nia, cu modific\u0103rile \u0219i complet\u0103rile ulterioare;<\/li>\n<li>Legii nr. 277\/2021 pentru aprobarea Ordonan\u0163ei de urgen\u0163\u0103 a Guvernului nr. 122\/2020 privind unele m\u0103suri pentru asigurarea eficientiz\u0103rii procesului decizional al fondurilor externe nerambursabile destinate dezvolt\u0103rii regionale \u00een Rom\u00e2nia;<\/li>\n<li>Deciziei de punere \u00een aplicare a Comisiei C(2024) 8493 de modificare a Deciziei de punere \u00een aplicare a Comisiei C(2022) 7386 din 11.10.2022 de aprobare a Programului Regional Nord-Vest;<\/li>\n<li>Procedurilor opera\u021bionale pentru activit\u0103\u021bile specifice de la nivelul Autorit\u0103\u021bii de Management pentru Programul Regional Nord-Vest 2021-2027;<\/li>\n<li>Ghidurilor solicitantului de finan\u021bare pentru apelurile de proiecte lansate \u00een cadrul Programului Regional Nord-Vest 2021 \u2013 2027;<\/li>\n<li>Regulamentului UE nr. 1060\/2021 al Parlamentului European \u0219i al Consiliului de stabilire a unor dispozi\u021bii comune privind Fondul european de dezvoltare regional\u0103, Fondul social european plus, Fondul de coeziune \u0219i Fondul european pentru pescuit \u0219i afaceri maritime, \u0219i de instituire a unor norme financiare aplicabile acestor fonduri, precum \u0219i Fondului pentru azil \u0219i migra\u021bie, Fondului pentru securitate intern\u0103 \u0219i Instrumentului pentru managementul frontierelor \u0219i politica de vize;<\/li>\n<li>Codul Muncii, adoptat prin Legea nr. 53\/2003 modificat\u0103 \u0219i completat\u0103;<\/li>\n<li>Codul administrativ, adoptat prin OUG nr. 57\/2019 modificat \u0219i completat.<\/li>\n<\/ul>\n<\/div>\n<\/div>\n<\/div>\n<\/div>\n<div class=\"wpb_column vc_column_container\">\n<div class=\"vc_column-inner\">\n<div class=\"w-image align_none\">\n<div class=\"w-image-h\"><img loading=\"lazy\" decoding=\"async\" width=\"1286\" height=\"1207\" src=\"https:\/\/regionordvest.ro\/wp-content\/uploads\/2025\/12\/INSTRUCTIUNEA-55-SUSPENDARE-ACTIVITATE-AM.jpg\" class=\"attachment-full size-full\" alt=\"\" \/><\/div>\n<\/div>\n<\/div>\n<\/div>\n<\/div>\n<\/div>\n<\/section>\n<section class=\"l-section wpb_row height_small\">\n<div class=\"l-section-h i-cf\">\n<div class=\"g-cols via_grid cols_1 laptops-cols_inherit tablets-cols_inherit mobiles-cols_1 valign_top type_default\">\n<div class=\"wpb_column vc_column_container\">\n<div class=\"vc_column-inner\">\n<div class=\"wpb_text_column\">\n<div class=\"wpb_wrapper\">\n<p>DIREC\u021aIA AUTORITATEA DE MANAGEMENT PENTRU PROGRAMUL REGIONAL NORD-VEST 2021-2027 emite urm\u0103toarea:<\/p>\n<p><strong>INSTRUC\u021aIUNE<\/strong><\/p>\n<p><strong>Articolul 1 \u2013 <\/strong>\u00cen perioada 25.12.2025 \u2013 07.01.2026 se suspend\u0103 \u00eentrega activitate a Autorit\u0103\u021bii de Management pentru Programul Regional Nord-Vest 2021-2027 pentru toate structurile acesteia (Birou Verificare Asisten\u021b\u0103 Tehnic\u0103; Compartiment Nereguli \u0219i Monitorizare M\u0103suri Audit; Compartiment Programare Asisten\u021b\u0103 Tehnic\u0103; Departament Constatare Nereguli Antifraud\u0103; Departament Solu\u021bionare Contesta\u021bii; Direc\u021bia Evaluare, Selec\u021bie \u0219i Contractare Proiecte; Direc\u021bia Gestionare \u0219i Monitorizare Program; Direc\u021bia Management Cheltuieli \u0219i Verificare Achizi\u021bii; Direc\u021bia Monitorizare Proiecte \u0219i Secretariat AM PR NV 2021-2027) \u0219i toate procesele derulate \u00een cadrul \u0219i \u00een leg\u0103tur\u0103 cu Programul Regional Nord-Vest 2021-2027, inclusiv \u00een rela\u021bia cu solicitan\u021bii de finan\u021bare \u0219i beneficiarii, toate termenele aplicabile fiind suspendate.<\/p>\n<\/div>\n<\/div>\n<div class=\"wpb_text_column\">\n<div class=\"wpb_wrapper\">\n<p><strong>Articolul 2 \u2013 <\/strong>(1) Toate termenele care se \u00eemplinesc \u00een perioada de suspendare se prorog\u0103 dup\u0103 perioada de suspendare, elimin\u00e2nd din calculul termenelor partea din perioada de suspendare aplicabil\u0103 fiec\u0103rui caz specific.<\/p>\n<p>(2) \u00cen cazul \u00een care termenele se \u00eemplinesc \u00een perioada 25.12.2025 \u2013 07.01.2026, termenele se prelungesc cu num\u0103rul de zile afectate de perioada de suspendare.<\/p>\n<p>(3) Aceast\u0103 regul\u0103 de calcul a termenelor se aplic\u0103 at\u00e2t solicitan\u021bilor de finan\u021bare c\u00e2t \u0219i beneficiarilor.<\/p>\n<\/div>\n<\/div>\n<div class=\"wpb_text_column\">\n<div class=\"wpb_wrapper\">\n<p><strong>Articolul 3 \u2013 <\/strong>Prezenta Instruc\u021biune se public\u0103 pe site-ul <a href=\"http:\/\/www.regionordvest.ro\/\" target=\"_blank\" rel=\"noopener\">www.regionordvest.ro<\/a> \u0219i intr\u0103 \u00een vigoare de la data public\u0103rii.<\/p>\n<\/div>\n<\/div>\n<div class=\"wpb_text_column\">\n<div class=\"wpb_wrapper\">\n<p><strong>Articolul 4 \u2013 <\/strong>Autoritatea de Management a Programului Regional Nord-Vest 2021-2027 va informa solicitan\u021bii de finan\u021bare asupra Instruc\u021biunii prin publicarea pe site-ul programului.<\/p>\n<\/div>\n<\/div>\n<div class=\"w-btn-wrapper width_full\"><a class=\"w-btn us-btn-style_1 icon_atleft\" href=\"https:\/\/regionordvest.ro\/wp-content\/uploads\/2025\/12\/Instructiune-55-Suspendare-activitate-AM.pdf\" target=\"_blank\" rel=\"noopener\"><i class=\"fas fa-file-download\"><\/i><span class=\"w-btn-label\">Instruc\u021biune nr. 55\/09.12.2025<\/span><\/a><\/div>\n<\/div>\n<\/div>\n<\/div>\n<\/div>\n<\/section>","protected":false},"excerpt":{"rendered":"<p>Av\u00e2nd \u00een vedere prevederile: Legii nr. 315\/2004 privind dezvoltarea regional\u0103 \u00een Rom\u00e2nia, cu modific\u0103rile \u0219i complet\u0103rile ulterioare; Ordonan\u021bei de Urgen\u0163\u0103 nr. 122\/2020 privind unele m\u0103suri pentru asigurarea eficientiz\u0103rii procesului decizional al fondurilor externe nerambursabile destinate dezvolt\u0103rii regionale \u00een Rom\u00e2nia, cu modific\u0103rile \u0219i complet\u0103rile ulterioare; Legii nr. 277\/2021 pentru aprobarea Ordonan\u0163ei de urgen\u0163\u0103 a Guvernului nr&#8230;.<\/p>","protected":false},"author":1,"featured_media":33043,"comment_status":"","ping_status":"","sticky":false,"template":"","format":"standard","meta":{"footnotes":"","beyondwords_generate_audio":"","beyondwords_project_id":"","beyondwords_content_id":"","beyondwords_preview_token":"","beyondwords_player_style":"","beyondwords_language_id":"","beyondwords_title_voice_id":"","beyondwords_body_voice_id":"","beyondwords_summary_voice_id":"","beyondwords_error_message":"","beyondwords_disabled":"","beyondwords_delete_content":"","beyondwords_podcast_id":"","beyondwords_hash":"","publish_post_to_speechkit":"","speechkit_hash":"","speechkit_generate_audio":"","speechkit_project_id":"","speechkit_podcast_id":"","speechkit_error_message":"","speechkit_disabled":"","speechkit_access_key":"","speechkit_error":"","speechkit_info":"","speechkit_response":"","speechkit_retries":"","speechkit_status":"","speechkit_updated_at":"","_speechkit_link":"","_speechkit_text":""},"categories":[13,228],"tags":[],"class_list":["post-33042","post","type-post","status-publish","format-standard","has-post-thumbnail","hentry","category-noutati","category-por-2021-2027"],"publishpress_future_action":{"enabled":false,"date":"2026-05-06 03:46:04","action":"change-status","newStatus":"draft","terms":[],"taxonomy":"category"},"publishpress_future_workflow_manual_trigger":{"enabledWorkflows":[]},"_links":{"self":[{"href":"https:\/\/www.nord-vest.ro\/en\/wp-json\/wp\/v2\/posts\/33042","targetHints":{"allow":["GET"]}}],"collection":[{"href":"https:\/\/www.nord-vest.ro\/en\/wp-json\/wp\/v2\/posts"}],"about":[{"href":"https:\/\/www.nord-vest.ro\/en\/wp-json\/wp\/v2\/types\/post"}],"author":[{"embeddable":true,"href":"https:\/\/www.nord-vest.ro\/en\/wp-json\/wp\/v2\/users\/1"}],"replies":[{"embeddable":true,"href":"https:\/\/www.nord-vest.ro\/en\/wp-json\/wp\/v2\/comments?post=33042"}],"version-history":[{"count":0,"href":"https:\/\/www.nord-vest.ro\/en\/wp-json\/wp\/v2\/posts\/33042\/revisions"}],"wp:featuredmedia":[{"embeddable":true,"href":"https:\/\/www.nord-vest.ro\/en\/wp-json\/wp\/v2\/media\/33043"}],"wp:attachment":[{"href":"https:\/\/www.nord-vest.ro\/en\/wp-json\/wp\/v2\/media?parent=33042"}],"wp:term":[{"taxonomy":"category","embeddable":true,"href":"https:\/\/www.nord-vest.ro\/en\/wp-json\/wp\/v2\/categories?post=33042"},{"taxonomy":"post_tag","embeddable":true,"href":"https:\/\/www.nord-vest.ro\/en\/wp-json\/wp\/v2\/tags?post=33042"}],"curies":[{"name":"wp","href":"https:\/\/api.w.org\/{rel}","templated":true}]}}