{"id":31723,"date":"2025-04-30T17:31:19","date_gmt":"2025-04-30T14:31:19","guid":{"rendered":"https:\/\/www.nord-vest.ro\/prelungirea-perioadei-de-contractare-pentru-apelul-de-proiecte-371-b\/"},"modified":"2025-04-30T17:31:19","modified_gmt":"2025-04-30T14:31:19","slug":"prelungirea-perioadei-de-contractare-pentru-apelul-de-proiecte-371-b","status":"publish","type":"post","link":"https:\/\/www.nord-vest.ro\/en\/prelungirea-perioadei-de-contractare-pentru-apelul-de-proiecte-371-b\/","title":{"rendered":"Prelungirea perioadei de contractare pentru apelul de proiecte 371.B"},"content":{"rendered":"<section class=\"l-section wpb_row height_small\">\n<div class=\"l-section-h i-cf\">\n<div class=\"g-cols via_grid cols_2-1 laptops-cols_inherit tablets-cols_inherit mobiles-cols_1 valign_top type_default\">\n<div class=\"wpb_column vc_column_container\">\n<div class=\"vc_column-inner\">\n<div class=\"wpb_text_column\">\n<div class=\"wpb_wrapper\">\n<p>Factorii principali care au generat \u00eent\u00e2rzieri \u00een procesul de evaluare \u0219i contractare din cadrul Programului Regional Nord-Vest 2021-2027 pot fi analiza\u021bi din perspectiva mai multor cauze esen\u021biale \u0219i secundare, dupa cum urmeaz\u0103:<br \/>Volumul ridicat de activitate a fost generat de num\u0103rul considerabil de proiecte depuse pentru evaluare. Lansarea a <strong>48<\/strong> de apeluri a atras <strong>1871<\/strong> proiecte, dintre care peste <strong>800<\/strong> au fost evaluate \u0219i peste <strong>200<\/strong> contractate p\u00e2n\u0103 la finalul anului 2024. Aceast\u0103 situa\u021bie a generat o \u00eenc\u0103rcare semnificativ\u0103 a Direc\u021biei Evaluare, Selec\u021bie si Contracte Proiecte (DESCP).<br \/>Urmare emiterii CORRIGENDUM-ului pentru Ghidul Solicitantului 371.B din data de <strong>28.03.2025<\/strong> care, \u00een sintez\u0103, a dus la modificarea bugetului apelului 371.B prin transferarea fondurilor neutilizate de apelul 371.A, s-a generat posibilitatea contract\u0103rii unui num\u0103r mai mare de proiecte dec\u00e2t a fost preconizat ini\u021bial. Pentru cererile care pot primi finan\u021bare \u00een acesast\u0103 situa\u021bie a fost necesara inclusiv parcurgerea etapei ETF, astfel exist\u00e2nd posibilitatea de dep\u0103\u0219ire a termenului maxim de 360 de zile conform OUG 23\/2023 pentru contractarea proiectelor eligibile.<\/p>\n<p>Apelul de proiecte <strong>PRNV\/2023\/371.B\/1<\/strong> a fost deschis pe <strong>7 august 2023<\/strong> \u0219i \u00eenchis pe <strong>5 mai 2024<\/strong>. A fost elaborat\u0103 o not\u0103 justificativ\u0103 pentru prelungirea termenului de contractare, conform OUG 23\/2023, \u00een luna <strong>noiembrie 2023<\/strong>. Totodat\u0103, Instruc\u021biunea <strong>33\/12.12.2024<\/strong> a ad\u0103ugat 14 zile calendaristice la termenul ini\u021bial de 360 de zile, stabilind noul termen de finalizare pentru <strong>2 mai 2025<\/strong>.<\/p>\n<p>Preciz\u0103m c\u0103, p\u00e2n\u0103 \u00een prezent, \u00een cadrul apelului de proiecte PRNV\/2023\/371.B\/1, au fost evaluate 12 proiecte, au fost contractate 7 proiecte \u0219i sunt \u00een etapa de contractare 4 proiecte. Valoarea nerambursabil\u0103 contractat\u0103 a celor 7 contracte de finan\u021bare semnate este de <strong>126,479,348.00 lei<\/strong>, reprezent\u00e2nd <strong>62.34%<\/strong> din valoarea apelului. Pentru eficientizarea etapei de contractare se va prioritiza verificarea raspunsurilor la clarificari, se vor scurta pe cat posibil termenele de raspuns si se va tine legatura cu solicitantii pentru a intelege intrebarile transmise si a se primi raspunsuri cat mai complete. Av\u00e2nd \u00een vedere aspectele men\u021bionate mai sus, propunem prelungirea etapelor de evaluare tehnic\u0103 \u0219i financiar\u0103, selec\u021bie \u0219i contractare, pentru proiectele aferente Apelului <strong>PRNV\/2023\/371.B\/1<\/strong>, p\u00e2n\u0103 la finalizarea contract\u0103rii proiectelor eligibile.<\/p>\n<\/div>\n<\/div>\n<\/div>\n<\/div>\n<div class=\"wpb_column vc_column_container\">\n<div class=\"vc_column-inner\">\n<div class=\"w-image align_none\">\n<div class=\"w-image-h\"><img loading=\"lazy\" decoding=\"async\" width=\"1500\" height=\"1258\" src=\"https:\/\/regionordvest.ro\/wp-content\/uploads\/2025\/04\/Prelungire-371B.png\" class=\"attachment-full size-full\" alt=\"\" \/><\/div>\n<\/div>\n<\/div>\n<\/div>\n<\/div>\n<\/div>\n<\/section>\n<section class=\"l-section wpb_row height_small\">\n<div class=\"l-section-h i-cf\">\n<div class=\"g-cols via_grid cols_1 laptops-cols_inherit tablets-cols_inherit mobiles-cols_1 valign_top type_default\">\n<div class=\"wpb_column vc_column_container\">\n<div class=\"vc_column-inner\">\n<div class=\"w-separator size_medium with_line width_default thick_1 style_solid color_border align_center\">\n<div class=\"w-separator-h\"><\/div>\n<\/div>\n<div class=\"wpb_text_column\">\n<div class=\"wpb_wrapper\">\n<p><\/p>\n<p>Programul Regional Nord-Vest 2021-2027 propune interven\u021bii pentru dezvoltarea capacit\u0103\u021bii de cercetare, dezvoltare, inovare \u0219i digitalizare, cre\u0219terea performan\u021bei energetice a fondului existent de cl\u0103diri publice \u0219i reziden\u021biale, valorificarea spa\u021biilor degradate de la nivelul ora\u0219elor, mobilitatea urban\u0103 sustenabil\u0103, investi\u021bii \u00een re\u021beaua de drumuri jude\u021bene \u0219i \u00een infrastructura educa\u021bional\u0103, precum \u0219i ac\u021biuni de valorificare a poten\u021bialului cultural, turistic \u0219i balnear.<\/p>\n<p><\/p>\n<p>In the financial year 2021-2027, public authorities and institutions, the business environment, the academic and research environment and NGOs can obtain funding.<\/p>\n<p><\/p>\n<p>The Northwest Regional Program benefits from a total allocation of 1,437,252,471 euros.<\/p>\n<ul>\n<li>Prioritatea 1: O regiune competitiv\u0103 prin inovare, digitalizare \u0219i \u00eentreprinderi dinamice\u00a0 \u2013\u00a0 valoare total\u0103: 327.904.956 euro<\/li>\n<li>Prioritatea 2: O regiune cu localit\u0103\u021bi smart\u00a0 \u2013\u00a0 valoare total\u0103: 60.332.872 euro<\/li>\n<li>Prioritatea 3: O regiune cu localit\u0103\u021bi prietenoase cu mediul\u00a0 \u2013\u00a0 valoare total\u0103: 210.666.112 euro<\/li>\n<li>Prioritatea 4: O regiune cu mobilitate urban\u0103 multimodal\u0103 sustenabil\u0103\u00a0 \u2013\u00a0 valoare total\u0103: 305.155.751 euro<\/li>\n<li>Prioritatea 5: O regiune accesibil\u0103\u00a0 \u2013\u00a0 valoare total\u0103: 184.978.708 euro<\/li>\n<li>Prioritatea 6: O regiune educat\u0103\u00a0 \u2013\u00a0 valoare total\u0103: 77.386.100 euro<\/li>\n<li>Prioritatea 7: O regiune atractiv\u0103\u00a0 \u2013\u00a0 valoare total\u0103: 210.363.134 euro<\/li>\n<li>Asisten\u021b\u0103 tehnic\u0103\u00a0 \u2013\u00a0 valoare total\u0103: 60.464.838\u00a0 euro<\/li>\n<\/ul>\n<p>More information about the Northwest Regional Program for 2021-2027 is available <a href=\"https:\/\/regionordvest.ro\/programul-regional-nv\/\" target=\"_blank\" rel=\"noopener\">here<\/a>, and the program can be consulted\u00a0<a href=\"https:\/\/regionordvest.ro\/wp-content\/uploads\/2022\/10\/PR_NV_1.2_RO-1.pdf\" target=\"_blank\" rel=\"noopener\">here<\/a>.<\/p>\n<p><\/p>\n<\/div>\n<\/div>\n<\/div>\n<\/div>\n<\/div>\n<\/div>\n<\/section><!-- \/wp:html -->","protected":false},"excerpt":{"rendered":"<p>Factorii principali care au generat \u00eent\u00e2rzieri \u00een procesul de evaluare \u0219i contractare din cadrul Programului Regional Nord-Vest 2021-2027 pot fi analiza\u021bi din perspectiva mai multor cauze esen\u021biale \u0219i secundare, dupa cum urmeaz\u0103:Volumul ridicat de activitate a fost generat de num\u0103rul considerabil de proiecte depuse pentru evaluare. Lansarea a 48 de apeluri a atras 1871 proiecte,&#8230;<\/p>","protected":false},"author":1,"featured_media":31724,"comment_status":"","ping_status":"","sticky":false,"template":"","format":"standard","meta":{"footnotes":"","beyondwords_generate_audio":"","beyondwords_project_id":"","beyondwords_content_id":"","beyondwords_preview_token":"","beyondwords_player_style":"","beyondwords_language_id":"","beyondwords_title_voice_id":"","beyondwords_body_voice_id":"","beyondwords_summary_voice_id":"","beyondwords_error_message":"","beyondwords_disabled":"","beyondwords_delete_content":"","beyondwords_podcast_id":"","beyondwords_hash":"","publish_post_to_speechkit":"","speechkit_hash":"","speechkit_generate_audio":"","speechkit_project_id":"","speechkit_podcast_id":"","speechkit_error_message":"","speechkit_disabled":"","speechkit_access_key":"","speechkit_error":"","speechkit_info":"","speechkit_response":"","speechkit_retries":"","speechkit_status":"","speechkit_updated_at":"","_speechkit_link":"","_speechkit_text":""},"categories":[13,228],"tags":[],"class_list":["post-31723","post","type-post","status-publish","format-standard","has-post-thumbnail","hentry","category-noutati","category-por-2021-2027"],"publishpress_future_action":{"enabled":false,"date":"2026-05-06 23:32:37","action":"change-status","newStatus":"draft","terms":[],"taxonomy":"category"},"publishpress_future_workflow_manual_trigger":{"enabledWorkflows":[]},"_links":{"self":[{"href":"https:\/\/www.nord-vest.ro\/en\/wp-json\/wp\/v2\/posts\/31723","targetHints":{"allow":["GET"]}}],"collection":[{"href":"https:\/\/www.nord-vest.ro\/en\/wp-json\/wp\/v2\/posts"}],"about":[{"href":"https:\/\/www.nord-vest.ro\/en\/wp-json\/wp\/v2\/types\/post"}],"author":[{"embeddable":true,"href":"https:\/\/www.nord-vest.ro\/en\/wp-json\/wp\/v2\/users\/1"}],"replies":[{"embeddable":true,"href":"https:\/\/www.nord-vest.ro\/en\/wp-json\/wp\/v2\/comments?post=31723"}],"version-history":[{"count":0,"href":"https:\/\/www.nord-vest.ro\/en\/wp-json\/wp\/v2\/posts\/31723\/revisions"}],"wp:featuredmedia":[{"embeddable":true,"href":"https:\/\/www.nord-vest.ro\/en\/wp-json\/wp\/v2\/media\/31724"}],"wp:attachment":[{"href":"https:\/\/www.nord-vest.ro\/en\/wp-json\/wp\/v2\/media?parent=31723"}],"wp:term":[{"taxonomy":"category","embeddable":true,"href":"https:\/\/www.nord-vest.ro\/en\/wp-json\/wp\/v2\/categories?post=31723"},{"taxonomy":"post_tag","embeddable":true,"href":"https:\/\/www.nord-vest.ro\/en\/wp-json\/wp\/v2\/tags?post=31723"}],"curies":[{"name":"wp","href":"https:\/\/api.w.org\/{rel}","templated":true}]}}