{"id":30891,"date":"2024-12-05T17:14:18","date_gmt":"2024-12-05T15:14:18","guid":{"rendered":"https:\/\/www.nord-vest.ro\/?p=30891"},"modified":"2024-12-05T17:34:47","modified_gmt":"2024-12-05T15:34:47","slug":"cautam-cele-mai-bune-solutii-pentru-ca-tinerii-sa-ramana-acasa","status":"publish","type":"post","link":"https:\/\/www.nord-vest.ro\/en\/cautam-cele-mai-bune-solutii-pentru-ca-tinerii-sa-ramana-acasa\/","title":{"rendered":"C\u0103ut\u0103m cele mai bune solu\u021bii pentru ca tinerii talenta\u021bi s\u0103 r\u0103m\u00e2n\u0103 acas\u0103!"},"content":{"rendered":"<section class=\"l-section wpb_row height_small\"><div class=\"l-section-h i-cf\"><div class=\"g-cols via_grid cols_1 laptops-cols_inherit tablets-cols_inherit mobiles-cols_1 valign_top type_default\"><div class=\"wpb_column vc_column_container\"><div class=\"vc_column-inner\"><div class=\"wpb_text_column\"><div class=\"wpb_wrapper\"><p style=\"text-align: justify;\">Tinerii din regiunea noastr\u0103 trebuie s\u0103 beneficieze de sprijin \u0219i suficiente argumente pentru a avea siguran\u021ba c\u0103 pot s\u0103 \u00ee\u0219i construiasc\u0103 viitorul acas\u0103. De aceea, prin programul TALENT4S3 am invitat speciali\u0219tii din domeniul educa\u021biei, din administra\u021bia public\u0103 \u0219i reprezentan\u021bii mediului de afaceri pentru a identifica cele mai potrivite solu\u021bii care pot oferi tinerilor \u00eencrederea necesar\u0103 s\u0103 r\u0103m\u00e2n\u0103 acas\u0103 pentru a contribui la dezvoltarea comunit\u0103\u021bii din care provin.<\/p>\n<p style=\"text-align: justify;\">Cu aceast\u0103 ocazie pe parcursul lunii noiembrie am organizat la Cluj-Napoca primul eveniment, al\u0103turi de cei interesa\u021bi s\u0103 contribuie la succesul ini\u021biativei noastre, pentru a prezenta \u0219i supune dezbaterii calendarul activit\u0103\u021bilor \u0219i ac\u021biunilor prin care pot fi create politicile regionale \u0219i na\u021bionale necesare.<\/p>\n<p style=\"text-align: justify;\">Avem la dispozi\u021bie exemple de succes prin care partenerii no\u0219tri europeni au reu\u0219it s\u0103 le ofere tinerilor cadrul necesar pentru a \u00ee\u0219i descoperii voca\u021bia \u0219i pentru a identifica resursele necesare dezvolt\u0103rii unei cariere de succes. Ne dorim ca aceste exemple s\u0103 fie preluate \u0219i adaptate la nivelul \u00eentregii regiuni \u00een func\u021bie de specificul fiec\u0103rei comunit\u0103\u021bi interesate s\u0103 sprijine tinerii talenta\u021bi.<\/p>\n<p style=\"text-align: justify;\"><strong>TALENT4S3<\/strong> este un proiect finan\u021bat prin <strong>Programul Interreg Europe 2021-2027<\/strong> \u0219i are ca obiectiv principal combaterea \u201eexodului creierelor\u201d prin crearea unui mediu atractiv pentru tinerii talenta\u021bi \u0219i dezvoltarea economiei locale prin politici publice inovatoare.<\/p>\n<p style=\"text-align: justify;\"><strong>Despre echipa TALENT4S3<\/strong><\/p>\n<p style=\"text-align: justify;\">Echipa proiectului este format\u0103 din:<\/p>\n<ul style=\"text-align: justify;\">\n<li><strong>Claudia Fr\u0103\u021bil\u0103<\/strong> \u2013 Manager de proiect<\/li>\n<li><strong>Marius Lazin<\/strong>, <strong>Andreea Coptil<\/strong>, <strong>Mariia Chornobai<\/strong>, <strong>Paul Hossu<\/strong> \u2013 Exper\u021bi \u00een implementare<\/li>\n<li><strong>Angela Man<\/strong> \u2013 Expert financiar<\/li>\n<\/ul>\n<p style=\"text-align: justify;\">Pentru informa\u021bii suplimentare, ne pute\u021bi contacta la <strong>talent4s3@nord-vest.ro<\/strong>. Mai multe detalii sunt disponibile pe site-ul oficial al proiectului: <a href=\"https:\/\/www.interregeurope.eu\/talent4s3\" target=\"_blank\" rel=\"noopener\"><strong>TALENT4S3<\/strong><\/a>.<\/p>\n<\/div><\/div><\/div><\/div><\/div><\/div><\/section>","protected":false},"excerpt":{"rendered":"Tinerii din regiunea noastr\u0103 trebuie s\u0103 beneficieze de sprijin \u0219i suficiente argumente pentru a avea siguran\u021ba c\u0103 pot s\u0103 \u00ee\u0219i construiasc\u0103 viitorul acas\u0103. De aceea, prin programul TALENT4S3 am invitat speciali\u0219tii din domeniul educa\u021biei, din administra\u021bia public\u0103 \u0219i reprezentan\u021bii mediului de afaceri pentru a identifica cele mai potrivite solu\u021bii care pot oferi tinerilor \u00eencrederea necesar\u0103...","protected":false},"author":42,"featured_media":30892,"comment_status":"closed","ping_status":"closed","sticky":false,"template":"","format":"standard","meta":{"footnotes":"","beyondwords_generate_audio":"1","beyondwords_project_id":"21144","beyondwords_content_id":"89c71a0f-ede9-4920-b426-311654afc2bf","beyondwords_preview_token":"2a100eea-c931-4e5b-8bc0-6b7c5baa3525","beyondwords_player_style":"standard","beyondwords_language_id":"","beyondwords_title_voice_id":"","beyondwords_body_voice_id":"","beyondwords_summary_voice_id":"","beyondwords_error_message":"","beyondwords_disabled":"","beyondwords_delete_content":"","beyondwords_podcast_id":"89c71a0f-ede9-4920-b426-311654afc2bf","beyondwords_hash":"","publish_post_to_speechkit":"","speechkit_hash":"","speechkit_generate_audio":"","speechkit_project_id":"","speechkit_podcast_id":"","speechkit_error_message":"","speechkit_disabled":"","speechkit_access_key":"","speechkit_error":"","speechkit_info":"","speechkit_response":"","speechkit_retries":"","speechkit_status":"","speechkit_updated_at":"","_speechkit_link":"","_speechkit_text":""},"categories":[13],"tags":[],"class_list":["post-30891","post","type-post","status-publish","format-standard","has-post-thumbnail","hentry","category-noutati"],"publishpress_future_action":{"enabled":false,"date":"2026-05-06 18:27:09","action":"change-status","newStatus":"draft","terms":[],"taxonomy":"category"},"publishpress_future_workflow_manual_trigger":{"enabledWorkflows":[]},"_links":{"self":[{"href":"https:\/\/www.nord-vest.ro\/en\/wp-json\/wp\/v2\/posts\/30891","targetHints":{"allow":["GET"]}}],"collection":[{"href":"https:\/\/www.nord-vest.ro\/en\/wp-json\/wp\/v2\/posts"}],"about":[{"href":"https:\/\/www.nord-vest.ro\/en\/wp-json\/wp\/v2\/types\/post"}],"author":[{"embeddable":true,"href":"https:\/\/www.nord-vest.ro\/en\/wp-json\/wp\/v2\/users\/42"}],"replies":[{"embeddable":true,"href":"https:\/\/www.nord-vest.ro\/en\/wp-json\/wp\/v2\/comments?post=30891"}],"version-history":[{"count":4,"href":"https:\/\/www.nord-vest.ro\/en\/wp-json\/wp\/v2\/posts\/30891\/revisions"}],"predecessor-version":[{"id":30896,"href":"https:\/\/www.nord-vest.ro\/en\/wp-json\/wp\/v2\/posts\/30891\/revisions\/30896"}],"wp:featuredmedia":[{"embeddable":true,"href":"https:\/\/www.nord-vest.ro\/en\/wp-json\/wp\/v2\/media\/30892"}],"wp:attachment":[{"href":"https:\/\/www.nord-vest.ro\/en\/wp-json\/wp\/v2\/media?parent=30891"}],"wp:term":[{"taxonomy":"category","embeddable":true,"href":"https:\/\/www.nord-vest.ro\/en\/wp-json\/wp\/v2\/categories?post=30891"},{"taxonomy":"post_tag","embeddable":true,"href":"https:\/\/www.nord-vest.ro\/en\/wp-json\/wp\/v2\/tags?post=30891"}],"curies":[{"name":"wp","href":"https:\/\/api.w.org\/{rel}","templated":true}]}}