{"id":30399,"date":"2024-09-20T12:38:26","date_gmt":"2024-09-20T09:38:26","guid":{"rendered":"https:\/\/www.nord-vest.ro\/?p=30399"},"modified":"2024-09-20T12:38:26","modified_gmt":"2024-09-20T09:38:26","slug":"adr-nord-vest-se-alatura-aliantei-europene-pentru-reconstructia-ucrainei","status":"publish","type":"post","link":"https:\/\/www.nord-vest.ro\/en\/adr-nord-vest-se-alatura-aliantei-europene-pentru-reconstructia-ucrainei\/","title":{"rendered":"ADR Nord-Vest se al\u0103tur\u0103 Alian\u021bei Europene pentru Reconstruc\u021bia Ucrainei"},"content":{"rendered":"<section class=\"l-section wpb_row height_small\"><div class=\"l-section-h i-cf\"><div class=\"g-cols via_grid cols_1 laptops-cols_inherit tablets-cols_inherit mobiles-cols_1 valign_top type_default\"><div class=\"wpb_column vc_column_container\"><div class=\"vc_column-inner\"><div class=\"wpb_text_column\"><div class=\"wpb_wrapper\"><p style=\"text-align: justify;\">Agen\u021bia de Dezvoltare Regional\u0103 Nord-Vest (ADR Nord-Vest) este noul membru al <strong>Alian\u021bei Europene a Ora\u0219elor \u0219i Regiunilor pentru Reconstruc\u021bia Ucrainei<\/strong>. Acest parteneriat este un pas esen\u021bial \u00een sprijinirea redres\u0103rii Ucrainei dup\u0103 r\u0103zboiul cu Rusia, care a str\u0103mutat milioane de ucraineni \u0219i a afectat nenum\u0103rate ora\u0219e \u0219i sate. Alian\u021ba european\u0103 a fost creat\u0103 pentru a coordona eforturile ora\u0219elor \u0219i regiunilor din Uniunea European\u0103 \u0219i Ucraina, \u0219i adun\u0103 la un loc resursele care vor asigura o reconstruc\u021bie eficient\u0103 \u0219i durabil\u0103. Prin colaborarea str\u00e2ns\u0103 cu autorit\u0103\u021bile locale \u0219i regionale, Alian\u021ba are ca obiectiv major reconstruc\u021bia Ucrainei care implic\u0103 nu doar infrastructura fizic\u0103, dar \u0219i promovarea unor comunit\u0103\u021bi mai puternice \u0219i mai inteligente.<\/p>\n<p style=\"text-align: justify;\">\u00cen calitate de partener \u00een cadrul Alian\u021bei, ADR Nord-Vest va contribui cu expertiza din domeniul dezvolt\u0103rii regionale, din calitatea sa de <strong>Autoritate de Management pentru Programul Regional Nord-Vest 2021-2027<\/strong>, sau din experien\u021ba de <strong>Organism Intermediar pentru Programul Opera\u021bional Regional 2014-2020<\/strong>. Vom sus\u021bine investi\u021biile eficiente \u0219i coordonate pe mai multe nivele \u00een aparatul birocratic local \u0219i regional din Ucraina, prin aportul experien\u021bei dob\u00e2ndite \u00een calitate de AM. Totodat\u0103 dorim s\u0103 promov\u0103m o guvernare descentralizat\u0103, democra\u021bia local\u0103 \u0219i folosirea chibzuit\u0103 a fondurilor publice \u0219i nerambursabile. Agen\u021bia va lua parte la schimburi interregionale, precum \u0219i la ini\u021biative de consolidare a capacit\u0103\u021bii administrative. Rezultatul acestor eforturi vor fi programele de \u00eenfr\u0103\u021bire care pun \u00een leg\u0103tur\u0103 autorit\u0103\u021bile locale din UE cu omologii lor din Ucraina. Proximitatea geografic\u0103 ne responsabilizeaz\u0103 s\u0103 fim apropia\u021bi de cet\u0103\u021benii ucraineni, prin sus\u021binerea autorit\u0103\u021bilor locale \u0219i a Agen\u021biilor de Dezvoltare Regional\u0103 din Ucraina. Principiile-cheie care ghideaz\u0103 alian\u021ba includ sprijinul neclintit pentru suveranitatea Ucrainei, consolidarea democra\u021biei locale \u0219i asigurarea bunei guvernan\u021be la toate nivelurile. Parteneriatul promoveaz\u0103, de asemenea, integrarea \u00een continuare a Ucrainei \u00een re\u021belele europene, oferind autorit\u0103\u021bilor sale locale \u0219i regionale acces la resurse esen\u021biale pentru dezvoltarea durabil\u0103. Implicarea ADR Nord-Vest \u00een acest efort subliniaz\u0103 angajamentul Rom\u00e2niei de a sprijini Ucraina \u0219i de a consolida cooperarea regional\u0103 \u00een \u00eentreaga Europ\u0103. Acest parteneriat este un pas plin de speran\u021b\u0103 c\u0103tre reconstruirea unui viitor mai luminos pentru Ucraina, ora\u0219ele \u0219i regiunile juc\u00e2nd un rol central \u00een redresare.<\/p>\n<p style=\"text-align: justify;\"><strong>Alian\u021ba European\u0103 a Ora\u0219elor \u0219i Regiunilor pentru Reconstruc\u021bia Ucrainei<\/strong> al\u0103turi de ADR Nord-Vest ca partener va lucra pentru a crea un viitor rezistent \u0219i durabil pentru comunit\u0103\u021bile din Ucraina. Prin expertiza comun\u0103, resursele coordonate \u0219i un accent pe buna guvernare, toat\u0103 Europa se asigur\u0103 c\u0103 Ucraina nu numai c\u0103 \u00ee\u0219i revine din r\u0103zboi, dar prosper\u0103 \u0219i \u00een anii urm\u0103tori.<\/p>\n<\/div><\/div><div class=\"w-text\"><a href=\"https:\/\/cor.europa.eu\/en\/our-work\/cooperations-and-networks\/european-alliance-cities-and-regions-reconstruction-ukraine\" class=\"w-text-h\" target=\"_blank\" rel=\"noopener\"><i class=\"fas fa-link\"><\/i><span class=\"w-text-value\">Pentru mai multe detalii, acceseaz\u0103 acest link<\/span><\/a><\/div><\/div><\/div><\/div><\/div><\/section>","protected":false},"excerpt":{"rendered":"Agen\u021bia de Dezvoltare Regional\u0103 Nord-Vest (ADR Nord-Vest) este noul membru al Alian\u021bei Europene a Ora\u0219elor \u0219i Regiunilor pentru Reconstruc\u021bia Ucrainei. Acest parteneriat este un pas esen\u021bial \u00een sprijinirea redres\u0103rii Ucrainei dup\u0103 r\u0103zboiul cu Rusia, care a str\u0103mutat milioane de ucraineni \u0219i a afectat nenum\u0103rate ora\u0219e \u0219i sate. Alian\u021ba european\u0103 a fost creat\u0103 pentru a coordona...","protected":false},"author":42,"featured_media":30392,"comment_status":"closed","ping_status":"closed","sticky":false,"template":"","format":"standard","meta":{"footnotes":"","beyondwords_generate_audio":"1","beyondwords_project_id":"21144","beyondwords_content_id":"d5370461-3144-47ef-85a7-86aa37a22a59","beyondwords_preview_token":"36a44bc0-cda9-42d6-afa7-f1d7654c2843","beyondwords_player_style":"standard","beyondwords_language_id":"","beyondwords_title_voice_id":"","beyondwords_body_voice_id":"","beyondwords_summary_voice_id":"","beyondwords_error_message":"","beyondwords_disabled":"","beyondwords_delete_content":"","beyondwords_podcast_id":"d5370461-3144-47ef-85a7-86aa37a22a59","beyondwords_hash":"","publish_post_to_speechkit":"","speechkit_hash":"","speechkit_generate_audio":"","speechkit_project_id":"","speechkit_podcast_id":"","speechkit_error_message":"","speechkit_disabled":"","speechkit_access_key":"","speechkit_error":"","speechkit_info":"","speechkit_response":"","speechkit_retries":"","speechkit_status":"","speechkit_updated_at":"","_speechkit_link":"","_speechkit_text":""},"categories":[13],"tags":[],"class_list":["post-30399","post","type-post","status-publish","format-standard","has-post-thumbnail","hentry","category-noutati"],"publishpress_future_action":{"enabled":false,"date":"2026-05-02 08:37:13","action":"change-status","newStatus":"draft","terms":[],"taxonomy":"category"},"publishpress_future_workflow_manual_trigger":{"enabledWorkflows":[]},"_links":{"self":[{"href":"https:\/\/www.nord-vest.ro\/en\/wp-json\/wp\/v2\/posts\/30399","targetHints":{"allow":["GET"]}}],"collection":[{"href":"https:\/\/www.nord-vest.ro\/en\/wp-json\/wp\/v2\/posts"}],"about":[{"href":"https:\/\/www.nord-vest.ro\/en\/wp-json\/wp\/v2\/types\/post"}],"author":[{"embeddable":true,"href":"https:\/\/www.nord-vest.ro\/en\/wp-json\/wp\/v2\/users\/42"}],"replies":[{"embeddable":true,"href":"https:\/\/www.nord-vest.ro\/en\/wp-json\/wp\/v2\/comments?post=30399"}],"version-history":[{"count":2,"href":"https:\/\/www.nord-vest.ro\/en\/wp-json\/wp\/v2\/posts\/30399\/revisions"}],"predecessor-version":[{"id":30401,"href":"https:\/\/www.nord-vest.ro\/en\/wp-json\/wp\/v2\/posts\/30399\/revisions\/30401"}],"wp:featuredmedia":[{"embeddable":true,"href":"https:\/\/www.nord-vest.ro\/en\/wp-json\/wp\/v2\/media\/30392"}],"wp:attachment":[{"href":"https:\/\/www.nord-vest.ro\/en\/wp-json\/wp\/v2\/media?parent=30399"}],"wp:term":[{"taxonomy":"category","embeddable":true,"href":"https:\/\/www.nord-vest.ro\/en\/wp-json\/wp\/v2\/categories?post=30399"},{"taxonomy":"post_tag","embeddable":true,"href":"https:\/\/www.nord-vest.ro\/en\/wp-json\/wp\/v2\/tags?post=30399"}],"curies":[{"name":"wp","href":"https:\/\/api.w.org\/{rel}","templated":true}]}}