{"id":30260,"date":"2024-08-30T15:31:22","date_gmt":"2024-08-30T12:31:22","guid":{"rendered":"https:\/\/www.nord-vest.ro\/seini-devine-mai-verde-si-mai-atractiv-datorita-unui-contract-de-6-milioane-de-euro-in-cadrul-programului-regional-nord-vest-2021-2027\/"},"modified":"2024-08-30T15:31:22","modified_gmt":"2024-08-30T12:31:22","slug":"seini-devine-mai-verde-si-mai-atractiv-datorita-unui-contract-de-6-milioane-de-euro-in-cadrul-programului-regional-nord-vest-2021-2027","status":"publish","type":"post","link":"https:\/\/www.nord-vest.ro\/en\/seini-devine-mai-verde-si-mai-atractiv-datorita-unui-contract-de-6-milioane-de-euro-in-cadrul-programului-regional-nord-vest-2021-2027\/","title":{"rendered":"Seini devine mai verde \u0219i mai atractiv datorit\u0103 unui contract de 6 milioane de euro \u00een cadrul Programului Regional Nord-Vest 2021-2027"},"content":{"rendered":"<div class=\"l-section-h i-cf\">\n<div class=\"g-cols via_grid cols_2-1 laptops-cols_inherit tablets-cols_inherit mobiles-cols_1 valign_top type_default\">\n<div class=\"wpb_column vc_column_container\">\n<div class=\"vc_column-inner\">\n<div class=\"wpb_text_column\">\n<div class=\"wpb_wrapper\">\n<p>Locuitorii din Seini se vor bucura \u00een cur\u00e2nd de un nou parc modern, o oaz\u0103 de lini\u0219te \u0219i relaxare ce va fi amenajat\u0103 pe terenurile dezafectate ale fostei ferme avicole din ora\u0219. Pentru realizarea acestui parc vor fi folosite fonduri europene \u00een valoare de <strong>6 milioane de euro<\/strong>, iar la finalizarea investi\u021biei beneficiile vor fi multiple, deopotriv\u0103 pentru aspectul ora\u0219ului \u0219i pentru cre\u0219terea standardului de via\u021b\u0103 al reziden\u021bilor. Cei peste <strong>9000 de locuitori<\/strong> ai ora\u0219ului vor beneficia de peste <strong>30.000 de metri p\u0103tra\u021bi<\/strong> de spa\u021biu verde pentru relaxare \u0219i petrecerea timpului liber, iar un teren degradat \u0219i p\u0103r\u0103sit se transform\u0103 \u00eentr-o oaz\u0103 de verdea\u021b\u0103 ce va deveni \u00een timp un nou pl\u0103m\u00e2n verde pentru \u00eentreaga comunitate.<\/p>\n<p>\u00cen completarea amenaj\u0103rii parcului, p\u00e2n\u0103 la finalul implement\u0103rii proiectului, termen preconizat pentru luna <strong>decembrie 2026, <\/strong>spa\u021biile publice din ora\u0219 vor fi supuse unui proces de regenerare urban\u0103 prin care vor deveni mai atractive, mai sigure \u0219i \u00een ton cu cerin\u021bele \u0219i standardele europene de via\u021b\u0103.<\/p>\n<p>The project <strong>\u201eAmenajare spa\u021biu public urban \u2013 ora\u0219ul Seini \u2013 Cod SMIS 303534\u201d <\/strong>este finan\u021bat prin Prioritatea 7 \u2013 O regiune atractiv\u0103 din cadrul Programului Regional Nord-Vest 2021-2027 \u0219i corespunde obiectivului de politic\u0103 5 \u2013 O Europ\u0103 mai aproape de cet\u0103\u021beni.<\/p>\n<\/div>\n<\/div>\n<\/div>\n<\/div>\n<div class=\"wpb_column vc_column_container\">\n<div class=\"vc_column-inner\">\n<div class=\"w-image align_center meta_simple\">\n<div class=\"w-image-h\"><\/div>\n<div class=\"w-image-meta\">\n<div class=\"w-image-title\">Imagine generat\u0103 cu ajutorul AI<\/div>\n<\/div>\n<\/div>\n<\/div>\n<\/div>\n<\/div>\n<\/div>","protected":false},"excerpt":{"rendered":"<p>Locuitorii din Seini se vor bucura \u00een cur\u00e2nd de un nou parc modern, o oaz\u0103 de lini\u0219te \u0219i relaxare ce va fi amenajat\u0103 pe terenurile dezafectate ale fostei ferme avicole din ora\u0219. Pentru realizarea acestui parc vor fi folosite fonduri europene \u00een valoare de 6 milioane de euro, iar la finalizarea investi\u021biei beneficiile vor fi&#8230;<\/p>","protected":false},"author":0,"featured_media":30261,"comment_status":"","ping_status":"","sticky":false,"template":"","format":"standard","meta":{"footnotes":"","beyondwords_generate_audio":"","beyondwords_project_id":"","beyondwords_content_id":"","beyondwords_preview_token":"","beyondwords_player_style":"","beyondwords_language_id":"","beyondwords_title_voice_id":"","beyondwords_body_voice_id":"","beyondwords_summary_voice_id":"","beyondwords_error_message":"","beyondwords_disabled":"","beyondwords_delete_content":"","beyondwords_podcast_id":"","beyondwords_hash":"","publish_post_to_speechkit":"","speechkit_hash":"","speechkit_generate_audio":"","speechkit_project_id":"","speechkit_podcast_id":"","speechkit_error_message":"","speechkit_disabled":"","speechkit_access_key":"","speechkit_error":"","speechkit_info":"","speechkit_response":"","speechkit_retries":"","speechkit_status":"","speechkit_updated_at":"","_speechkit_link":"","_speechkit_text":""},"categories":[13,228],"tags":[],"class_list":["post-30260","post","type-post","status-publish","format-standard","has-post-thumbnail","hentry","category-noutati","category-por-2021-2027"],"publishpress_future_action":{"enabled":false,"date":"2026-05-07 17:03:23","action":"change-status","newStatus":"draft","terms":[],"taxonomy":"category"},"publishpress_future_workflow_manual_trigger":{"enabledWorkflows":[]},"_links":{"self":[{"href":"https:\/\/www.nord-vest.ro\/en\/wp-json\/wp\/v2\/posts\/30260","targetHints":{"allow":["GET"]}}],"collection":[{"href":"https:\/\/www.nord-vest.ro\/en\/wp-json\/wp\/v2\/posts"}],"about":[{"href":"https:\/\/www.nord-vest.ro\/en\/wp-json\/wp\/v2\/types\/post"}],"replies":[{"embeddable":true,"href":"https:\/\/www.nord-vest.ro\/en\/wp-json\/wp\/v2\/comments?post=30260"}],"version-history":[{"count":0,"href":"https:\/\/www.nord-vest.ro\/en\/wp-json\/wp\/v2\/posts\/30260\/revisions"}],"wp:featuredmedia":[{"embeddable":true,"href":"https:\/\/www.nord-vest.ro\/en\/wp-json\/wp\/v2\/media\/30261"}],"wp:attachment":[{"href":"https:\/\/www.nord-vest.ro\/en\/wp-json\/wp\/v2\/media?parent=30260"}],"wp:term":[{"taxonomy":"category","embeddable":true,"href":"https:\/\/www.nord-vest.ro\/en\/wp-json\/wp\/v2\/categories?post=30260"},{"taxonomy":"post_tag","embeddable":true,"href":"https:\/\/www.nord-vest.ro\/en\/wp-json\/wp\/v2\/tags?post=30260"}],"curies":[{"name":"wp","href":"https:\/\/api.w.org\/{rel}","templated":true}]}}