{"id":30026,"date":"2024-07-15T15:10:12","date_gmt":"2024-07-15T12:10:12","guid":{"rendered":"https:\/\/www.nord-vest.ro\/?p=30026"},"modified":"2024-07-15T15:10:12","modified_gmt":"2024-07-15T12:10:12","slug":"adr-nord-vest-se-muta-in-sediu-nou-1-august","status":"publish","type":"post","link":"https:\/\/www.nord-vest.ro\/en\/adr-nord-vest-se-muta-in-sediu-nou-1-august\/","title":{"rendered":"Agen\u021bia de Dezvoltare Regional\u0103 Nord-Vest se mut\u0103 \u00eentr-un sediu nou de la 1 August"},"content":{"rendered":"<section class=\"l-section wpb_row height_small\"><div class=\"l-section-h i-cf\"><div class=\"g-cols via_grid cols_3-2 laptops-cols_inherit tablets-cols_inherit mobiles-cols_1 valign_top type_default\"><div class=\"wpb_column vc_column_container\"><div class=\"vc_column-inner\"><div class=\"wpb_text_column\"><div class=\"wpb_wrapper\"><p style=\"text-align: justify;\">Agen\u021bia de Dezvoltare Regional\u0103 Nord-Vest \u00ee\u0219i va desf\u0103\u0219ura activitatea \u00eencep\u00e2nd din 1 august 2024 \u00eentr-o loca\u021bie nou\u0103, \u00eentr-o cl\u0103dire modern\u0103 situat\u0103 \u00een Cluj-Napoca pe strada Donath nr. 53A. Noul sediu secundar al agen\u021biei a fost \u00eenchiriat pentru a putea g\u0103zdui echipa agen\u021biei pe parcursul urm\u0103torilor trei ani, intervalul de timp necesar construirii imobilului ce va deveni sediul principal \u0219i casa agen\u021biei pe termen lung, o construc\u021bie ce urmeaz\u0103 s\u0103 fie realizat\u0103 pe un teren atribuit agen\u021biei \u00een acest scop de c\u0103tre Consiliul Local al Municipiului Cluj-Napoca.<\/p>\n<\/div><\/div><div class=\"wpb_text_column\"><div class=\"wpb_wrapper\"><p style=\"text-align: justify;\">ADR Nord-Vest este o organiza\u021bie 100% preocupat\u0103 de finan\u021barea proiectelor din fonduri europene cu scopul dezvolt\u0103rii regiunii \u0219i a cre\u0219terii constante a nivelului de trai al celor peste 2,5 milioane de locuitori din jude\u021bele Bihor, Bistri\u021ba-N\u0103s\u0103ud, Cluj, Maramure\u0219, Satu Mare \u0219i S\u0103laj. \u00cen prezent ADR NV coordoneaz\u0103 un buget de aproximativ 3 miliarde de euro, complementar celor 2,2 miliarde de euro deja investite prin programele gestionate \u00een anii anteriori, iar asta \u00eensemn\u0103 c\u0103 valoarea investi\u021biilor din fonduri europene, gestionate de echipa noastr\u0103 pentru dezvoltarea infrastructurii \u0219i a economiei regionale, va cre\u0219te \u00een urm\u0103torii ani p\u00e2n\u0103 la 5,1 miliarde de euro.<\/p>\n<\/div><\/div><div class=\"wpb_text_column\"><div class=\"wpb_wrapper\"><p style=\"text-align: justify;\">Nu exist\u0103 nicio localitate din regiunea de dezvoltare Nord-Vest unde s\u0103 nu fie deja vizibile rezultatele muncii noastre \u0219i al celor care implementeaz\u0103 proiecte cu finan\u021bare din fonduri europene. Frumuse\u021bea zonelor centrale din municipiile Cluj-Napoca, Oradea, Zal\u0103u, Satu Mare, Baia Mare sau Bistri\u021ba, transformarea spectaculoas\u0103 a infrastructurii de transport public din majoritatea municipiilor \u0219i ora\u0219elor din regiune, reabilitarea a peste o mie de kilometri de drumuri jude\u021bene, zecile de monumente istorice reabilitate, noile \u0219coli \u0219i gr\u0103dini\u021be construite \u00een fiecare jude\u021b sau ambulatoriile complet reabilitate din ora\u0219ele regiunii, sprijinirea a c\u00e2torva sute de IMM-uri care ast\u0103zi sunt competitive pe pia\u021ba european\u0103 \u0219i au creat sute de noi locuri de munc\u0103, toate reprezint\u0103 la unison suma beneficiilor concrete pe care le aduc proiectele coordonate de ADR Nord-Vest. Folosim acest prilej pentru a-i felicita \u00eenc\u0103 odat\u0103 pe beneficiarii no\u0219tri, autorit\u0103\u021bile locale, IMM-urile, organiza\u021biile neguvernamentale \u0219i nu \u00een ultimul r\u00e2nd pe reprezentan\u021bii institu\u021biilor de cult, to\u021bi sunt deopotriv\u0103 adev\u0103ra\u021bii eroi ai implement\u0103rii proiectelor.<\/p>\n<\/div><\/div><div class=\"wpb_text_column\"><div class=\"wpb_wrapper\"><p style=\"text-align: justify;\">Pe l\u00e2ng\u0103 sediul \u00een care am ales s\u0103 ne desf\u0103\u0219ur\u0103m activitatea de zi cu zi pentru urm\u0103torii trei ani, mai dispunem \u0219i de un imobil \u00een localitatea R\u0103daia, construit la \u00eenceputul anilor 2000. \u00centre timp acesta s-a dovedit a fi prea mic pentru desf\u0103\u0219urarea \u00een condi\u021bii optime a activit\u0103\u021bii noastre, de aceea a fost\u00a0 refunc\u021bionalizat pentru g\u0103zduirea arhivei \u00een care stoc\u0103m documentele specifice pentru miile de proiecte implementate de beneficiarii no\u0219tri, documente pe care avem obliga\u021bia legal\u0103 de a le p\u0103stra pe termen lung, peste 15 de ani de la finalizarea programelor gestionate. Astfel, doar prin arhivarea documentelor \u00een aceast\u0103 cl\u0103dire am reu\u0219it s\u0103 facem o economie de peste 500.000 de euro din fonduri publice.<\/p>\n<\/div><\/div><div class=\"wpb_text_column\"><div class=\"wpb_wrapper\"><p style=\"text-align: justify;\">Mul\u021bumim Consiliului Local al Municipiului Cluj-Napoca pentru votul de \u00eencredere \u0219i pentru \u00eencredin\u021barea terenului pe care va fi construit\u0103 \u00een maximum 3 ani viitoarea cas\u0103 a ADR Nord-Vest, casa fondurilor europene din regiunea noastr\u0103.<\/p>\n<\/div><\/div><\/div><\/div><div class=\"wpb_column vc_column_container\"><div class=\"vc_column-inner\"><div class=\"w-image align_center\"><a href=\"https:\/\/www.nord-vest.ro\/wp-content\/uploads\/2024\/07\/3.png\" ref=\"magnificPopup\" aria-label=\"Link\" class=\"w-image-h\"><img loading=\"lazy\" decoding=\"async\" width=\"2063\" height=\"1730\" src=\"https:\/\/www.nord-vest.ro\/wp-content\/uploads\/2024\/07\/3.png\" class=\"attachment-full size-full\" alt=\"\" srcset=\"https:\/\/www.nord-vest.ro\/wp-content\/uploads\/2024\/07\/3.png 2063w, https:\/\/www.nord-vest.ro\/wp-content\/uploads\/2024\/07\/3-14x12.png 14w, https:\/\/www.nord-vest.ro\/wp-content\/uploads\/2024\/07\/3-400x335.png 400w, https:\/\/www.nord-vest.ro\/wp-content\/uploads\/2024\/07\/3-477x400.png 477w, https:\/\/www.nord-vest.ro\/wp-content\/uploads\/2024\/07\/3-624x523.png 624w, https:\/\/www.nord-vest.ro\/wp-content\/uploads\/2024\/07\/3-333x279.png 333w, https:\/\/www.nord-vest.ro\/wp-content\/uploads\/2024\/07\/3-268x225.png 268w, https:\/\/www.nord-vest.ro\/wp-content\/uploads\/2024\/07\/3-83x70.png 83w\" sizes=\"auto, (max-width: 2063px) 100vw, 2063px\" \/><\/a><\/div><div class=\"w-separator size_small\"><\/div><div class=\"w-image align_center\"><a href=\"https:\/\/www.nord-vest.ro\/wp-content\/uploads\/2024\/07\/1.png\" ref=\"magnificPopup\" aria-label=\"Link\" class=\"w-image-h\"><img loading=\"lazy\" decoding=\"async\" width=\"2063\" height=\"1730\" src=\"https:\/\/www.nord-vest.ro\/wp-content\/uploads\/2024\/07\/1.png\" class=\"attachment-full size-full\" alt=\"\" srcset=\"https:\/\/www.nord-vest.ro\/wp-content\/uploads\/2024\/07\/1.png 2063w, https:\/\/www.nord-vest.ro\/wp-content\/uploads\/2024\/07\/1-14x12.png 14w, https:\/\/www.nord-vest.ro\/wp-content\/uploads\/2024\/07\/1-400x335.png 400w, https:\/\/www.nord-vest.ro\/wp-content\/uploads\/2024\/07\/1-477x400.png 477w, https:\/\/www.nord-vest.ro\/wp-content\/uploads\/2024\/07\/1-624x523.png 624w, https:\/\/www.nord-vest.ro\/wp-content\/uploads\/2024\/07\/1-333x279.png 333w, https:\/\/www.nord-vest.ro\/wp-content\/uploads\/2024\/07\/1-268x225.png 268w, https:\/\/www.nord-vest.ro\/wp-content\/uploads\/2024\/07\/1-83x70.png 83w\" sizes=\"auto, (max-width: 2063px) 100vw, 2063px\" \/><\/a><\/div><\/div><\/div><\/div><\/div><\/section><section class=\"l-section wpb_row height_small\"><div class=\"l-section-h i-cf\"><div class=\"g-cols via_grid cols_1 laptops-cols_inherit tablets-cols_inherit mobiles-cols_1 valign_top type_default\"><div class=\"wpb_column vc_column_container\"><div class=\"vc_column-inner\"><div class=\"w-image align_none\"><a href=\"https:\/\/www.nord-vest.ro\/wp-content\/uploads\/2024\/07\/2.png\" ref=\"magnificPopup\" aria-label=\"Link\" class=\"w-image-h\"><img loading=\"lazy\" decoding=\"async\" width=\"2063\" height=\"1730\" src=\"https:\/\/www.nord-vest.ro\/wp-content\/uploads\/2024\/07\/2.png\" class=\"attachment-full size-full\" alt=\"\" srcset=\"https:\/\/www.nord-vest.ro\/wp-content\/uploads\/2024\/07\/2.png 2063w, https:\/\/www.nord-vest.ro\/wp-content\/uploads\/2024\/07\/2-14x12.png 14w, https:\/\/www.nord-vest.ro\/wp-content\/uploads\/2024\/07\/2-400x335.png 400w, https:\/\/www.nord-vest.ro\/wp-content\/uploads\/2024\/07\/2-477x400.png 477w, https:\/\/www.nord-vest.ro\/wp-content\/uploads\/2024\/07\/2-624x523.png 624w, https:\/\/www.nord-vest.ro\/wp-content\/uploads\/2024\/07\/2-333x279.png 333w, https:\/\/www.nord-vest.ro\/wp-content\/uploads\/2024\/07\/2-268x225.png 268w, https:\/\/www.nord-vest.ro\/wp-content\/uploads\/2024\/07\/2-83x70.png 83w\" sizes=\"auto, (max-width: 2063px) 100vw, 2063px\" \/><\/a><\/div><\/div><\/div><\/div><\/div><\/section>","protected":false},"excerpt":{"rendered":"Agen\u021bia de Dezvoltare Regional\u0103 Nord-Vest \u00ee\u0219i va desf\u0103\u0219ura activitatea \u00eencep\u00e2nd din 1 august 2024 \u00eentr-o loca\u021bie nou\u0103, \u00eentr-o cl\u0103dire modern\u0103 situat\u0103 \u00een Cluj-Napoca pe strada Donath nr. 53A. Noul sediu secundar al agen\u021biei a fost \u00eenchiriat pentru a putea g\u0103zdui echipa agen\u021biei pe parcursul urm\u0103torilor trei ani, intervalul de timp necesar construirii imobilului ce va...","protected":false},"author":42,"featured_media":30029,"comment_status":"closed","ping_status":"closed","sticky":false,"template":"","format":"standard","meta":{"footnotes":"","beyondwords_generate_audio":"1","beyondwords_project_id":"21144","beyondwords_content_id":"f8f01595-2e1c-44db-9bc9-5a5bb1d37e63","beyondwords_preview_token":"c1033755-63bd-46a3-adef-189981e7986e","beyondwords_player_style":"standard","beyondwords_language_id":"","beyondwords_title_voice_id":"","beyondwords_body_voice_id":"","beyondwords_summary_voice_id":"","beyondwords_error_message":"","beyondwords_disabled":"","beyondwords_delete_content":"","beyondwords_podcast_id":"f8f01595-2e1c-44db-9bc9-5a5bb1d37e63","beyondwords_hash":"","publish_post_to_speechkit":"","speechkit_hash":"","speechkit_generate_audio":"","speechkit_project_id":"","speechkit_podcast_id":"","speechkit_error_message":"","speechkit_disabled":"","speechkit_access_key":"","speechkit_error":"","speechkit_info":"","speechkit_response":"","speechkit_retries":"","speechkit_status":"","speechkit_updated_at":"","_speechkit_link":"","_speechkit_text":""},"categories":[13],"tags":[],"class_list":["post-30026","post","type-post","status-publish","format-standard","has-post-thumbnail","hentry","category-noutati"],"publishpress_future_action":{"enabled":false,"date":"2026-05-07 07:49:48","action":"change-status","newStatus":"draft","terms":[],"taxonomy":"category"},"publishpress_future_workflow_manual_trigger":{"enabledWorkflows":[]},"_links":{"self":[{"href":"https:\/\/www.nord-vest.ro\/en\/wp-json\/wp\/v2\/posts\/30026","targetHints":{"allow":["GET"]}}],"collection":[{"href":"https:\/\/www.nord-vest.ro\/en\/wp-json\/wp\/v2\/posts"}],"about":[{"href":"https:\/\/www.nord-vest.ro\/en\/wp-json\/wp\/v2\/types\/post"}],"author":[{"embeddable":true,"href":"https:\/\/www.nord-vest.ro\/en\/wp-json\/wp\/v2\/users\/42"}],"replies":[{"embeddable":true,"href":"https:\/\/www.nord-vest.ro\/en\/wp-json\/wp\/v2\/comments?post=30026"}],"version-history":[{"count":26,"href":"https:\/\/www.nord-vest.ro\/en\/wp-json\/wp\/v2\/posts\/30026\/revisions"}],"predecessor-version":[{"id":30056,"href":"https:\/\/www.nord-vest.ro\/en\/wp-json\/wp\/v2\/posts\/30026\/revisions\/30056"}],"wp:featuredmedia":[{"embeddable":true,"href":"https:\/\/www.nord-vest.ro\/en\/wp-json\/wp\/v2\/media\/30029"}],"wp:attachment":[{"href":"https:\/\/www.nord-vest.ro\/en\/wp-json\/wp\/v2\/media?parent=30026"}],"wp:term":[{"taxonomy":"category","embeddable":true,"href":"https:\/\/www.nord-vest.ro\/en\/wp-json\/wp\/v2\/categories?post=30026"},{"taxonomy":"post_tag","embeddable":true,"href":"https:\/\/www.nord-vest.ro\/en\/wp-json\/wp\/v2\/tags?post=30026"}],"curies":[{"name":"wp","href":"https:\/\/api.w.org\/{rel}","templated":true}]}}