{"id":29848,"date":"2024-06-11T06:44:59","date_gmt":"2024-06-11T03:44:59","guid":{"rendered":"https:\/\/www.nord-vest.ro\/beius-va-avea-un-muzeu-modern-datorita-unui-contract-semnat-de-36-milioane-de-euro-in-cadrul-programului-regional-nord-vest-2021-2027\/"},"modified":"2024-06-11T06:44:59","modified_gmt":"2024-06-11T03:44:59","slug":"beius-va-avea-un-muzeu-modern-datorita-unui-contract-semnat-de-36-milioane-de-euro-in-cadrul-programului-regional-nord-vest-2021-2027","status":"publish","type":"post","link":"https:\/\/www.nord-vest.ro\/en\/beius-va-avea-un-muzeu-modern-datorita-unui-contract-semnat-de-36-milioane-de-euro-in-cadrul-programului-regional-nord-vest-2021-2027\/","title":{"rendered":"Beiu\u0219 va avea un muzeu modern datorit\u0103 unui contract semnat de 3,6 milioane de euro \u00een cadrul Programului Regional Nord-Vest 2021-2027"},"content":{"rendered":"<div class=\"l-section-h i-cf\">\n<div class=\"g-cols via_grid cols_2-1 laptops-cols_inherit tablets-cols_inherit mobiles-cols_1 valign_top type_default\">\n<div class=\"wpb_column vc_column_container\">\n<div class=\"vc_column-inner\">\n<div class=\"wpb_text_column\">\n<div class=\"wpb_wrapper\">\n<p>Localnicii \u00ee\u0219i vor vedea muzeul reabilitat \u0219i transformat \u00eentr-un spa\u021biu cultural care va atrage \u0219i mai mul\u021bi vizitatori, prin intermediul proiectului a c\u0103rui contract a fost semnat \u00eentre ADR Nord-Vest \u0219i Prim\u0103ria Municipiului Beiu\u0219 (jude\u021bul Bihor). Fondurile europene vor ajuta la modernizarea ansamblului cultural \u00eentr-un loc care \u00eembin\u0103 tradi\u021bia \u0219i inova\u021bia pentru publicul din Regiunea Nord-Vest. Pentru cei 10,000 de locuitori ai Beiu\u0219ului, acest proiect va reaprinde interesul pentru cultur\u0103, \u0219i va marca pentru genera\u021biile viitoare istoria bogat\u0103 a comunit\u0103\u021bii din municipiu, chiar \u0219i din jude\u021b.<\/p>\n<p>Cl\u0103direa va fi integrat\u0103 \u00eentr-o re\u021bea de muzee sustenabile \u0219i prietenoase cu mediul, fapt care confirm\u0103 angajamentul dat de acest proiect pentru o dezvoltare durabil\u0103 a infrastructurii de turism. Efectul acestei re\u021bele va fi transformarea acestui spa\u021biu de <strong>1,300 m2<\/strong> \u00eentr-un centru de \u00eenv\u0103\u021bare \u0219i inspira\u021bie pentru genera\u021biile actuale \u0219i viitoare la care sunt a\u0219tepta\u021bi peste <strong>6000 de vizitatori anual<\/strong>. Datorit\u0103 acestui proiect, alte institu\u021bii similare din regiune vor putea fi inspirate de aceast\u0103 ini\u021biativ\u0103 cultural\u0103 \u0219i vor avea o abordare responsabil\u0103 \u0219i inovatoare \u00een rela\u021bie cu nevoile comunit\u0103\u021bii \u0219i \u00een sprijinul protej\u0103rii mediului \u00eenconjur\u0103tor prin reducerea cu 60% a consumului de gaz \u0219i electricitate.<\/p>\n<p>\u201eReabilitarea muzeului municipal din Beiu\u0219 \u2013 Cod SMIS 302122\u201d este un proiect finan\u021bat prin Prioritatea 7 \u2013 O regiune atractiv\u0103 din cadrul Programului Regional Nord-Vest 2021-2027, \u0219i corespunde obiectivului de politica 5 \u2013 O Europ\u0103 mai aproape de cet\u0103\u021beni. Proiectul a \u00eenceput \u00een luna februarie a acestui an \u0219i se va termina \u00een toamna anului viitor, av\u00e2nd o durat\u0103 aproximativ\u0103 de execu\u021bie de 18 luni.<\/p>\n<\/div>\n<\/div>\n<\/div>\n<\/div>\n<div class=\"wpb_column vc_column_container\">\n<div class=\"vc_column-inner\">\n<div class=\"w-image align_none\">\n<div class=\"w-image-h\"><\/div>\n<\/div>\n<\/div>\n<\/div>\n<\/div>\n<\/div>\n<p>\u00a0\u00a0<\/p>","protected":false},"excerpt":{"rendered":"<p>Localnicii \u00ee\u0219i vor vedea muzeul reabilitat \u0219i transformat \u00eentr-un spa\u021biu cultural care va atrage \u0219i mai mul\u021bi vizitatori, prin intermediul proiectului a c\u0103rui contract a fost semnat \u00eentre ADR Nord-Vest \u0219i Prim\u0103ria Municipiului Beiu\u0219 (jude\u021bul Bihor). Fondurile europene vor ajuta la modernizarea ansamblului cultural \u00eentr-un loc care \u00eembin\u0103 tradi\u021bia \u0219i inova\u021bia pentru publicul din Regiunea&#8230;<\/p>","protected":false},"author":0,"featured_media":0,"comment_status":"","ping_status":"","sticky":false,"template":"","format":"standard","meta":{"footnotes":"","beyondwords_generate_audio":"","beyondwords_project_id":"","beyondwords_content_id":"","beyondwords_preview_token":"","beyondwords_player_style":"","beyondwords_language_id":"","beyondwords_title_voice_id":"","beyondwords_body_voice_id":"","beyondwords_summary_voice_id":"","beyondwords_error_message":"","beyondwords_disabled":"","beyondwords_delete_content":"","beyondwords_podcast_id":"","beyondwords_hash":"","publish_post_to_speechkit":"","speechkit_hash":"","speechkit_generate_audio":"","speechkit_project_id":"","speechkit_podcast_id":"","speechkit_error_message":"","speechkit_disabled":"","speechkit_access_key":"","speechkit_error":"","speechkit_info":"","speechkit_response":"","speechkit_retries":"","speechkit_status":"","speechkit_updated_at":"","_speechkit_link":"","_speechkit_text":""},"categories":[13,228],"tags":[],"class_list":["post-29848","post","type-post","status-publish","format-standard","has-post-thumbnail","hentry","category-noutati","category-por-2021-2027"],"publishpress_future_action":{"enabled":false,"date":"2026-05-07 23:39:03","action":"change-status","newStatus":"draft","terms":[],"taxonomy":"category"},"publishpress_future_workflow_manual_trigger":{"enabledWorkflows":[]},"_links":{"self":[{"href":"https:\/\/www.nord-vest.ro\/en\/wp-json\/wp\/v2\/posts\/29848","targetHints":{"allow":["GET"]}}],"collection":[{"href":"https:\/\/www.nord-vest.ro\/en\/wp-json\/wp\/v2\/posts"}],"about":[{"href":"https:\/\/www.nord-vest.ro\/en\/wp-json\/wp\/v2\/types\/post"}],"replies":[{"embeddable":true,"href":"https:\/\/www.nord-vest.ro\/en\/wp-json\/wp\/v2\/comments?post=29848"}],"version-history":[{"count":0,"href":"https:\/\/www.nord-vest.ro\/en\/wp-json\/wp\/v2\/posts\/29848\/revisions"}],"wp:attachment":[{"href":"https:\/\/www.nord-vest.ro\/en\/wp-json\/wp\/v2\/media?parent=29848"}],"wp:term":[{"taxonomy":"category","embeddable":true,"href":"https:\/\/www.nord-vest.ro\/en\/wp-json\/wp\/v2\/categories?post=29848"},{"taxonomy":"post_tag","embeddable":true,"href":"https:\/\/www.nord-vest.ro\/en\/wp-json\/wp\/v2\/tags?post=29848"}],"curies":[{"name":"wp","href":"https:\/\/api.w.org\/{rel}","templated":true}]}}