{"id":2934,"date":"2016-09-05T10:43:43","date_gmt":"2016-09-05T07:43:43","guid":{"rendered":"http:\/\/www.nord-vest.ro\/?p=2934"},"modified":"2019-07-16T16:28:34","modified_gmt":"2019-07-16T13:28:34","slug":"geoportal-european-pentru-promovarea-regiunii-nord-vest","status":"publish","type":"post","link":"https:\/\/www.nord-vest.ro\/en\/geoportal-european-pentru-promovarea-regiunii-nord-vest\/","title":{"rendered":"Geoportal European pentru promovarea Regiunii Nord-Vest"},"content":{"rendered":"<p>Proiectul a fost finan\u0163at prin Programul eContentplus, obiectivul principal al acestuia fiind de a aborda aspectele legate de planificarea teritorial\u0103 \u00een conformitate cu politicile comunitare din domeniul mediului, av\u00e2nd \u00een vedere adoptarea Directivei 2007\/2\/CE a Parlamentului European \u015fi Consiliului cu privire la instituirea unei infrastructuri pentru informa\u0163ii spa\u0163iale INSPIRE.<\/p>\n<p>Proiectul s-a bazat at\u00e2t pe identificarea \u015fi transferul bunelor practici existente \u00een diverse regiuni \u015fi municipalit\u0103\u0163i ale UE, c\u00e2t \u015fi pe rezultatele proiectelor de cercetare curente.<\/p>\n<p>\u00cen acest sens \u00een cadrul proiectului ADR Nord-Vest a lansat ini\u0163iativa \u00eencheierii unui protocol de colaborare cu autorit\u0103\u0163ile locale \u015fi jude\u0163ene din regiune \u00een scopul dezvolt\u0103rii \u015fi implement\u0103rii unei infrastructuri de date spa\u0163iale regionale \u015fi racordarea acesteia la cea existent\u0103 la nivel European.<\/p>\n<p>For other information related to the project, please access the link:&nbsp;<a href=\"http:\/\/geoportal.www.nord-vest.ro:8080\/geoportal\/catalog\/main\/home.page\">http:\/\/geoportal.www.nord-vest.ro:8080\/geoportal\/catalog\/main\/home.page<\/a><\/p>\n<p>Rezultatele proiectului pot fi consultate la adresa:&nbsp;<a href=\"http:\/\/www.plan4all.eu\" target=\"_blank\" rel=\"noopener\">http:\/\/www.plan4all.eu<\/a><\/p>\n<p><img loading=\"lazy\" decoding=\"async\" class=\"aligncenter wp-image-2935 size-full\" title=\"http:\/\/www.plan4all.eu\" src=\"http:\/\/www.nord-vest.ro\/wp-content\/uploads\/2016\/09\/Plan4all.jpg\" alt=\"Plan4all\" width=\"425\" height=\"118\" srcset=\"https:\/\/www.nord-vest.ro\/wp-content\/uploads\/2016\/09\/Plan4all.jpg 425w, https:\/\/www.nord-vest.ro\/wp-content\/uploads\/2016\/09\/Plan4all-300x83.jpg 300w, https:\/\/www.nord-vest.ro\/wp-content\/uploads\/2016\/09\/Plan4all-400x111.jpg 400w, https:\/\/www.nord-vest.ro\/wp-content\/uploads\/2016\/09\/Plan4all-18x5.jpg 18w, https:\/\/www.nord-vest.ro\/wp-content\/uploads\/2016\/09\/Plan4all-372x103.jpg 372w, https:\/\/www.nord-vest.ro\/wp-content\/uploads\/2016\/09\/Plan4all-370x103.jpg 370w, https:\/\/www.nord-vest.ro\/wp-content\/uploads\/2016\/09\/Plan4all-64x18.jpg 64w, https:\/\/www.nord-vest.ro\/wp-content\/uploads\/2016\/09\/Plan4all-245x68.jpg 245w\" sizes=\"auto, (max-width: 425px) 100vw, 425px\" \/><\/p>","protected":false},"excerpt":{"rendered":"<p>Proiectul a fost finan\u0163at prin Programul eContentplus, obiectivul principal al acestuia fiind de a aborda aspectele legate de planificarea teritorial\u0103 \u00een conformitate cu politicile comunitare din domeniul mediului, av\u00e2nd \u00een vedere adoptarea Directivei 2007\/2\/CE a Parlamentului European \u015fi Consiliului cu privire la instituirea unei infrastructuri pentru informa\u0163ii spa\u0163iale INSPIRE. Proiectul s-a bazat at\u00e2t pe identificarea&#8230;<\/p>","protected":false},"author":1,"featured_media":11189,"comment_status":"closed","ping_status":"open","sticky":false,"template":"","format":"standard","meta":{"footnotes":"","beyondwords_generate_audio":"","beyondwords_project_id":"","beyondwords_content_id":"","beyondwords_preview_token":"","beyondwords_player_style":"","beyondwords_language_id":"","beyondwords_title_voice_id":"","beyondwords_body_voice_id":"","beyondwords_summary_voice_id":"","beyondwords_error_message":"","beyondwords_disabled":"","beyondwords_delete_content":"","beyondwords_podcast_id":"","beyondwords_hash":"","publish_post_to_speechkit":"","speechkit_hash":"","speechkit_generate_audio":"","speechkit_project_id":"","speechkit_podcast_id":"","speechkit_error_message":"","speechkit_disabled":"","speechkit_access_key":"","speechkit_error":"","speechkit_info":"","speechkit_response":"","speechkit_retries":"","speechkit_status":"","speechkit_updated_at":"","_speechkit_link":"","_speechkit_text":""},"categories":[71],"tags":[],"class_list":["post-2934","post","type-post","status-publish","format-standard","has-post-thumbnail","hentry","category-proiecte-finalizate"],"publishpress_future_action":{"enabled":false,"date":"2026-05-03 13:42:23","action":"change-status","newStatus":"draft","terms":[],"taxonomy":"category"},"publishpress_future_workflow_manual_trigger":{"enabledWorkflows":[]},"_links":{"self":[{"href":"https:\/\/www.nord-vest.ro\/en\/wp-json\/wp\/v2\/posts\/2934","targetHints":{"allow":["GET"]}}],"collection":[{"href":"https:\/\/www.nord-vest.ro\/en\/wp-json\/wp\/v2\/posts"}],"about":[{"href":"https:\/\/www.nord-vest.ro\/en\/wp-json\/wp\/v2\/types\/post"}],"author":[{"embeddable":true,"href":"https:\/\/www.nord-vest.ro\/en\/wp-json\/wp\/v2\/users\/1"}],"replies":[{"embeddable":true,"href":"https:\/\/www.nord-vest.ro\/en\/wp-json\/wp\/v2\/comments?post=2934"}],"version-history":[{"count":2,"href":"https:\/\/www.nord-vest.ro\/en\/wp-json\/wp\/v2\/posts\/2934\/revisions"}],"predecessor-version":[{"id":11190,"href":"https:\/\/www.nord-vest.ro\/en\/wp-json\/wp\/v2\/posts\/2934\/revisions\/11190"}],"wp:featuredmedia":[{"embeddable":true,"href":"https:\/\/www.nord-vest.ro\/en\/wp-json\/wp\/v2\/media\/11189"}],"wp:attachment":[{"href":"https:\/\/www.nord-vest.ro\/en\/wp-json\/wp\/v2\/media?parent=2934"}],"wp:term":[{"taxonomy":"category","embeddable":true,"href":"https:\/\/www.nord-vest.ro\/en\/wp-json\/wp\/v2\/categories?post=2934"},{"taxonomy":"post_tag","embeddable":true,"href":"https:\/\/www.nord-vest.ro\/en\/wp-json\/wp\/v2\/tags?post=2934"}],"curies":[{"name":"wp","href":"https:\/\/api.w.org\/{rel}","templated":true}]}}