{"id":29217,"date":"2024-04-03T16:52:10","date_gmt":"2024-04-03T13:52:10","guid":{"rendered":"https:\/\/www.nord-vest.ro\/?p=29217"},"modified":"2024-04-03T17:18:50","modified_gmt":"2024-04-03T14:18:50","slug":"pregatim-un-plan-concret-pentru-a-le-oferi-tinerilor-suficiente-motive-sa-isi-construiasca-viitorul-acasa","status":"publish","type":"post","link":"https:\/\/www.nord-vest.ro\/en\/pregatim-un-plan-concret-pentru-a-le-oferi-tinerilor-suficiente-motive-sa-isi-construiasca-viitorul-acasa\/","title":{"rendered":"Preg\u0103tim un plan concret pentru a le oferi tinerilor suficiente motive s\u0103 \u00ee\u0219i construiasc\u0103 viitorul acas\u0103!"},"content":{"rendered":"<section class=\"l-section wpb_row height_small\"><div class=\"l-section-h i-cf\"><div class=\"g-cols via_grid cols_1 laptops-cols_inherit tablets-cols_inherit mobiles-cols_1 valign_top type_default\"><div class=\"wpb_column vc_column_container\"><div class=\"vc_column-inner\"><div class=\"wpb_text_column\"><div class=\"wpb_wrapper\"><p style=\"text-align: justify;\">P\u00e2n\u0103 \u00een luna mai a anului viitor, ADR Nord-Vest va elabora plan concret, cu solu\u021biile at\u00e2t de a\u0219teptate, pentru a le oferi tinerilor suficient\u0103 \u00eencredere ca s\u0103 r\u0103m\u00e2n\u0103 acas\u0103 \u0219i s\u0103 \u00ee\u0219i construiasc\u0103 viitorul \u00een jurul comunit\u0103\u021bii din care provin. Exper\u021bii ADR Nord-Vest vor primi sprijinul Comisiei Europene \u0219i al exper\u021bilor Organiza\u021biei pentru Cooperare \u0219i Dezvoltare Economic\u0103 (OECD) \u00een vederea \u00eentocmirii unui raport \u0219i a unui plan complex prin care s\u0103 fie prezentate cele mai pragmatice solu\u021bii prin care poate fi stopat\u0103 emigrarea tinerilor \u0219i pentru a \u00eencuraja re\u00eentoarcerea celor au emigrat deja.<\/p>\n<p style=\"text-align: justify;\">Raportul \u0219i planul vor con\u021bine concluziile din cadrul evenimentelor pe care le vom organiza pe parcursul urm\u0103torului an al\u0103turi de reprezentan\u021bii asocia\u021biilor tinerilor, ai autorit\u0103\u021bilor locale, ai ONG-urilor de profil \u0219i a voluntarilor ce ne vor acorda sprijin.<\/p>\n<p style=\"text-align: justify;\">Vor fi identificate solu\u021bii pragmatice \u0219i realiste pentru cre\u0219terea atractivit\u0103\u021bii tinerilor \u00eenspre toate localit\u0103\u021bile din regiune, nu doar c\u0103tre marile aglomer\u0103ri urbane, vor fi propuse c\u0103i eficiente pentru valorificarea terenurilor \u0219i locuin\u021belor abandonate, dar vor fi semnalate \u0219i serviciile publice sau investi\u021biile \u00een infrastructur\u0103 ce pot avea efecte rapide pentru \u00eendeplinirea a\u0219tept\u0103rilor tinerilor.<\/p>\n<p style=\"text-align: justify;\">Ini\u021biativa este sprijinit\u0103 de c\u0103tre Comisia European\u0103 \u0219i face parte din proiectul &#8222;<strong><em>Regions Adapting to Demographic Change<\/em><\/strong>&#8221; , implementat de ADR Nord-Vest \u00een parteneriat cu Organiza\u021bia pentru Cooperare \u0219i Dezvoltare Economic\u0103 (OECD)<\/p>\n<p style=\"text-align: justify;\">Dac\u0103 ne po\u021bi ajuta te rug\u0103m s\u0103 nu ezi\u021bi s\u0103 ne contactezi. \u00ce\u021bi oferim cu drag toate informa\u021biile necesare \u0219i ascult\u0103m cu aten\u021bie orice propunere, scrie-ne la adresa: <a href=\"mailto:andreea.coptil@nord-vest.ro\">andreea.coptil@nord-vest.ro<\/a><\/p>\n<\/div><\/div><\/div><\/div><\/div><\/div><\/section>","protected":false},"excerpt":{"rendered":"P\u00e2n\u0103 \u00een luna mai a anului viitor, ADR Nord-Vest va elabora plan concret, cu solu\u021biile at\u00e2t de a\u0219teptate, pentru a le oferi tinerilor suficient\u0103 \u00eencredere ca s\u0103 r\u0103m\u00e2n\u0103 acas\u0103 \u0219i s\u0103 \u00ee\u0219i construiasc\u0103 viitorul \u00een jurul comunit\u0103\u021bii din care provin. Exper\u021bii ADR Nord-Vest vor primi sprijinul Comisiei Europene \u0219i al exper\u021bilor Organiza\u021biei pentru Cooperare \u0219i...","protected":false},"author":42,"featured_media":29223,"comment_status":"closed","ping_status":"closed","sticky":false,"template":"","format":"standard","meta":{"footnotes":"","beyondwords_generate_audio":"1","beyondwords_project_id":"21144","beyondwords_content_id":"09cd9c43-fcab-40fe-b8e7-a1056fbc3ca7","beyondwords_preview_token":"","beyondwords_player_style":"standard","beyondwords_language_id":"","beyondwords_title_voice_id":"","beyondwords_body_voice_id":"","beyondwords_summary_voice_id":"","beyondwords_error_message":"","beyondwords_disabled":"","beyondwords_delete_content":"","beyondwords_podcast_id":"09cd9c43-fcab-40fe-b8e7-a1056fbc3ca7","beyondwords_hash":"","publish_post_to_speechkit":"","speechkit_hash":"","speechkit_generate_audio":"","speechkit_project_id":"","speechkit_podcast_id":"","speechkit_error_message":"","speechkit_disabled":"","speechkit_access_key":"","speechkit_error":"","speechkit_info":"","speechkit_response":"","speechkit_retries":"","speechkit_status":"","speechkit_updated_at":"","_speechkit_link":"","_speechkit_text":""},"categories":[13],"tags":[],"class_list":["post-29217","post","type-post","status-publish","format-standard","has-post-thumbnail","hentry","category-noutati"],"publishpress_future_action":{"enabled":false,"date":"2026-05-04 16:27:49","action":"change-status","newStatus":"draft","terms":[],"taxonomy":"category"},"publishpress_future_workflow_manual_trigger":{"enabledWorkflows":[]},"_links":{"self":[{"href":"https:\/\/www.nord-vest.ro\/en\/wp-json\/wp\/v2\/posts\/29217","targetHints":{"allow":["GET"]}}],"collection":[{"href":"https:\/\/www.nord-vest.ro\/en\/wp-json\/wp\/v2\/posts"}],"about":[{"href":"https:\/\/www.nord-vest.ro\/en\/wp-json\/wp\/v2\/types\/post"}],"author":[{"embeddable":true,"href":"https:\/\/www.nord-vest.ro\/en\/wp-json\/wp\/v2\/users\/42"}],"replies":[{"embeddable":true,"href":"https:\/\/www.nord-vest.ro\/en\/wp-json\/wp\/v2\/comments?post=29217"}],"version-history":[{"count":2,"href":"https:\/\/www.nord-vest.ro\/en\/wp-json\/wp\/v2\/posts\/29217\/revisions"}],"predecessor-version":[{"id":29219,"href":"https:\/\/www.nord-vest.ro\/en\/wp-json\/wp\/v2\/posts\/29217\/revisions\/29219"}],"wp:featuredmedia":[{"embeddable":true,"href":"https:\/\/www.nord-vest.ro\/en\/wp-json\/wp\/v2\/media\/29223"}],"wp:attachment":[{"href":"https:\/\/www.nord-vest.ro\/en\/wp-json\/wp\/v2\/media?parent=29217"}],"wp:term":[{"taxonomy":"category","embeddable":true,"href":"https:\/\/www.nord-vest.ro\/en\/wp-json\/wp\/v2\/categories?post=29217"},{"taxonomy":"post_tag","embeddable":true,"href":"https:\/\/www.nord-vest.ro\/en\/wp-json\/wp\/v2\/tags?post=29217"}],"curies":[{"name":"wp","href":"https:\/\/api.w.org\/{rel}","templated":true}]}}