{"id":2913,"date":"2016-09-02T14:53:23","date_gmt":"2016-09-02T11:53:23","guid":{"rendered":"http:\/\/www.nord-vest.ro\/?p=2913"},"modified":"2019-07-16T16:01:07","modified_gmt":"2019-07-16T13:01:07","slug":"cluster-de-energie-geotermala-in-europa-centrala","status":"publish","type":"post","link":"https:\/\/www.nord-vest.ro\/en\/cluster-de-energie-geotermala-in-europa-centrala\/","title":{"rendered":"Cluster de Energie Geotermal\u0103 \u00een Europa Central\u0103"},"content":{"rendered":"<p>Proiectul a fost finan\u0163at din Programul Cadru 7 al Comisiei Europene (FP7) \u015fi a avut ca obiectiv principal dezvoltarea capacit\u0103\u0163ii actorilor locali din domeniul utiliz\u0103rii apelor geotermale de a exploata aceast\u0103 resurs\u0103 cu prec\u0103dere \u00een beneficiul economiilor rurale, prin crearea \u015fi dezvoltarea unui Cluster de Energie Geotermal\u0103.<\/p>\n<p>Consor\u0163iul proiectului a desf\u0103\u015furat activit\u0103\u0163i de culegere \u015fi centralizare a datelor din domeniul utiliz\u0103rii apelor geotermale \u00een zonele vizate, a organizat sesiuni de lucru pentru analizarea datelor \u015fi pentru stabilirea m\u0103surilor viabile de politic\u0103 \u00een domeniu \u015fi a elaborat un plan de ac\u0163iune \u00een vederea asigur\u0103rii sustenabilit\u0103\u0163ii proiectului \u015fi a clusterului transna\u0163ional nou creat.<\/p>\n<p>Pentru alte informa\u0163ii legate de proiect v\u0103 rug\u0103m s\u0103 accesa\u0163i linkul:\u00a0www.nord-vest.ro\/CLUSTHERM&#8211;eID186.html<\/p>\n<p>Rezultatele proiectului pot fi consultate la adresa:\u00a0http:\/\/cordis.europa.eu\/project\/rcn\/89009_en.html<\/p>\n<p><img loading=\"lazy\" decoding=\"async\" class=\"alignleft wp-image-2914 size-full\" src=\"http:\/\/www.nord-vest.ro\/wp-content\/uploads\/2016\/09\/clustherm.jpg\" alt=\"clustherm\" width=\"266\" height=\"189\" srcset=\"https:\/\/www.nord-vest.ro\/wp-content\/uploads\/2016\/09\/clustherm.jpg 266w, https:\/\/www.nord-vest.ro\/wp-content\/uploads\/2016\/09\/clustherm-18x12.jpg 18w, https:\/\/www.nord-vest.ro\/wp-content\/uploads\/2016\/09\/clustherm-64x45.jpg 64w, https:\/\/www.nord-vest.ro\/wp-content\/uploads\/2016\/09\/clustherm-99x70.jpg 99w\" sizes=\"auto, (max-width: 266px) 100vw, 266px\" \/><\/p>","protected":false},"excerpt":{"rendered":"<p>Proiectul a fost finan\u0163at din Programul Cadru 7 al Comisiei Europene (FP7) \u015fi a avut ca obiectiv principal dezvoltarea capacit\u0103\u0163ii actorilor locali din domeniul utiliz\u0103rii apelor geotermale de a exploata aceast\u0103 resurs\u0103 cu prec\u0103dere \u00een beneficiul economiilor rurale, prin crearea \u015fi dezvoltarea unui Cluster de Energie Geotermal\u0103. Consor\u0163iul proiectului a desf\u0103\u015furat activit\u0103\u0163i de culegere \u015fi&#8230;<\/p>","protected":false},"author":1,"featured_media":11177,"comment_status":"closed","ping_status":"open","sticky":false,"template":"","format":"standard","meta":{"footnotes":"","beyondwords_generate_audio":"","beyondwords_project_id":"","beyondwords_content_id":"","beyondwords_preview_token":"","beyondwords_player_style":"","beyondwords_language_id":"","beyondwords_title_voice_id":"","beyondwords_body_voice_id":"","beyondwords_summary_voice_id":"","beyondwords_error_message":"","beyondwords_disabled":"","beyondwords_delete_content":"","beyondwords_podcast_id":"","beyondwords_hash":"","publish_post_to_speechkit":"","speechkit_hash":"","speechkit_generate_audio":"","speechkit_project_id":"","speechkit_podcast_id":"","speechkit_error_message":"","speechkit_disabled":"","speechkit_access_key":"","speechkit_error":"","speechkit_info":"","speechkit_response":"","speechkit_retries":"","speechkit_status":"","speechkit_updated_at":"","_speechkit_link":"","_speechkit_text":""},"categories":[71],"tags":[],"class_list":["post-2913","post","type-post","status-publish","format-standard","has-post-thumbnail","hentry","category-proiecte-finalizate"],"publishpress_future_action":{"enabled":false,"date":"2026-05-09 16:18:13","action":"change-status","newStatus":"draft","terms":[],"taxonomy":"category"},"publishpress_future_workflow_manual_trigger":{"enabledWorkflows":[]},"_links":{"self":[{"href":"https:\/\/www.nord-vest.ro\/en\/wp-json\/wp\/v2\/posts\/2913","targetHints":{"allow":["GET"]}}],"collection":[{"href":"https:\/\/www.nord-vest.ro\/en\/wp-json\/wp\/v2\/posts"}],"about":[{"href":"https:\/\/www.nord-vest.ro\/en\/wp-json\/wp\/v2\/types\/post"}],"author":[{"embeddable":true,"href":"https:\/\/www.nord-vest.ro\/en\/wp-json\/wp\/v2\/users\/1"}],"replies":[{"embeddable":true,"href":"https:\/\/www.nord-vest.ro\/en\/wp-json\/wp\/v2\/comments?post=2913"}],"version-history":[{"count":3,"href":"https:\/\/www.nord-vest.ro\/en\/wp-json\/wp\/v2\/posts\/2913\/revisions"}],"predecessor-version":[{"id":11178,"href":"https:\/\/www.nord-vest.ro\/en\/wp-json\/wp\/v2\/posts\/2913\/revisions\/11178"}],"wp:featuredmedia":[{"embeddable":true,"href":"https:\/\/www.nord-vest.ro\/en\/wp-json\/wp\/v2\/media\/11177"}],"wp:attachment":[{"href":"https:\/\/www.nord-vest.ro\/en\/wp-json\/wp\/v2\/media?parent=2913"}],"wp:term":[{"taxonomy":"category","embeddable":true,"href":"https:\/\/www.nord-vest.ro\/en\/wp-json\/wp\/v2\/categories?post=2913"},{"taxonomy":"post_tag","embeddable":true,"href":"https:\/\/www.nord-vest.ro\/en\/wp-json\/wp\/v2\/tags?post=2913"}],"curies":[{"name":"wp","href":"https:\/\/api.w.org\/{rel}","templated":true}]}}