{"id":29026,"date":"2024-02-21T14:53:34","date_gmt":"2024-02-21T12:53:34","guid":{"rendered":"https:\/\/www.nord-vest.ro\/?p=29026"},"modified":"2025-07-08T10:33:44","modified_gmt":"2025-07-08T07:33:44","slug":"anunt-inchiriere-sediu-adr-nord-vest","status":"publish","type":"post","link":"https:\/\/www.nord-vest.ro\/en\/anunt-inchiriere-sediu-adr-nord-vest\/","title":{"rendered":"Anun\u021b \u00eenchiriere sediu ADR Nord-Vest"},"content":{"rendered":"<section class=\"l-section wpb_row height_small\"><div class=\"l-section-h i-cf\"><div class=\"g-cols via_grid cols_1 laptops-cols_inherit tablets-cols_inherit mobiles-cols_1 valign_top type_default\"><div class=\"wpb_column vc_column_container\"><div class=\"vc_column-inner\"><div class=\"wpb_text_column\"><div class=\"wpb_wrapper\"><p style=\"text-align: justify;\">Agen\u021bia de Dezvoltare Regional\u0103 Nord-Vest invit\u0103 persoanele fizice sau juridice interesate s\u0103 transmit\u0103 propunerea tehnic\u0103 \u0219i financiar\u0103 pentru \u00eenchirierea, total\u0103 sau par\u021bial\u0103, a unui imobil\/cl\u0103dire de birouri (cl\u0103dire existent\u0103 \u0219i terenul aferent) necesar func\u021bion\u0103rii Agen\u021biei de Dezvoltare Regional\u0103 Nord-Vest.<\/p>\n<p style=\"text-align: justify;\">Ofertan\u021bii vor avea \u00een vedere c\u0103 propunerea tehnic\u0103 s\u0103 acopere urm\u0103toarele cerin\u021be:<\/p>\n<ul style=\"text-align: justify;\">\n<li>Suprafa\u021ba util\u0103 aproximativ\u0103 de 3500 mp;<\/li>\n<li>Posibilitate de \u00eenchiriere total\u0103 sau par\u021bial\u0103 a unui imobil \/ a unei cl\u0103diri de birouri;<\/li>\n<li>Imobilul de\u021bine toate avizele necesare pentru func\u021bionarea ca imobil cu destina\u021bia de birouri sau se face dovada derul\u0103rii procedurilor pentru ob\u021binerea acestora;<\/li>\n<li>Localizare: Cluj-Napoca, zona central\u0103 sau semicentral\u0103;<\/li>\n<li>Acces facil prin intermediul mijloacelor de transport \u00een comun \u0219i pedestru;<\/li>\n<li>Disponibilitate de ocupare imediat\u0103 sau \u00een cel mult 4 luni de la semnarea contractului de \u00eenchiriere;<\/li>\n<li>Termen de \u00eenchiriere de 36 luni, cu posibilitate de prelungire;<\/li>\n<li>Cl\u0103dire modern\u0103 \u0219i func\u021bional\u0103, cu finisaje \u0219i dot\u0103ri de calitate;<\/li>\n<li>Cl\u0103dire\/ spa\u021biu independent de al\u021bi ter\u021bi at\u00e2t \u00een privin\u021ba spa\u021biului, c\u00e2t \u0219i a contoriz\u0103rii utilit\u0103\u021bilor;<\/li>\n<li>Posibilitate de \u00eenchiriere a minimum 30 locuri de parcare, un avantaj \u00eel reprezint\u0103 existen\u021ba a 3 locuri de parcare dotate cu sta\u021bii de \u00eenc\u0103rcare ma\u0219ini electrice sau cu posibilitatea mont\u0103rii unor astfel de sta\u021bii de \u00eenc\u0103rcare;<\/li>\n<li>S\u0103 permit\u0103 amenajarea de spa\u021bii conexe (ex: s\u0103li de \u0219edin\u021be, birou registratur\u0103, camera server, sal\u0103 de mese, oficii tip chicinet\u0103, spa\u021bii de depozitare etc.).<\/li>\n<\/ul>\n<p style=\"text-align: justify;\">Propunerea tehnic\u0103 \u0219i cea financiar\u0103 vor fi \u00eentocmite conform formularelor ce pot fi desc\u0103rcate de la adresa: <a href=\"https:\/\/rb.gy\/2s1ig7\" target=\"_blank\" rel=\"noopener\">https:\/\/rb.gy\/2s1ig7<\/a> \u0219i transmise cel t\u00e2rziu p\u00e2n\u0103 la data de <strong>08.03.2024<\/strong>, \u00een aten\u021bia Doamnei Daniela Rotar la adresa de e-mail <a href=\"mailto:daniela.rotar@nord-vest.ro\">daniela.rotar@nord-vest.ro<\/a>.<\/p>\n<p style=\"text-align: justify;\">Pentru orice informa\u021bii suplimentare ne pute\u021bi contacta prin adresa de e-mail men\u021bionat\u0103 mai sus.<\/p>\n<\/div><\/div><\/div><\/div><\/div><\/div><\/section>","protected":false},"excerpt":{"rendered":"Agen\u021bia de Dezvoltare Regional\u0103 Nord-Vest invit\u0103 persoanele fizice sau juridice interesate s\u0103 transmit\u0103 propunerea tehnic\u0103 \u0219i financiar\u0103 pentru \u00eenchirierea, total\u0103 sau par\u021bial\u0103, a unui imobil\/cl\u0103dire de birouri (cl\u0103dire existent\u0103 \u0219i terenul aferent) necesar func\u021bion\u0103rii Agen\u021biei de Dezvoltare Regional\u0103 Nord-Vest. Ofertan\u021bii vor avea \u00een vedere c\u0103 propunerea tehnic\u0103 s\u0103 acopere urm\u0103toarele cerin\u021be: Suprafa\u021ba util\u0103 aproximativ\u0103 de...","protected":false},"author":42,"featured_media":29027,"comment_status":"closed","ping_status":"closed","sticky":false,"template":"","format":"standard","meta":{"footnotes":"","beyondwords_generate_audio":"1","beyondwords_project_id":"21144","beyondwords_content_id":"04805cce-7f5e-4fd5-a6a5-d3b17e9cb482","beyondwords_preview_token":"e9d4872f-9ac3-450d-a2f8-b222deaf621e","beyondwords_player_style":"standard","beyondwords_language_id":"","beyondwords_title_voice_id":"","beyondwords_body_voice_id":"","beyondwords_summary_voice_id":"","beyondwords_error_message":"","beyondwords_disabled":"","beyondwords_delete_content":"","beyondwords_podcast_id":"04805cce-7f5e-4fd5-a6a5-d3b17e9cb482","beyondwords_hash":"","publish_post_to_speechkit":"","speechkit_hash":"","speechkit_generate_audio":"","speechkit_project_id":"","speechkit_podcast_id":"","speechkit_error_message":"","speechkit_disabled":"","speechkit_access_key":"","speechkit_error":"","speechkit_info":"","speechkit_response":"","speechkit_retries":"","speechkit_status":"","speechkit_updated_at":"","_speechkit_link":"","_speechkit_text":""},"categories":[271,119,250,13],"tags":[],"class_list":["post-29026","post","type-post","status-publish","format-standard","has-post-thumbnail","hentry","category-achizitii-2","category-achizitii","category-achizitiinoutati","category-noutati"],"publishpress_future_action":{"enabled":false,"date":"2026-05-07 21:04:43","action":"change-status","newStatus":"draft","terms":[],"taxonomy":"category"},"publishpress_future_workflow_manual_trigger":{"enabledWorkflows":[]},"_links":{"self":[{"href":"https:\/\/www.nord-vest.ro\/en\/wp-json\/wp\/v2\/posts\/29026","targetHints":{"allow":["GET"]}}],"collection":[{"href":"https:\/\/www.nord-vest.ro\/en\/wp-json\/wp\/v2\/posts"}],"about":[{"href":"https:\/\/www.nord-vest.ro\/en\/wp-json\/wp\/v2\/types\/post"}],"author":[{"embeddable":true,"href":"https:\/\/www.nord-vest.ro\/en\/wp-json\/wp\/v2\/users\/42"}],"replies":[{"embeddable":true,"href":"https:\/\/www.nord-vest.ro\/en\/wp-json\/wp\/v2\/comments?post=29026"}],"version-history":[{"count":2,"href":"https:\/\/www.nord-vest.ro\/en\/wp-json\/wp\/v2\/posts\/29026\/revisions"}],"predecessor-version":[{"id":29029,"href":"https:\/\/www.nord-vest.ro\/en\/wp-json\/wp\/v2\/posts\/29026\/revisions\/29029"}],"wp:featuredmedia":[{"embeddable":true,"href":"https:\/\/www.nord-vest.ro\/en\/wp-json\/wp\/v2\/media\/29027"}],"wp:attachment":[{"href":"https:\/\/www.nord-vest.ro\/en\/wp-json\/wp\/v2\/media?parent=29026"}],"wp:term":[{"taxonomy":"category","embeddable":true,"href":"https:\/\/www.nord-vest.ro\/en\/wp-json\/wp\/v2\/categories?post=29026"},{"taxonomy":"post_tag","embeddable":true,"href":"https:\/\/www.nord-vest.ro\/en\/wp-json\/wp\/v2\/tags?post=29026"}],"curies":[{"name":"wp","href":"https:\/\/api.w.org\/{rel}","templated":true}]}}