{"id":29001,"date":"2024-02-20T15:44:22","date_gmt":"2024-02-20T13:44:22","guid":{"rendered":"https:\/\/www.nord-vest.ro\/a-fost-semnat-proiectul-infiintare-si-amenajare-gradina-urbana-tasnad-cod-smis-300350-intre-adr-nord-vest-si-uat-tasnad\/"},"modified":"2024-02-20T15:44:22","modified_gmt":"2024-02-20T13:44:22","slug":"a-fost-semnat-proiectul-infiintare-si-amenajare-gradina-urbana-tasnad-cod-smis-300350-intre-adr-nord-vest-si-uat-tasnad","status":"publish","type":"post","link":"https:\/\/www.nord-vest.ro\/en\/a-fost-semnat-proiectul-infiintare-si-amenajare-gradina-urbana-tasnad-cod-smis-300350-intre-adr-nord-vest-si-uat-tasnad\/","title":{"rendered":"A fost semnat proiectul \u201e\u00cenfiin\u021bare \u0219i amenajare Gr\u0103dina Urban\u0103 T\u0103\u0219nad, Cod SMIS 300350\u201d \u00eentre ADR Nord-Vest \u0219i UAT T\u0103\u0219nad"},"content":{"rendered":"<div class=\"l-section-h i-cf\">\n<div class=\"g-cols via_grid cols_2-1 laptops-cols_inherit tablets-cols_inherit mobiles-cols_1 valign_top type_default\">\n<div class=\"wpb_column vc_column_container\">\n<div class=\"vc_column-inner\">\n<div class=\"wpb_text_column\">\n<div class=\"wpb_wrapper\">\n<p>Ast\u0103zi, 20 februarie 2024, a fost semnat contractul de finan\u021bare prin care UAT Ora\u0219ul T\u0103\u0219nad din Jude\u021bul Satu Mare va realiza proiectul \u201dGr\u0103dinii urbane T\u0103\u0219nad\u201d. Proiectul va transforma o zon\u0103 verde, prea pu\u021bin atractiv\u0103 \u00een prezent, \u00eentr-o zon\u0103 extrem de atractiv\u0103 pentru locuitorii ora\u0219ului \u0219i turi\u0219tii care viziteaz\u0103 localitatea pe parcursul anului.<\/p>\n<p>\u201dGr\u0103dina Urban\u0103 T\u0103\u0219nad\u201d va avea o suprafa\u021b\u0103 de peste 40.000 mp, va integra 16 zone pentru recreere \u00eencadrate de gr\u0103dini cu trandafiri, ideale pentru cei care vor c\u0103uta lini\u0219te \u0219i relaxare. Adolescen\u021bii \u0219i copiii vor beneficia de un amfiteatru natural, spa\u021bii de joac\u0103 \u0219i terenuri de sport. Aceast\u0103 oaz\u0103 verde a ora\u0219ului are poten\u021bialul de a deveni locul preferat at\u00e2t al v\u00e2rstnicilor, c\u00e2t \u0219i al tinerilor din localitate, un loc permanent animat de bucuria celor ce se vor bucura de facilit\u0103\u021bile oferite.<\/p>\n<p>Proiectul este finan\u021bat prin Prioritatea 3 \u2013 O regiune cu localit\u0103\u021bi prietenoase cu mediul din cadrul Programului Regional Nord-Vest 2021-2027.<\/p>\n<p>Valoarea total\u0103 a investi\u021biei este de aproximativ 5 milioane de euro \u0219i corespunde obiectivului de politic\u0103 \u2013 O Europ\u0103\u00a0mai\u00a0verde.<\/p>\n<\/div>\n<\/div>\n<\/div>\n<\/div>\n<div class=\"wpb_column vc_column_container\">\n<div class=\"vc_column-inner\">\n<div class=\"w-image align_center\">\n<div class=\"w-image-h\"><\/div>\n<\/div>\n<\/div>\n<\/div>\n<\/div>\n<\/div>\n<div class=\"l-section-h i-cf\">\n<div class=\"g-cols via_grid cols_1 laptops-cols_inherit tablets-cols_inherit mobiles-cols_1 valign_top type_default\">\n<div class=\"wpb_column vc_column_container\">\n<div class=\"vc_column-inner\">\n<div class=\"w-separator size_small with_line width_default thick_1 style_solid color_border align_center\">\n<div class=\"w-separator-h\"><\/div>\n<\/div>\n<div class=\"wpb_text_column\">\n<div class=\"wpb_wrapper\">\n<p>Programul Regional Nord-Vest 2021-2027 propune interven\u021bii pentru dezvoltarea capacit\u0103\u021bii de cercetare, dezvoltare, inovare \u0219i digitalizare, cre\u0219terea performan\u021bei energetice a fondului existent de cl\u0103diri publice \u0219i reziden\u021biale, valorificarea spa\u021biilor degradate de la nivelul ora\u0219elor, mobilitatea urban\u0103 sustenabil\u0103, investi\u021bii\u00a0 \u00een re\u021beaua de drumuri jude\u021bene \u0219i \u00een infrastructura educa\u021bional\u0103, precum \u0219i ac\u021biuni de valorificare a poten\u021bialului cultural, turistic \u0219i balnear.<\/p>\n<p>In the financial year 2021-2027, public authorities and institutions, the business environment, the academic and research environment and NGOs can obtain funding.<\/p>\n<p>The Northwest Regional Program benefits from a total allocation of 1,437,252,471 euros.<\/p>\n<p>Prioritatea 1 : O regiune competitiv\u0103 prin inovare, digitalizare \u0219i \u00eentreprinderi dinamice\u00a0 \u2013\u00a0 valoare total\u0103: 327.904.956 euro<br \/>\nPrioritatea 2 : O regiune cu localit\u0103\u021bi smart\u00a0 \u2013\u00a0 valoare total\u0103: 60.332.872 euro<br \/>\nPrioritatea 3 : O regiune cu localit\u0103\u021bi prietenoase cu mediul\u00a0 \u2013\u00a0 valoare total\u0103: 210.666.112 euro<br \/>\nPrioritatea 4 : O regiune cu mobilitate urban\u0103 multimodal\u0103 sustenabil\u0103\u00a0 \u2013\u00a0 valoare total\u0103: 305.155.751 euro<br \/>\nPrioritatea 5 : O regiune accesibil\u0103\u00a0 \u2013\u00a0 valoare total\u0103: 184.978.708 euro<br \/>\nPrioritatea 6 : O regiune educat\u0103\u00a0 \u2013\u00a0 valoare total\u0103: 77.386.100 euro<br \/>\nPrioritatea 7 : O regiune atractiv\u0103\u00a0 \u2013\u00a0 valoare total\u0103: 210.363.134 euro<br \/>\nAsisten\u021b\u0103 tehnic\u0103\u00a0 \u2013\u00a0 valoare total\u0103: 60.464.838\u00a0 euro<\/p>\n<p>More information about the Northwest Regional Program for 2021-2027 is available <a href=\"https:\/\/regionordvest.ro\/programul-regional-nv\/\" target=\"_blank\" rel=\"noopener\">here<\/a>, and the program can be consulted <a href=\"https:\/\/regionordvest.ro\/wp-content\/uploads\/2022\/10\/PR_NV_1.2_RO-1.pdf\" target=\"_blank\" rel=\"noopener\">here<\/a>.<\/p>\n<\/div>\n<\/div>\n<\/div>\n<\/div>\n<\/div>\n<\/div>\n<p>\u00a0\u00a0<\/p>","protected":false},"excerpt":{"rendered":"<p>Ast\u0103zi, 20 februarie 2024, a fost semnat contractul de finan\u021bare prin care UAT Ora\u0219ul T\u0103\u0219nad din Jude\u021bul Satu Mare va realiza proiectul \u201dGr\u0103dinii urbane T\u0103\u0219nad\u201d. Proiectul va transforma o zon\u0103 verde, prea pu\u021bin atractiv\u0103 \u00een prezent, \u00eentr-o zon\u0103 extrem de atractiv\u0103 pentru locuitorii ora\u0219ului \u0219i turi\u0219tii care viziteaz\u0103 localitatea pe parcursul anului. \u201dGr\u0103dina Urban\u0103 T\u0103\u0219nad\u201d&#8230;<\/p>","protected":false},"author":0,"featured_media":0,"comment_status":"","ping_status":"","sticky":false,"template":"","format":"standard","meta":{"footnotes":"","beyondwords_generate_audio":"","beyondwords_project_id":"","beyondwords_content_id":"","beyondwords_preview_token":"","beyondwords_player_style":"","beyondwords_language_id":"","beyondwords_title_voice_id":"","beyondwords_body_voice_id":"","beyondwords_summary_voice_id":"","beyondwords_error_message":"","beyondwords_disabled":"","beyondwords_delete_content":"","beyondwords_podcast_id":"","beyondwords_hash":"","publish_post_to_speechkit":"","speechkit_hash":"","speechkit_generate_audio":"","speechkit_project_id":"","speechkit_podcast_id":"","speechkit_error_message":"","speechkit_disabled":"","speechkit_access_key":"","speechkit_error":"","speechkit_info":"","speechkit_response":"","speechkit_retries":"","speechkit_status":"","speechkit_updated_at":"","_speechkit_link":"","_speechkit_text":""},"categories":[13,228],"tags":[],"class_list":["post-29001","post","type-post","status-publish","format-standard","has-post-thumbnail","hentry","category-noutati","category-por-2021-2027"],"publishpress_future_action":{"enabled":false,"date":"2026-05-07 21:59:42","action":"change-status","newStatus":"draft","terms":[],"taxonomy":"category"},"publishpress_future_workflow_manual_trigger":{"enabledWorkflows":[]},"_links":{"self":[{"href":"https:\/\/www.nord-vest.ro\/en\/wp-json\/wp\/v2\/posts\/29001","targetHints":{"allow":["GET"]}}],"collection":[{"href":"https:\/\/www.nord-vest.ro\/en\/wp-json\/wp\/v2\/posts"}],"about":[{"href":"https:\/\/www.nord-vest.ro\/en\/wp-json\/wp\/v2\/types\/post"}],"replies":[{"embeddable":true,"href":"https:\/\/www.nord-vest.ro\/en\/wp-json\/wp\/v2\/comments?post=29001"}],"version-history":[{"count":0,"href":"https:\/\/www.nord-vest.ro\/en\/wp-json\/wp\/v2\/posts\/29001\/revisions"}],"wp:attachment":[{"href":"https:\/\/www.nord-vest.ro\/en\/wp-json\/wp\/v2\/media?parent=29001"}],"wp:term":[{"taxonomy":"category","embeddable":true,"href":"https:\/\/www.nord-vest.ro\/en\/wp-json\/wp\/v2\/categories?post=29001"},{"taxonomy":"post_tag","embeddable":true,"href":"https:\/\/www.nord-vest.ro\/en\/wp-json\/wp\/v2\/tags?post=29001"}],"curies":[{"name":"wp","href":"https:\/\/api.w.org\/{rel}","templated":true}]}}