{"id":28931,"date":"2024-02-06T10:44:19","date_gmt":"2024-02-06T08:44:19","guid":{"rendered":"https:\/\/www.nord-vest.ro\/a-fost-semnat-proiectul-cresterea-eficientei-energetice-si-reabilitarea-cladirii-situate-in-oradea-strada-republicii-nr-35-cod-smis-300542\/"},"modified":"2024-02-06T14:35:30","modified_gmt":"2024-02-06T12:35:30","slug":"a-fost-semnat-proiectul-cresterea-eficientei-energetice-si-reabilitarea-cladirii-situate-in-oradea-strada-republicii-nr-35-cod-smis-300542","status":"publish","type":"post","link":"https:\/\/www.nord-vest.ro\/en\/a-fost-semnat-proiectul-cresterea-eficientei-energetice-si-reabilitarea-cladirii-situate-in-oradea-strada-republicii-nr-35-cod-smis-300542\/","title":{"rendered":"A fost semnat proiectul \u201eCre\u0219terea eficien\u021bei energetice \u0219i reabilitarea cl\u0103dirii situate \u00een Oradea strada Republicii nr.35, Cod SMIS 300542\u201d"},"content":{"rendered":"<section class=\"l-section wpb_row height_small\"><div class=\"l-section-h i-cf\"><div class=\"g-cols via_grid cols_1 laptops-cols_inherit tablets-cols_inherit mobiles-cols_1 valign_top type_default\"><div class=\"wpb_column vc_column_container\"><div class=\"vc_column-inner\"><div class=\"wpb_text_column\"><div class=\"wpb_wrapper\"><div class=\"l-section-h i-cf\">\n<div class=\"g-cols via_grid cols_1 laptops-cols_inherit tablets-cols_inherit mobiles-cols_1 valign_top type_default\">\n<div class=\"wpb_column vc_column_container\">\n<div class=\"vc_column-inner\">\n<div class=\"w-image align_center meta_simple\">\n<div class=\"w-image-meta\">\n<div class=\"w-image-description\">Cl\u0103direa Palatului Finan\u021belor Publice din Oradea, un monument istoric construit \u00een perioada 1899 \u2013 1900, va fi complet reabilitat\u0103 \u0219i modernizat\u0103 \u00een baza unui contract de finan\u021bare semnat de Consiliul Jude\u021bean Bihor pe parcursul acestei s\u0103pt\u0103m\u00e2ni \u0219i a c\u0103rui valoare total\u0103 este de peste 9,5 milioane de euro.<\/div>\n<\/div>\n<\/div>\n<div class=\"wpb_text_column\">\n<div class=\"wpb_wrapper\">\n<p>Proiectul este finan\u021bat prin Programul Regional Nord-Vest 2021-2027, Prioritatea 3 \u2013 O regiune cu localit\u0103\u021bi prietenoase cu mediul \u0219i va contribui la modernizarea cl\u0103dirii prin cre\u0219terea eficien\u021bei energetice \u0219i reabilitarea acesteia \u00een conformitate cu standardele europene, la diminuarea gazelor cu efect de ser\u0103 \u0219i eficientizarea consumului de combustibil sau de energie electric\u0103 prin implementarea tehnologiilor de eficien\u021b\u0103 energetic\u0103.<\/p>\n<p>Dup\u0103 finalizarea lucr\u0103rilor, cl\u0103direa va g\u0103zdui diverse direc\u021bii sau institu\u021bii din cadrul jude\u021bului Bihor, precum Direc\u021bia Arhitectului \u0218ef, Agen\u021bia de Dezvoltare Intercomunitar\u0103 Ecoland Bihor, Direc\u021bia General\u0103 de Asisten\u021b\u0103 Social\u0103 \u0219i Protec\u021bia Copilului (DGASPC) Bihor, Agen\u021bia de Dezvoltare Intercomunitar\u0103 Ecolect Group \u0219i ghi\u0219eul unic pentru toate institu\u021biile subordonate CJ Bihor.<\/p>\n<\/div>\n<\/div>\n<div class=\"w-separator size_small with_line width_default thick_1 style_solid color_border align_center\">\n<div class=\"w-separator-h\">\u00a0<\/div>\n<\/div>\n<div class=\"wpb_text_column\">\n<div class=\"wpb_wrapper\">\n<p>Programul Regional Nord-Vest 2021-2027 propune interven\u021bii pentru dezvoltarea capacit\u0103\u021bii de cercetare, dezvoltare, inovare \u0219i digitalizare, cre\u0219terea performan\u021bei energetice a fondului existent de cl\u0103diri publice \u0219i reziden\u021biale, valorificarea spa\u021biilor degradate de la nivelul ora\u0219elor, mobilitatea urban\u0103 sustenabil\u0103, investi\u021bii\u00a0 \u00een re\u021beaua de drumuri jude\u021bene \u0219i \u00een infrastructura educa\u021bional\u0103, precum \u0219i ac\u021biuni de valorificare a poten\u021bialului cultural, turistic \u0219i balnear.<br \/>\u00cen cadrul exerci\u021biului financiar 2021-2027, pot ob\u021bine finan\u021b\u0103ri autorit\u0103\u021bi \u0219i institu\u021bii publice, mediul de afaceri, mediul academic \u0219i de cercetare \u0219i ONG-urile. Programul Regional Nord-Vest beneficiaz\u0103 de o alocare total\u0103 de 1.437.252.471 euro.<\/p>\n<p>Prioritatea 1 : O regiune competitiv\u0103 prin inovare, digitalizare \u0219i \u00eentreprinderi dinamice\u00a0 \u2013\u00a0 valoare total\u0103: 327.904.956 euro<br \/>Prioritatea 2 : O regiune cu localit\u0103\u021bi smart\u00a0 \u2013\u00a0 valoare total\u0103: 60.332.872 euro<br \/>Prioritatea 3 : O regiune cu localit\u0103\u021bi prietenoase cu mediul\u00a0 \u2013\u00a0 valoare total\u0103: 210.666.112 euro<br \/>Prioritatea 4 : O regiune cu mobilitate urban\u0103 multimodal\u0103 sustenabil\u0103\u00a0 \u2013\u00a0 valoare total\u0103: 305.155.751 euro<br \/>Prioritatea 5 : O regiune accesibil\u0103\u00a0 \u2013\u00a0 valoare total\u0103: 184.978.708 euro<br \/>Prioritatea 6 : O regiune educat\u0103\u00a0 \u2013\u00a0 valoare total\u0103: 77.386.100 euro<br \/>Prioritatea 7 : O regiune atractiv\u0103\u00a0 \u2013\u00a0 valoare total\u0103: 210.363.134 euro<br \/>Asisten\u021b\u0103 tehnic\u0103\u00a0 \u2013\u00a0 valoare total\u0103: 60.464.838\u00a0 euro<\/p>\n<p>More information about the Northwest Regional Program for 2021-2027 is available <a href=\"https:\/\/regionordvest.ro\/programul-regional-nv\/\" target=\"_blank\" rel=\"noopener\">here<\/a>, and the program can be consulted <a href=\"https:\/\/regionordvest.ro\/wp-content\/uploads\/2022\/10\/PR_NV_1.2_RO-1.pdf\" target=\"_blank\" rel=\"noopener\">here<\/a>.<\/p>\n<\/div>\n<\/div>\n<\/div>\n<\/div>\n<\/div>\n<\/div>\n<p>&nbsp;<\/p>\n<p>&nbsp;<\/p>\n<\/div><\/div><\/div><\/div><\/div><\/div><\/section>","protected":false},"excerpt":{"rendered":"Cl\u0103direa Palatului Finan\u021belor Publice din Oradea, un monument istoric construit \u00een perioada 1899 \u2013 1900, va fi complet reabilitat\u0103 \u0219i modernizat\u0103 \u00een baza unui contract de finan\u021bare semnat de Consiliul Jude\u021bean Bihor pe parcursul acestei s\u0103pt\u0103m\u00e2ni \u0219i a c\u0103rui valoare total\u0103 este de peste 9,5 milioane de euro. Proiectul este finan\u021bat prin Programul Regional Nord-Vest...","protected":false},"author":1,"featured_media":0,"comment_status":"closed","ping_status":"closed","sticky":false,"template":"","format":"standard","meta":{"footnotes":"","beyondwords_generate_audio":"1","beyondwords_project_id":"21144","beyondwords_content_id":"65861033-9084-4867-bc9e-8e3567d1a07b","beyondwords_preview_token":"","beyondwords_player_style":"standard","beyondwords_language_id":"","beyondwords_title_voice_id":"","beyondwords_body_voice_id":"","beyondwords_summary_voice_id":"","beyondwords_error_message":"","beyondwords_disabled":"","beyondwords_delete_content":"","beyondwords_podcast_id":"65861033-9084-4867-bc9e-8e3567d1a07b","beyondwords_hash":"","publish_post_to_speechkit":"","speechkit_hash":"","speechkit_generate_audio":"","speechkit_project_id":"","speechkit_podcast_id":"","speechkit_error_message":"","speechkit_disabled":"","speechkit_access_key":"","speechkit_error":"","speechkit_info":"","speechkit_response":"","speechkit_retries":"","speechkit_status":"","speechkit_updated_at":"","_speechkit_link":"","_speechkit_text":""},"categories":[13,228],"tags":[],"class_list":["post-28931","post","type-post","status-publish","format-standard","has-post-thumbnail","hentry","category-noutati","category-por-2021-2027"],"publishpress_future_action":{"enabled":false,"date":"2026-05-04 04:36:34","action":"change-status","newStatus":"draft","terms":[],"taxonomy":"category"},"publishpress_future_workflow_manual_trigger":{"enabledWorkflows":[]},"_links":{"self":[{"href":"https:\/\/www.nord-vest.ro\/en\/wp-json\/wp\/v2\/posts\/28931","targetHints":{"allow":["GET"]}}],"collection":[{"href":"https:\/\/www.nord-vest.ro\/en\/wp-json\/wp\/v2\/posts"}],"about":[{"href":"https:\/\/www.nord-vest.ro\/en\/wp-json\/wp\/v2\/types\/post"}],"author":[{"embeddable":true,"href":"https:\/\/www.nord-vest.ro\/en\/wp-json\/wp\/v2\/users\/1"}],"replies":[{"embeddable":true,"href":"https:\/\/www.nord-vest.ro\/en\/wp-json\/wp\/v2\/comments?post=28931"}],"version-history":[{"count":1,"href":"https:\/\/www.nord-vest.ro\/en\/wp-json\/wp\/v2\/posts\/28931\/revisions"}],"predecessor-version":[{"id":28932,"href":"https:\/\/www.nord-vest.ro\/en\/wp-json\/wp\/v2\/posts\/28931\/revisions\/28932"}],"wp:attachment":[{"href":"https:\/\/www.nord-vest.ro\/en\/wp-json\/wp\/v2\/media?parent=28931"}],"wp:term":[{"taxonomy":"category","embeddable":true,"href":"https:\/\/www.nord-vest.ro\/en\/wp-json\/wp\/v2\/categories?post=28931"},{"taxonomy":"post_tag","embeddable":true,"href":"https:\/\/www.nord-vest.ro\/en\/wp-json\/wp\/v2\/tags?post=28931"}],"curies":[{"name":"wp","href":"https:\/\/api.w.org\/{rel}","templated":true}]}}