{"id":28910,"date":"2024-02-05T14:44:27","date_gmt":"2024-02-05T12:44:27","guid":{"rendered":"https:\/\/www.nord-vest.ro\/a-fost-semnat-proiectul-infiintare-si-amenajare-parc-botanic-gradina-urbana-transilvania-cod-smis-300352\/"},"modified":"2024-02-05T14:44:27","modified_gmt":"2024-02-05T12:44:27","slug":"a-fost-semnat-proiectul-infiintare-si-amenajare-parc-botanic-gradina-urbana-transilvania-cod-smis-300352","status":"publish","type":"post","link":"https:\/\/www.nord-vest.ro\/en\/a-fost-semnat-proiectul-infiintare-si-amenajare-parc-botanic-gradina-urbana-transilvania-cod-smis-300352\/","title":{"rendered":"A fost semnat proiectul \u201e\u00cenfiin\u021bare \u0219i Amenajare Parc Botanic \u201cGr\u0103dina Urban\u0103 Transilvania, Cod SMIS 300352\u201d"},"content":{"rendered":"<div class=\"l-section-h i-cf\">\n<div class=\"g-cols via_grid cols_1 laptops-cols_inherit tablets-cols_inherit mobiles-cols_1 valign_top type_default\">\n<div class=\"wpb_column vc_column_container\">\n<div class=\"vc_column-inner\">\n<div class=\"w-image align_none\">\n<div class=\"w-image-h\"><\/div>\n<\/div>\n<div class=\"wpb_text_column\">\n<div class=\"wpb_wrapper\">\n<p><strong>\u00a0<\/strong><\/p>\n<p>\u00cenceputul lunii februarie completeaz\u0103 lista contractelor de finan\u021bare din cadrul Programului Regional Nord-Vest 2021-2027 cu un prim contract semnat pentru Prioritatea 3 \u2013 O regiune cu localit\u0103\u021bi prietenoase cu mediul. Ora\u0219ul Beclean va implementa un proiect \u00een valoare de aproape 5 milioane de euro pentru \u00cenfiin\u021barea \u0219i Amenajarea Parcului Botanic \u201cGr\u0103dina Urban\u0103 Transilvania\u201d.<\/p>\n<p>Proiectul implic\u0103 amenajarea unui parc botanic cu o suprafa\u021ba de 49 de hectare, \u00eenconjurat de o pist\u0103 de biciclete, un spa\u021biu educa\u021bional \u00een care va fi integrat\u0103 o cre\u0219\u0103-gr\u0103dini\u021b\u0103, un cluster de robotic\u0103 \u0219i laboratoare de studiu moderne.<\/p>\n<p>Astfel, cunoscutele B\u0103i Figa vor avea parte de un proiect complementar prin realizarea Gr\u0103dinii Urbane Transilvania, iar locuitorii regiunii noastre vor beneficia de un spa\u021biu verde ideal pentru de petrecerea timpului liber.<\/p>\n<p>Proiectul a fost prezentat \u0219i la Bruxelles pe parcursul S\u0103pt\u0103m\u00e2nii Europene a Regiunilor \u0219i Ora\u0219elor, iar conceptul s\u0103u vizionar deschide noi oportunit\u0103\u021bi de dezvoltare local\u0103 \u0219i poate reprezenta un model de bune practici la nivel european pentru obiectivul de politic\u0103 \u2013 O Europ\u0103 mai verde.<\/p>\n<\/div>\n<\/div>\n<div class=\"w-separator size_small with_line width_default thick_1 style_solid color_border align_center\">\n<div class=\"w-separator-h\"><\/div>\n<\/div>\n<div class=\"wpb_text_column\">\n<div class=\"wpb_wrapper\">\n<p>Programul Regional Nord-Vest 2021-2027 propune interven\u021bii pentru dezvoltarea capacit\u0103\u021bii de cercetare, dezvoltare, inovare \u0219i digitalizare, cre\u0219terea performan\u021bei energetice a fondului existent de cl\u0103diri publice \u0219i reziden\u021biale, valorificarea spa\u021biilor degradate de la nivelul ora\u0219elor, mobilitatea urban\u0103 sustenabil\u0103, investi\u021bii\u00a0 \u00een re\u021beaua de drumuri jude\u021bene \u0219i \u00een infrastructura educa\u021bional\u0103, precum \u0219i ac\u021biuni de valorificare a poten\u021bialului cultural, turistic \u0219i balnear.<\/p>\n<p>In the financial year 2021-2027, public authorities and institutions, the business environment, the academic and research environment and NGOs can obtain funding.<\/p>\n<p>The Northwest Regional Program benefits from a total allocation of 1,437,252,471 euros.<\/p>\n<p>Prioritatea 1 : O regiune competitiv\u0103 prin inovare, digitalizare \u0219i \u00eentreprinderi dinamice\u00a0 \u2013\u00a0 valoare total\u0103: 327.904.956 euro<br \/>\nPrioritatea 2 : O regiune cu localit\u0103\u021bi smart\u00a0 \u2013\u00a0 valoare total\u0103: 60.332.872 euro<br \/>\nPrioritatea 3 : O regiune cu localit\u0103\u021bi prietenoase cu mediul\u00a0 \u2013\u00a0 valoare total\u0103: 210.666.112 euro<br \/>\nPrioritatea 4 : O regiune cu mobilitate urban\u0103 multimodal\u0103 sustenabil\u0103\u00a0 \u2013\u00a0 valoare total\u0103: 305.155.751 euro<br \/>\nPrioritatea 5 : O regiune accesibil\u0103\u00a0 \u2013\u00a0 valoare total\u0103: 184.978.708 euro<br \/>\nPrioritatea 6 : O regiune educat\u0103\u00a0 \u2013\u00a0 valoare total\u0103: 77.386.100 euro<br \/>\nPrioritatea 7 : O regiune atractiv\u0103\u00a0 \u2013\u00a0 valoare total\u0103: 210.363.134 euro<br \/>\nAsisten\u021b\u0103 tehnic\u0103\u00a0 \u2013\u00a0 valoare total\u0103: 60.464.838\u00a0 euro<\/p>\n<p>More information about the Northwest Regional Program for 2021-2027 is available\u00a0<a href=\"https:\/\/regionordvest.ro\/programul-regional-nv\/\" target=\"_blank\" rel=\"noopener\">here<\/a>, and the program can be consulted\u00a0<a href=\"https:\/\/regionordvest.ro\/wp-content\/uploads\/2022\/10\/PR_NV_1.2_RO-1.pdf\" target=\"_blank\" rel=\"noopener\">here<\/a>.<\/p>\n<\/div>\n<\/div>\n<\/div>\n<\/div>\n<\/div>\n<\/div>\n<p>\u00a0\u00a0<\/p>","protected":false},"excerpt":{"rendered":"<p>\u00a0 \u00cenceputul lunii februarie completeaz\u0103 lista contractelor de finan\u021bare din cadrul Programului Regional Nord-Vest 2021-2027 cu un prim contract semnat pentru Prioritatea 3 \u2013 O regiune cu localit\u0103\u021bi prietenoase cu mediul. Ora\u0219ul Beclean va implementa un proiect \u00een valoare de aproape 5 milioane de euro pentru \u00cenfiin\u021barea \u0219i Amenajarea Parcului Botanic \u201cGr\u0103dina Urban\u0103 Transilvania\u201d. Proiectul&#8230;<\/p>","protected":false},"author":0,"featured_media":0,"comment_status":"","ping_status":"","sticky":false,"template":"","format":"standard","meta":{"footnotes":"","beyondwords_generate_audio":"","beyondwords_project_id":"","beyondwords_content_id":"","beyondwords_preview_token":"","beyondwords_player_style":"","beyondwords_language_id":"","beyondwords_title_voice_id":"","beyondwords_body_voice_id":"","beyondwords_summary_voice_id":"","beyondwords_error_message":"","beyondwords_disabled":"","beyondwords_delete_content":"","beyondwords_podcast_id":"","beyondwords_hash":"","publish_post_to_speechkit":"","speechkit_hash":"","speechkit_generate_audio":"","speechkit_project_id":"","speechkit_podcast_id":"","speechkit_error_message":"","speechkit_disabled":"","speechkit_access_key":"","speechkit_error":"","speechkit_info":"","speechkit_response":"","speechkit_retries":"","speechkit_status":"","speechkit_updated_at":"","_speechkit_link":"","_speechkit_text":""},"categories":[13,228],"tags":[],"class_list":["post-28910","post","type-post","status-publish","format-standard","has-post-thumbnail","hentry","category-noutati","category-por-2021-2027"],"publishpress_future_action":{"enabled":false,"date":"2026-05-04 07:54:59","action":"change-status","newStatus":"draft","terms":[],"taxonomy":"category"},"publishpress_future_workflow_manual_trigger":{"enabledWorkflows":[]},"_links":{"self":[{"href":"https:\/\/www.nord-vest.ro\/en\/wp-json\/wp\/v2\/posts\/28910","targetHints":{"allow":["GET"]}}],"collection":[{"href":"https:\/\/www.nord-vest.ro\/en\/wp-json\/wp\/v2\/posts"}],"about":[{"href":"https:\/\/www.nord-vest.ro\/en\/wp-json\/wp\/v2\/types\/post"}],"replies":[{"embeddable":true,"href":"https:\/\/www.nord-vest.ro\/en\/wp-json\/wp\/v2\/comments?post=28910"}],"version-history":[{"count":0,"href":"https:\/\/www.nord-vest.ro\/en\/wp-json\/wp\/v2\/posts\/28910\/revisions"}],"wp:attachment":[{"href":"https:\/\/www.nord-vest.ro\/en\/wp-json\/wp\/v2\/media?parent=28910"}],"wp:term":[{"taxonomy":"category","embeddable":true,"href":"https:\/\/www.nord-vest.ro\/en\/wp-json\/wp\/v2\/categories?post=28910"},{"taxonomy":"post_tag","embeddable":true,"href":"https:\/\/www.nord-vest.ro\/en\/wp-json\/wp\/v2\/tags?post=28910"}],"curies":[{"name":"wp","href":"https:\/\/api.w.org\/{rel}","templated":true}]}}