{"id":28861,"date":"2024-02-02T09:00:35","date_gmt":"2024-02-02T07:00:35","guid":{"rendered":"https:\/\/www.nord-vest.ro\/?p=28861"},"modified":"2026-03-17T12:59:24","modified_gmt":"2026-03-17T10:59:24","slug":"achizitie-servicii-de-inchiriere-sala-si-servicii-de-catering","status":"publish","type":"post","link":"https:\/\/www.nord-vest.ro\/en\/achizitie-servicii-de-inchiriere-sala-si-servicii-de-catering\/","title":{"rendered":"Achizi\u021bie servicii de \u00eenchiriere sal\u0103 \u0219i servicii de catering"},"content":{"rendered":"<section class=\"l-section wpb_row height_small\"><div class=\"l-section-h i-cf\"><div class=\"g-cols via_grid cols_1 laptops-cols_inherit tablets-cols_inherit mobiles-cols_1 valign_top type_default\"><div class=\"wpb_column vc_column_container\"><div class=\"vc_column-inner\"><div class=\"wpb_text_column\"><div class=\"wpb_wrapper\"><p><strong>Privind achizi\u021bia de<\/strong>: Achizi\u021bia de servicii de \u00eenchiriere sal\u0103 de evenimente \u0219i servicii de catering \u00een vederea organiz\u0103rii grupului de lucru al Cloud-ului regional. Evenimentul se va desf\u0103\u0219ura \u00een municipiul Cluj-Napoca \u0219i va reuni responsabilii UAT-urilor din Regiunea de Dezvoltare Nord-Vest.<\/p>\n<p><strong>Obiect achizi\u021bie<\/strong>: Achizi\u021bia de servicii de \u00eenchiriere sal\u0103 de evenimente \u0219i servicii de catering \u00een vederea organiz\u0103rii grupului de lucru al Cloud-ului regional. Evenimentul se va desf\u0103\u0219ura \u00een municipiul Cluj-Napoca \u0219i va reuni responsabilii UAT-urilor din Regiunea de Dezvoltare Nord-Vest.<\/p>\n<p><strong>Loca\u021bia: Municipiul Cluj-Napoca<\/strong><\/p>\n<p><strong>Valoare estimat\u0103 \u00een lei f\u0103r\u0103 TVA a serviciilor:<\/strong> Valoarea estimat\u0103 a serviciilor de \u00eenchiriere a s\u0103lii de conferin\u021b\u0103 este 2.700 lei + TVA, iar valoarea estimat\u0103 a serviciilor de catering este 160 lei\/participant + TVA<\/p>\n<p><strong>CPV codes:<\/strong> 55500000-5 servicii de cantin\u0103 \u015fi servicii de catering \u0219i 79952000-2 servicii \u00eenchiriere sal\u0103<\/p>\n<p><strong>Perioada: 12 februarie 2024, intervalul orar 12:00 \u2013 18:00<\/strong><\/p>\n<p><strong>Num\u0103rul estimat de participan\u021bi: 45<\/strong><\/p>\n<p><strong>Purchase object description:<\/strong> Achizi\u021bia de servicii de \u00eenchiriere sal\u0103 de evenimente \u0219i servicii de catering \u00een vederea organiz\u0103rii grupului de lucru al Cloud-ului regional. Evenimentul se va desf\u0103\u0219ura \u00een municipiul Cluj-Napoca \u0219i va reuni responsabilii UAT-urilor din Regiunea de Dezvoltare Nord-Vest.<\/p>\n<p><strong>I. Servicii \u00eenchiriere sal\u0103 de conferin\u021be<\/strong><\/p>\n<p>\u2022 Loca\u021bia s\u0103lii: Municipiul Cluj-Napoca, fiind excluse loca\u021biile situate la subsol sau la demisol<br \/>\n\u2022 Disponibilitate \u00een intervalul orar 12:00 \u2013 18:00<br \/>\n\u2022 Dot\u0103ri minime:<\/p>\n<ul>\n<li>sound system<\/li>\n<li>internet wireless<\/li>\n<li>2 microfoane mobile<\/li>\n<li>1 videoproiector<\/li>\n<li>1 ecran de proiec\u021bie<\/li>\n<li>\u00a0flip chart<\/li>\n<li>markere<\/li>\n<\/ul>\n<p>\u2022 Organizarea s\u0103lii, respectiv dispunerea mesele \u0219i scaunelor se va stabili la fa\u021ba locului de comun acord cu autoritatea contractant\u0103.<\/p>\n<p>Valoarea estimat\u0103 a serviciilor de \u00eenchiriere a s\u0103lii de conferin\u021b\u0103: maximum 2.700 RON\/zi + TVA<\/p>\n<p><strong>II. Servicii de servire a mesei<\/strong><\/p>\n<p><strong>a) WELCOME COFFEE<\/strong><\/p>\n<p>\u2022 Cafea, ceai, zah\u0103r\/miere, lapte, paletine, ap\u0103 plat\u0103 (minimum 250 ml\/participant), ap\u0103 mineral\u0103 (minimum 250 ml\/participant)<\/p>\n<p>Valoarea estimat\u0103 a serviciilor de \u201eWelcome Coffee\u201d: 20 RON\/persoan\u0103 + TVA<\/p>\n<p><strong>b) COFFEE BREAK<\/strong><br \/>\n\u2022 Cafea, ceai, zah\u0103r\/miere, lapte, paletine, ap\u0103 plat\u0103 (minimum 250 ml\/participant), ap\u0103 mineral\u0103 (minimum 250 ml\/participant)<\/p>\n<p>Valoarea estimat\u0103 a serviciilor de \u201eCoffee Break\u201d: 20 RON\/persoan\u0103 + TVA<\/p>\n<p><strong>c) MENIU PR\u00c2NZ<\/strong><\/p>\n<p>Gustare rece &#8211; minimum 600 g\/participant \u0219i o varietate de cel pu\u021bin 12 sortimente de aperitive \u0219i salate\/bufet de salate<br \/>\nFel principal<br \/>\n\u2022 Ciorb\u0103\/sup\u0103 \u2013 minimum 150 g\/participant<br \/>\n\u2022 Preparat de baz\u0103 \u2013 minimum 500 g \u0219i o varietate de cel pu\u021bin dou\u0103 sortimente de garnitur\u0103 \u0219i dou\u0103 preparate pe baz\u0103 de carne de porc \u0219i carne de pui<br \/>\nDesert \u2013 minimum 160 g\/participant \u0219i o varietate de cel pu\u021bin dou\u0103 sortimente de pr\u0103jituri de tip tart\u0103 sau pandi\u0219pan\/chec pufos\/negres\u0103<br \/>\nAssortments of bread<br \/>\nAp\u0103 plat\u0103 \u2013 minimum 250 ml\/participant<br \/>\nAp\u0103 mineral\u0103 \u2013 minimum 250 ml\/participant<\/p>\n<p>Valoarea estimat\u0103 a serviciilor de pr\u00e2nz: 120 RON\/persoan\u0103 + TVA<\/p>\n<p>Oferta financiar\u0103 va fi prezentat\u0103 pentru fiecare serviciu \u00een parte, indic\u00e2ndu-se pre\u021bul cu \u0219i f\u0103r\u0103 TVA. Ofertantul va indica gramajul gust\u0103rii reci, al ciorbei, al preparatului de baz\u0103 \u0219i al desertului per persoan\u0103.<\/p>\n<p>Accesoriile de tipul &#8211; fe\u021be de mas\u0103, vesel\u0103, pahare, tac\u00e2muri, condimente etc. \u2013 vor fi asigurate \u00een func\u021bie de num\u0103rul de participan\u021bi comunicat de autoritatea contractant\u0103 \u0219i vor fi din materii prime regenerabile. Nu se accept\u0103 pahare, ce\u0219ti, tac\u00e2muri de unic\u0103 folosin\u021b\u0103 confec\u021bionate din plastic. De asemenea, se va asigura cur\u0103\u021benia la locul servirii mesei.<\/p>\n<p>Gramajele preparatelor \u0219i sortimentele de m\u00e2ncare trebuie s\u0103 respecte normativele \u00een vigoare (asocierea corect\u0103 a alimentelor \u0219i a preparatelor din structura meniurilor, ordonarea ra\u021bional\u0103 a preparatelor \u00een structura meniurilor etc). Produsele care intr\u0103 \u00een componen\u021ba serviciilor de \u201eCoffee Break\u201d \u0219i pr\u00e2nz trebuie s\u0103 fie proaspete, bine preparate (nu arse sau crude\/\u00een s\u00e2nge), calde sau reci, \u00een func\u021bie de preparat \u0219i de recomandarea de servire a acestuia, iar prestarea serviciilor trebuie s\u0103 respecte normele stabilite de legisla\u021bia \u00een vigoare.<\/p>\n<p>Criteriul utilizat pentru atribuirea contractului este Pre\u021bul cel mai sc\u0103zut.<br \/>\nInforma\u0163ii suplimentare se pot ob\u0163ine de la Autoritatea Contractant\u0103: ADR Nord-Vest, sediul secundar din Cluj-Napoca, Calea Doroban\u0163ilor nr. 3, cod 400118, tel +40264431550, fax:+40 264439222, email achizitii@nord-vest.ro, \u00een aten\u0163ia Biroului de Achizi\u0163ii Publice.<br \/>\nNum\u0103rul final de participan\u0163i se va confirma cu o zi \u00eenaintea evenimentului, iar acesta poate fi mai mare sau mai mic fa\u0163\u0103 de num\u0103rul estimat ini\u021bial.<\/p>\n<p>Contract: NO<br \/>\nTermen de livrare\/prestare\/executare conform cu specifica\u021biile tehnice<\/p>\n<p><strong>Criteriul de atribuire: pre\u021bul cel mai sc\u0103zut \/ total ofert\u0103, \u00een condi\u021biile \u00eendeplinirii \u00een totalitate a cerin\u021belor \u0219i specifica\u021biilor tehnice.<\/strong><\/p>\n<p><strong>Termen depunere oferte 05.02.2024 ora 11<\/strong><br \/>\nOffers are sent by email to the address <a href=\"mailto:achizitii@nord-vest.ro\">achizitii@nord-vest.ro<\/a><br \/>\nThe language of the offer is Romanian.<\/p>\n<p>Additional information can be obtained from the Contracting Authority: ADR Nord-Vest, secondary office in Cluj-Napoca, Calea Dorobantilor no 3, code 400118, phone +40264431550, fax: +40 264439222, email <a href=\"mailto:achizitii@nord-vest.ro\">achizitii@nord-vest.ro<\/a>, to the attention of the Public Procurement Office.<\/p>\n<\/div><\/div><\/div><\/div><\/div><\/div><\/section>","protected":false},"excerpt":{"rendered":"Privind achizi\u021bia de: Achizi\u021bia de servicii de \u00eenchiriere sal\u0103 de evenimente \u0219i servicii de catering \u00een vederea organiz\u0103rii grupului de lucru al Cloud-ului regional. Evenimentul se va desf\u0103\u0219ura \u00een municipiul Cluj-Napoca \u0219i va reuni responsabilii UAT-urilor din Regiunea de Dezvoltare Nord-Vest. Obiect achizi\u021bie: Achizi\u021bia de servicii de \u00eenchiriere sal\u0103 de evenimente \u0219i servicii de catering...","protected":false},"author":41,"featured_media":26245,"comment_status":"closed","ping_status":"closed","sticky":false,"template":"","format":"standard","meta":{"footnotes":"","beyondwords_generate_audio":"1","beyondwords_project_id":"21144","beyondwords_content_id":"6bcad676-fa9f-41e7-a52a-f74948f09398","beyondwords_preview_token":"4006f5ab-24fe-4299-b7a9-fc7f56f37b9d","beyondwords_player_style":"standard","beyondwords_language_id":"","beyondwords_title_voice_id":"","beyondwords_body_voice_id":"","beyondwords_summary_voice_id":"","beyondwords_error_message":"","beyondwords_disabled":"","beyondwords_delete_content":"","beyondwords_podcast_id":"6bcad676-fa9f-41e7-a52a-f74948f09398","beyondwords_hash":"00db2d0ea20288f467c7c88436015c1e5f4c113a","publish_post_to_speechkit":"","speechkit_hash":"","speechkit_generate_audio":"","speechkit_project_id":"","speechkit_podcast_id":"","speechkit_error_message":"","speechkit_disabled":"","speechkit_access_key":"","speechkit_error":"","speechkit_info":"","speechkit_response":"","speechkit_retries":"","speechkit_status":"","speechkit_updated_at":"","_speechkit_link":"","_speechkit_text":""},"categories":[286,271,119,250],"tags":[],"class_list":["post-28861","post","type-post","status-publish","format-standard","has-post-thumbnail","hentry","category-achizitiivanzare","category-achizitii-2","category-achizitii","category-achizitiinoutati"],"publishpress_future_action":{"enabled":false,"date":"2026-05-04 09:14:16","action":"change-status","newStatus":"draft","terms":[],"taxonomy":"category"},"publishpress_future_workflow_manual_trigger":{"enabledWorkflows":[]},"_links":{"self":[{"href":"https:\/\/www.nord-vest.ro\/en\/wp-json\/wp\/v2\/posts\/28861","targetHints":{"allow":["GET"]}}],"collection":[{"href":"https:\/\/www.nord-vest.ro\/en\/wp-json\/wp\/v2\/posts"}],"about":[{"href":"https:\/\/www.nord-vest.ro\/en\/wp-json\/wp\/v2\/types\/post"}],"author":[{"embeddable":true,"href":"https:\/\/www.nord-vest.ro\/en\/wp-json\/wp\/v2\/users\/41"}],"replies":[{"embeddable":true,"href":"https:\/\/www.nord-vest.ro\/en\/wp-json\/wp\/v2\/comments?post=28861"}],"version-history":[{"count":4,"href":"https:\/\/www.nord-vest.ro\/en\/wp-json\/wp\/v2\/posts\/28861\/revisions"}],"predecessor-version":[{"id":28865,"href":"https:\/\/www.nord-vest.ro\/en\/wp-json\/wp\/v2\/posts\/28861\/revisions\/28865"}],"wp:featuredmedia":[{"embeddable":true,"href":"https:\/\/www.nord-vest.ro\/en\/wp-json\/wp\/v2\/media\/26245"}],"wp:attachment":[{"href":"https:\/\/www.nord-vest.ro\/en\/wp-json\/wp\/v2\/media?parent=28861"}],"wp:term":[{"taxonomy":"category","embeddable":true,"href":"https:\/\/www.nord-vest.ro\/en\/wp-json\/wp\/v2\/categories?post=28861"},{"taxonomy":"post_tag","embeddable":true,"href":"https:\/\/www.nord-vest.ro\/en\/wp-json\/wp\/v2\/tags?post=28861"}],"curies":[{"name":"wp","href":"https:\/\/api.w.org\/{rel}","templated":true}]}}