{"id":28811,"date":"2024-01-30T08:44:24","date_gmt":"2024-01-30T06:44:24","guid":{"rendered":"https:\/\/www.nord-vest.ro\/invitatie-la-sesiunea-de-consultare-pe-tema-dezvoltarii-unui-fond-de-investitii\/"},"modified":"2024-02-02T13:43:51","modified_gmt":"2024-02-02T11:43:51","slug":"invitatie-la-sesiunea-de-consultare-pe-tema-dezvoltarii-unui-fond-de-investitii","status":"publish","type":"post","link":"https:\/\/www.nord-vest.ro\/en\/invitatie-la-sesiunea-de-consultare-pe-tema-dezvoltarii-unui-fond-de-investitii\/","title":{"rendered":"Invita\u021bie la Sesiunea de consultare pe tema dezvolt\u0103rii unui fond de investi\u021bii"},"content":{"rendered":"<div class=\"l-section-h i-cf\">\r\n<div class=\"g-cols via_grid cols_1 laptops-cols_inherit tablets-cols_inherit mobiles-cols_1 valign_top type_default\">\r\n<div class=\"wpb_column vc_column_container\">\r\n<div class=\"vc_column-inner\">\r\n<div class=\"g-cols wpb_row via_grid cols_1-4-1 laptops-cols_inherit tablets-cols_inherit mobiles-cols_1 valign_top type_default\">\r\n<div class=\"wpb_column vc_column_container\">\r\n<div class=\"vc_column-inner\">\u00a0<\/div>\r\n<\/div>\r\n<div class=\"wpb_column vc_column_container\">\r\n<div class=\"vc_column-inner\">\r\n<div class=\"w-image align_center\">\r\n<div class=\"w-image-h\">\u00a0<\/div>\r\n<\/div>\r\n<\/div>\r\n<\/div>\r\n<div class=\"wpb_column vc_column_container\">\r\n<div class=\"vc_column-inner\">\u00a0<\/div>\r\n<\/div>\r\n<\/div>\r\n<div class=\"w-separator size_medium\">\u00a0<\/div>\r\n<div class=\"wpb_text_column\">\r\n<div class=\"wpb_wrapper\">\r\n<p><strong>Agen\u0163ia de Dezvoltare Regional\u0103 Nord-Vest (ADR N-V)<\/strong> \u00een calitate de <strong>Autoritate de Management pentru Programul Regional Nord-Vest 2021-2027 <\/strong>v\u0103 invit\u0103 s\u0103 participa\u021bi <strong>joi, 8 februarie 2024<\/strong>, <strong>ora 10:00<\/strong>, la o sesiune de consultare pe tema dezvolt\u0103rii unui fond de investi\u021bii de tip venture capital pentru startup-urile din Regiunea de Dezvoltare Nord-Vest, cu o contribu\u021bie propus\u0103 din FEDR \u0219i Bugetul de stat de 23.529.411,80 EURO.<\/p>\r\n<p>ADR N-V se afl\u0103 \u00een etapele finale de preg\u0103tire a documenta\u021biei de selec\u021bie a unui administrator de fond \u0219i invit\u0103 la consult\u0103ri profesioni\u0219ti din ecosistemul regional de startup-uri pentru a discuta pe marginea urm\u0103toarelor subiecte:<\/p>\r\n<p>Procedura de selec\u021bie a administratorului de fond;<br \/>Durata de via\u021b\u0103 a fondului de investi\u021bii;<br \/>Interval relevant pentru comisionul de administrare a fondului de investi\u021bii;<br \/>Valoare maxim\u0103 fond (inclusiv cu contribu\u021bie privat\u0103);<br \/>Elemente de negociere \u00een procesul de selec\u021bie \u0219i atribuire;<br \/>Indicatori din cadrul Programului Regional Nord-Vest 2021-2027;<\/p>\r\n<p>Pentru a participa la \u00eent\u00e2lnire, v\u0103 rug\u0103m s\u0103 ne transmite\u021bi un email prin care confirma\u021bi prezen\u021ba dumneavoastr\u0103, \u00een care men\u021biona\u021bi numele \u0219i institu\u021bia pe care o reprezenta\u021bi, la adresa de email <a href=\"mailto:specializare.inteligent%C4%83@nord-vest.ro\"><strong>specializare.inteligent\u0103@nord-vest.ro<\/strong><\/a>. V\u0103 rug\u0103m s\u0103 ne confirma\u021bi inten\u021bia de a participa la \u00eent\u00e2lnirea de consultare p\u00e2n\u0103 la data de <strong>6 februarie 2024. <\/strong>Confirmarea de participare \u0219i linkul de acces v\u0103 vor fi furnizate ulterior \u00eenscrierii la \u00eent\u00e2lnire.<\/p>\r\n<\/div>\r\n<\/div>\r\n<div class=\"w-separator size_medium\">\u00a0<\/div>\r\n<div class=\"g-cols wpb_row via_grid cols_1-4-1 laptops-cols_inherit tablets-cols_inherit mobiles-cols_1 valign_top type_default\">\r\n<div class=\"wpb_column vc_column_container\">\r\n<div class=\"vc_column-inner\">\u00a0<\/div>\r\n<\/div>\r\n<div class=\"wpb_column vc_column_container\">\r\n<div class=\"vc_column-inner\">\r\n<div class=\"w-image align_center\">\r\n<div class=\"w-image-h\">\u00a0<\/div>\r\n<\/div>\r\n<div class=\"w-separator size_custom\">\u00a0<\/div>\r\n<div class=\"wpb_text_column\">\r\n<div class=\"wpb_wrapper\">\r\n<p><a href=\"http:\/\/www.regionordvest.ro\/\" target=\"_blank\" rel=\"noopener\"><strong>www.regionordvest.ro<\/strong><\/a><strong> I <\/strong><a href=\"http:\/\/www.nord-vest.ro\/en\/\" target=\"_blank\" rel=\"noopener\"><strong>www.nord-vest.ro<\/strong><\/a><\/p>\r\n<\/div>\r\n<\/div>\r\n<\/div>\r\n<\/div>\r\n<div class=\"wpb_column vc_column_container\">\r\n<div class=\"vc_column-inner\">\u00a0<\/div>\r\n<\/div>\r\n<\/div>\r\n<\/div>\r\n<\/div>\r\n<\/div>\r\n<\/div>\r\n<p>&nbsp;<\/p>","protected":false},"excerpt":{"rendered":"<p>\u00a0 \u00a0 \u00a0 \u00a0 Agen\u0163ia de Dezvoltare Regional\u0103 Nord-Vest (ADR N-V) \u00een calitate de Autoritate de Management pentru Programul Regional Nord-Vest 2021-2027 v\u0103 invit\u0103 s\u0103 participa\u021bi joi, 8 februarie 2024, ora 10:00, la o sesiune de consultare pe tema dezvolt\u0103rii unui fond de investi\u021bii de tip venture capital pentru startup-urile din Regiunea de Dezvoltare Nord-Vest,&#8230;<\/p>","protected":false},"author":1,"featured_media":18611,"comment_status":"closed","ping_status":"closed","sticky":false,"template":"","format":"standard","meta":{"footnotes":"","beyondwords_generate_audio":"1","beyondwords_project_id":"21144","beyondwords_content_id":"134680dd-9ae0-47f6-bfa8-4cc1e76823dd","beyondwords_preview_token":"","beyondwords_player_style":"standard","beyondwords_language_id":"","beyondwords_title_voice_id":"","beyondwords_body_voice_id":"","beyondwords_summary_voice_id":"","beyondwords_error_message":"","beyondwords_disabled":"","beyondwords_delete_content":"","beyondwords_podcast_id":"134680dd-9ae0-47f6-bfa8-4cc1e76823dd","beyondwords_hash":"","publish_post_to_speechkit":"","speechkit_hash":"","speechkit_generate_audio":"","speechkit_project_id":"","speechkit_podcast_id":"","speechkit_error_message":"","speechkit_disabled":"","speechkit_access_key":"","speechkit_error":"","speechkit_info":"","speechkit_response":"","speechkit_retries":"","speechkit_status":"","speechkit_updated_at":"","_speechkit_link":"","_speechkit_text":""},"categories":[13,228],"tags":[],"class_list":["post-28811","post","type-post","status-publish","format-standard","has-post-thumbnail","hentry","category-noutati","category-por-2021-2027"],"publishpress_future_action":{"enabled":false,"date":"2026-05-04 14:28:33","action":"change-status","newStatus":"draft","terms":[],"taxonomy":"category"},"publishpress_future_workflow_manual_trigger":{"enabledWorkflows":[]},"_links":{"self":[{"href":"https:\/\/www.nord-vest.ro\/en\/wp-json\/wp\/v2\/posts\/28811","targetHints":{"allow":["GET"]}}],"collection":[{"href":"https:\/\/www.nord-vest.ro\/en\/wp-json\/wp\/v2\/posts"}],"about":[{"href":"https:\/\/www.nord-vest.ro\/en\/wp-json\/wp\/v2\/types\/post"}],"author":[{"embeddable":true,"href":"https:\/\/www.nord-vest.ro\/en\/wp-json\/wp\/v2\/users\/1"}],"replies":[{"embeddable":true,"href":"https:\/\/www.nord-vest.ro\/en\/wp-json\/wp\/v2\/comments?post=28811"}],"version-history":[{"count":1,"href":"https:\/\/www.nord-vest.ro\/en\/wp-json\/wp\/v2\/posts\/28811\/revisions"}],"predecessor-version":[{"id":28909,"href":"https:\/\/www.nord-vest.ro\/en\/wp-json\/wp\/v2\/posts\/28811\/revisions\/28909"}],"wp:featuredmedia":[{"embeddable":true,"href":"https:\/\/www.nord-vest.ro\/en\/wp-json\/wp\/v2\/media\/18611"}],"wp:attachment":[{"href":"https:\/\/www.nord-vest.ro\/en\/wp-json\/wp\/v2\/media?parent=28811"}],"wp:term":[{"taxonomy":"category","embeddable":true,"href":"https:\/\/www.nord-vest.ro\/en\/wp-json\/wp\/v2\/categories?post=28811"},{"taxonomy":"post_tag","embeddable":true,"href":"https:\/\/www.nord-vest.ro\/en\/wp-json\/wp\/v2\/tags?post=28811"}],"curies":[{"name":"wp","href":"https:\/\/api.w.org\/{rel}","templated":true}]}}