{"id":27700,"date":"2023-08-31T14:44:42","date_gmt":"2023-08-31T11:44:42","guid":{"rendered":"https:\/\/www.nord-vest.ro\/ghidul-solicitantului-523-imbunatatirea-transportului-judetean-de-calatori-a-fost-lansat-astazi-31-august-2023-de-catre-agentia-de-dezvoltare-regionala-nord-vest-in-calitate-de-autoritate\/"},"modified":"2023-08-31T14:44:42","modified_gmt":"2023-08-31T11:44:42","slug":"ghidul-solicitantului-523-imbunatatirea-transportului-judetean-de-calatori-a-fost-lansat-astazi-31-august-2023-de-catre-agentia-de-dezvoltare-regionala-nord-vest-in-calitate-de-autoritate","status":"publish","type":"post","link":"https:\/\/www.nord-vest.ro\/en\/ghidul-solicitantului-523-imbunatatirea-transportului-judetean-de-calatori-a-fost-lansat-astazi-31-august-2023-de-catre-agentia-de-dezvoltare-regionala-nord-vest-in-calitate-de-autoritate\/","title":{"rendered":"Ghidul Solicitantului 523 \u2013 \u00cembun\u0103t\u0103\u021birea transportului jude\u021bean de c\u0103l\u0103tori a fost lansat ast\u0103zi, 31 august 2023, de c\u0103tre Agen\u021bia de Dezvoltare Regional\u0103 Nord-Vest, \u00een calitate de Autoritate de Management pentru Programul Regional Nord-Vest 2021-2027 (REGIO Nord-Vest)"},"content":{"rendered":"<div class=\"l-section-h i-cf\">\n<div class=\"g-cols via_grid cols_2 laptops-cols_inherit tablets-cols_inherit mobiles-cols_1 valign_top type_default\">\n<div class=\"wpb_column vc_column_container\">\n<div class=\"vc_column-inner\">\n<div class=\"wpb_text_column\">\n<div class=\"wpb_wrapper\">\n<p>Agen\u021bia de Dezvoltare Regional\u0103 Nord-Vest, \u00een calitate de Autoritate de Management pentru Programul Regional Nord-Vest 2021-2027 (REGIO Nord-Vest), public\u0103 ast\u0103zi, 31 august 2023, <strong>Ghidul Solicitantului 523 \u2013 \u00cembun\u0103t\u0103\u021birea transportului jude\u021bean de c\u0103l\u0103tori.<\/strong><\/p>\n<\/div>\n<\/div>\n<div class=\"wpb_text_column\">\n<div class=\"wpb_wrapper\">\n<p>Apelul de proiecte este<strong>\u00a0competitiv,<\/strong>\u00a0<strong>cu termen limit\u0103 de depunere<\/strong>, iar cererile de finan\u021bare vor putea fi depuse prin sistemul informatic MySMIS 2021\/2021+ \u00een perioada:\u00a0 <strong>2 octombrie 2023, ora 10:00 \u2013 1 aprilie 2024, ora 10:00.<\/strong><\/p>\n<p>Descarc\u0103 \u2013 <a href=\"https:\/\/regionordvest.ro\/apel-prnv-2023-523-1-imbunatatirea-transportului-judetean-de-calatori\/\" target=\"_blank\" rel=\"noopener\"><strong>Ghidul Solicitantului 523 \u2013 \u00cembun\u0103t\u0103\u021birea transportului jude\u021bean de c\u0103l\u0103tori<\/strong><\/a><\/p>\n<\/div>\n<\/div>\n<\/div>\n<\/div>\n<div class=\"wpb_column vc_column_container\">\n<div class=\"vc_column-inner\">\n<div class=\"w-image align_none\">\n<div class=\"w-image-h\"><\/div>\n<\/div>\n<\/div>\n<\/div>\n<\/div>\n<\/div>\n<div class=\"l-section-h i-cf\">\n<div class=\"g-cols via_grid cols_1 laptops-cols_inherit tablets-cols_inherit mobiles-cols_1 valign_top type_default\">\n<div class=\"wpb_column vc_column_container\">\n<div class=\"vc_column-inner\">\n<div class=\"w-separator size_medium\"><\/div>\n<div class=\"wpb_text_column\">\n<div class=\"wpb_wrapper\">\n<p><strong>ACTIVIT\u0102\u021aILE ELIGIBILE aferente acestui apel de proiecte constau \u00een:\u00a0<\/strong><\/p>\n<p>Achizi\u021bionarea de autovehicule pentru transportul \u00een comun conform prevederilor Ordonan\u021bei Guvernului nr. 27\/2011 privind transporturile rutiere.<\/p>\n<\/div>\n<\/div>\n<div class=\"w-image align_none\">\n<div class=\"w-image-h\"><\/div>\n<\/div>\n<div class=\"w-separator size_medium\"><\/div>\n<div class=\"wpb_text_column\">\n<div class=\"wpb_wrapper\">\n<p><strong>ACTIVIT\u0102\u021aILE ELIGIBILE CONEXE <\/strong>constau \u00een:<\/p>\n<p>Achizi\u021bionarea \u0219i instalarea sta\u021biilor de re\u00eenc\u0103rcare\/realimentare cu combustibili alternativi;<br \/>\nAchizi\u0163ionarea \u0219i instalarea componentelor\/sistemelor integrate de bilete pentru c\u0103l\u0103tori (\u201ee-bilete\u201d sau \u201ee-ticketing\u201d);<br \/>\nAchizi\u0163ionarea \u0219i instalarea componentelor\/sistemelor de managementul traficului, precum \u0219i a altor sisteme de transport inteligente (STI)<\/p>\n<p>Sisteme de monitorizare video CCTV \u00een mijloacele de transport public;<br \/>\nSisteme de localizare a mijloacelor de transport public intrajudetean \u0219i de managementul flotei (prin GPS, AVL, etc.) amplasate pe mijloacele de transport \u00een comun;<br \/>\nSisteme de informare a pasagerilor, amplasate \u00een mijloacele de transport \u00een comun;<br \/>\nSistem de num\u0103rare a c\u0103l\u0103torilor, amplasate \u00een mijloacele de transport \u00een comun etc.<\/p>\n<\/div>\n<\/div>\n<div class=\"w-image align_none\">\n<div class=\"w-image-h\"><\/div>\n<\/div>\n<div class=\"w-separator size_medium with_line width_default thick_2 style_solid color_border align_center\">\n<div class=\"w-separator-h\"><\/div>\n<\/div>\n<div class=\"wpb_text_column\">\n<div class=\"wpb_wrapper\">\n<p>Programul Regional Nord-Vest 2021-2027 propune interven\u021bii pentru dezvoltarea capacit\u0103\u021bii de cercetare, dezvoltare, inovare \u0219i digitalizare, cre\u0219terea performan\u021bei energetice a fondului existent de cl\u0103diri publice \u0219i reziden\u021biale, valorificarea spa\u021biilor degradate de la nivelul ora\u0219elor, mobilitatea urban\u0103 sustenabil\u0103, investi\u021bii\u00a0 \u00een re\u021beaua de drumuri jude\u021bene \u0219i \u00een infrastructura educa\u021bional\u0103, precum \u0219i ac\u021biuni de valorificare a poten\u021bialului cultural, turistic \u0219i balnear.<\/p>\n<p>In the financial year 2021-2027, public authorities and institutions, the business environment, the academic and research environment and NGOs can obtain funding.<\/p>\n<p>The Northwest Regional Program benefits from a total allocation of 1,437,252,471 euros.<\/p>\n<p>Prioritatea 1 : O regiune competitiv\u0103 prin inovare, digitalizare \u0219i \u00eentreprinderi dinamice\u00a0 \u2013\u00a0 valoare total\u0103: 327.904.956 euro<br \/>\nPrioritatea 2 : O regiune cu localit\u0103\u021bi smart\u00a0 \u2013\u00a0 valoare total\u0103: 60.332.872 euro<br \/>\nPrioritatea 3 : O regiune cu localit\u0103\u021bi prietenoase cu mediul\u00a0 \u2013\u00a0 valoare total\u0103: 210.666.112 euro<br \/>\nPrioritatea 4 : O regiune cu mobilitate urban\u0103 multimodal\u0103 sustenabil\u0103\u00a0 \u2013\u00a0 valoare total\u0103: 305.155.751 euro<br \/>\nPrioritatea 5 : O regiune accesibil\u0103\u00a0 \u2013\u00a0 valoare total\u0103: 184.978.708 euro<br \/>\nPrioritatea 6 : O regiune educat\u0103\u00a0 \u2013\u00a0 valoare total\u0103: 77.386.100 euro<br \/>\nPrioritatea 7 : O regiune atractiv\u0103\u00a0 \u2013\u00a0 valoare total\u0103: 210.363.134 euro<br \/>\nAsisten\u021b\u0103 tehnic\u0103\u00a0 \u2013\u00a0 valoare total\u0103: 60.464.838\u00a0 euro<\/p>\n<p>More information about the Northwest Regional Program for 2021-2027 is available\u00a0<a href=\"https:\/\/regionordvest.ro\/programul-regional-nv\/\" target=\"_blank\" rel=\"noopener\">here<\/a>, and the program can be consulted\u00a0<a href=\"https:\/\/regionordvest.ro\/wp-content\/uploads\/2022\/10\/PR_NV_1.2_RO-1.pdf\" target=\"_blank\" rel=\"noopener\">here<\/a>.<\/p>\n<\/div>\n<\/div>\n<\/div>\n<\/div>\n<\/div>\n<\/div>\n<p>\u00a0\u00a0<\/p>","protected":false},"excerpt":{"rendered":"<p>Agen\u021bia de Dezvoltare Regional\u0103 Nord-Vest, \u00een calitate de Autoritate de Management pentru Programul Regional Nord-Vest 2021-2027 (REGIO Nord-Vest), public\u0103 ast\u0103zi, 31 august 2023, Ghidul Solicitantului 523 \u2013 \u00cembun\u0103t\u0103\u021birea transportului jude\u021bean de c\u0103l\u0103tori. Apelul de proiecte este\u00a0competitiv,\u00a0cu termen limit\u0103 de depunere, iar cererile de finan\u021bare vor putea fi depuse prin sistemul informatic MySMIS 2021\/2021+ \u00een perioada:\u00a0&#8230;<\/p>","protected":false},"author":0,"featured_media":0,"comment_status":"","ping_status":"","sticky":false,"template":"","format":"standard","meta":{"footnotes":"","beyondwords_generate_audio":"","beyondwords_project_id":"","beyondwords_content_id":"","beyondwords_preview_token":"","beyondwords_player_style":"","beyondwords_language_id":"","beyondwords_title_voice_id":"","beyondwords_body_voice_id":"","beyondwords_summary_voice_id":"","beyondwords_error_message":"","beyondwords_disabled":"","beyondwords_delete_content":"","beyondwords_podcast_id":"","beyondwords_hash":"","publish_post_to_speechkit":"","speechkit_hash":"","speechkit_generate_audio":"","speechkit_project_id":"","speechkit_podcast_id":"","speechkit_error_message":"","speechkit_disabled":"","speechkit_access_key":"","speechkit_error":"","speechkit_info":"","speechkit_response":"","speechkit_retries":"","speechkit_status":"","speechkit_updated_at":"","_speechkit_link":"","_speechkit_text":""},"categories":[13,228],"tags":[],"class_list":["post-27700","post","type-post","status-publish","format-standard","has-post-thumbnail","hentry","category-noutati","category-por-2021-2027"],"publishpress_future_action":{"enabled":false,"date":"2026-05-07 03:26:25","action":"change-status","newStatus":"draft","terms":[],"taxonomy":"category"},"publishpress_future_workflow_manual_trigger":{"enabledWorkflows":[]},"_links":{"self":[{"href":"https:\/\/www.nord-vest.ro\/en\/wp-json\/wp\/v2\/posts\/27700","targetHints":{"allow":["GET"]}}],"collection":[{"href":"https:\/\/www.nord-vest.ro\/en\/wp-json\/wp\/v2\/posts"}],"about":[{"href":"https:\/\/www.nord-vest.ro\/en\/wp-json\/wp\/v2\/types\/post"}],"replies":[{"embeddable":true,"href":"https:\/\/www.nord-vest.ro\/en\/wp-json\/wp\/v2\/comments?post=27700"}],"version-history":[{"count":0,"href":"https:\/\/www.nord-vest.ro\/en\/wp-json\/wp\/v2\/posts\/27700\/revisions"}],"wp:attachment":[{"href":"https:\/\/www.nord-vest.ro\/en\/wp-json\/wp\/v2\/media?parent=27700"}],"wp:term":[{"taxonomy":"category","embeddable":true,"href":"https:\/\/www.nord-vest.ro\/en\/wp-json\/wp\/v2\/categories?post=27700"},{"taxonomy":"post_tag","embeddable":true,"href":"https:\/\/www.nord-vest.ro\/en\/wp-json\/wp\/v2\/tags?post=27700"}],"curies":[{"name":"wp","href":"https:\/\/api.w.org\/{rel}","templated":true}]}}