{"id":27431,"date":"2023-07-27T13:44:17","date_gmt":"2023-07-27T10:44:17","guid":{"rendered":"https:\/\/www.nord-vest.ro\/agentia-de-dezvoltare-regionala-nord-vest-in-calitate-de-autoritate-de-management-pentru-programul-regional-nord-vest-2021-2027-regio-nord-vest-lanseaza-astazi-27-iulie-2023-un-nou-apel-de-proie\/"},"modified":"2023-07-27T17:56:57","modified_gmt":"2023-07-27T14:56:57","slug":"agentia-de-dezvoltare-regionala-nord-vest-in-calitate-de-autoritate-de-management-pentru-programul-regional-nord-vest-2021-2027-regio-nord-vest-lanseaza-astazi-27-iulie-2023-un-nou-apel-de-proie","status":"publish","type":"post","link":"https:\/\/www.nord-vest.ro\/en\/agentia-de-dezvoltare-regionala-nord-vest-in-calitate-de-autoritate-de-management-pentru-programul-regional-nord-vest-2021-2027-regio-nord-vest-lanseaza-astazi-27-iulie-2023-un-nou-apel-de-proie\/","title":{"rendered":"Agen\u021bia de Dezvoltare Regional\u0103 Nord-Vest, \u00een calitate de Autoritate de Management pentru Programul Regional Nord-Vest 2021-2027 (REGIO Nord-Vest), lanseaz\u0103 ast\u0103zi, 27 iulie 2023, un nou apel de proiecte din cadrul programului."},"content":{"rendered":"<div class=\"l-section-h i-cf\">\r\n<div class=\"g-cols via_grid cols_1 laptops-cols_inherit tablets-cols_inherit mobiles-cols_1 valign_top type_default\">\r\n<div class=\"wpb_column vc_column_container\">\r\n<div class=\"vc_column-inner\">\r\n<div class=\"wpb_text_column\">\r\n<div class=\"wpb_wrapper\">\r\n<p>Agen\u021bia de Dezvoltare Regional\u0103 Nord-Vest, \u00een calitate de Autoritate de Management pentru Programul Regional Nord-Vest 2021-2027 (REGIO Nord-Vest), public\u0103 ast\u0103zi, 27 iulie 2023, Ghidul solicitantului pentru apelul de proiecte <strong>721 Conservarea, protec\u021bia \u0219i valorificarea durabil\u0103 \u0219i competitiv\u0103 a patrimoniului cultural \u0219i istoric, inclusiv asigurarea \u0219i\/sau \u00eembun\u0103t\u0103\u021birea accesului c\u0103tre acestea \u2013 RURAL.<\/strong><\/p>\r\n<p>&nbsp;<\/p>\r\n<\/div>\r\n<\/div>\r\n<div class=\"wpb_text_column\">\r\n<div class=\"wpb_wrapper\">\r\n<p>Apelul de proiecte este<strong> competitiv,<\/strong> iar cererile de finan\u021bare vor putea fi depuse prin sistemul informatic MySMIS 2021\/2021+ \u00een perioada:\u00a0 <strong>25 august 2023, ora 10:00 \u2013\u00a0 \u00a023 februarie 2024, ora 10:00.<\/strong><\/p>\r\n<p><\/p>\r\n<p>Descarc\u0103 \u2013 <a href=\"https:\/\/regionordvest.ro\/wp-content\/uploads\/2023\/07\/Ghidul-Solicitantului-721.zip\" target=\"_blank\" rel=\"noopener\"><strong>Applicant&#039;s Guide <\/strong><strong>PRNV\/2023\/721\/1 Conservarea, protec\u021bia \u0219i valorificarea durabil\u0103 \u0219i competitiv\u0103 a patrimoniului cultural \u0219i istoric, inclusiv asigurarea \u0219i\/sau \u00eembun\u0103t\u0103\u021birea accesului c\u0103tre acestea \u2013 RURAL.<\/strong><\/a><\/p>\r\n<p><\/p>\r\n<p><!-- \/wp:paragraph --><\/p>\r\n<p>&nbsp;<\/p>\r\n<\/div>\r\n<\/div>\r\n<div class=\"wpb_text_column\">\r\n<div class=\"wpb_wrapper\">\r\n<p>\u00cen cadrul prezentului apel de proiecte se acord\u0103 sprijin pentru investi\u021bii care vizeaz\u0103 restaurarea, protec\u021bia, conservarea\u00a0 inclusiv dotarea obiectivelor de patrimoniu UNESCO \u0219i patrimoniu cultural na\u021bional condi\u0163ionat de localizarea investi\u0163iei \u00een mediul rural. Cererile de finan\u0163are prin care se propun interven\u0163ii asupra obiectivelor de patrimoniu se reg\u0103sesc \u00een ultima lista aprobata a monumentelor istorice, anexa la Ordinul ministrului culturii \u015fi cultelor nr. 2.314\/2004 privind aprobarea Listei monumentelor istorice, actualizat\u0103\/modificat\u0103, \u015fi a Listei monumentelor istorice disp\u0103rute.<\/p>\r\n<p><strong>Acestea trebuie s\u0103 vizeze monumente istorice care se \u00eencadreaz\u0103 \u00een grupa A inclusiv UNESCO, condi\u0163ionat de localizarea investi\u0163iei \u00een mediul rural din Regiunea de Dezvoltare Nord-Vest.<\/strong><\/p>\r\n<p><strong>Corpurile de cl\u0103dire neclasate, parte din ansamblul monumentului istoric de grup\u0103 A, localizate \u00een mediul rural, pot fi considerate eligibile \u00een baza unei adrese\/adeverin\u0163e emise de c\u0103tre INP privind apartenen\u0163a acestora la ansamblul monumentului istoric implicit precizarea explicit\u0103 a codului de clasare corespondent din Lista Monumentelor Istorice.<\/strong><\/p>\r\n<p><!-- \/wp:paragraph --><\/p>\r\n<p><!-- \/wp:paragraph --><\/p>\r\n<\/div>\r\n<\/div>\r\n<div class=\"w-separator size_small\">\u00a0<\/div>\r\n<div class=\"w-image align_none\">\r\n<div class=\"w-image-h\">\u00a0<\/div>\r\n<\/div>\r\n<div class=\"w-separator size_small\">\u00a0<\/div>\r\n<div class=\"wpb_text_column\">\r\n<div class=\"wpb_wrapper\">\r\n<p><strong>A. Activit\u0103\u021bi eligibile obligatorii<\/strong><\/p>\r\n<p><strong>Activit\u0103\u021bile eligibile obligatorii<\/strong> propuse \u00een cadrul cererilor de finan\u021bare reprezint\u0103 obliga\u021bii contractuale ce vor fi monitorizate pe parcursul implement\u0103rii proiectului.<\/p>\r\n<p>Solicitantul va trebui s\u0103 includ\u0103 \u00een cererea de finan\u021bare cel pu\u021bin o activitate din cele prev\u0103zute la punctul a.1:<\/p>\r\n<p>a.1) <strong>Activit\u0103\u021bi principale<\/strong> care pot fi finan\u021bate \u00een mod independent \u00een cadrul proiectelor aferente acestui apel vizeaz\u0103 interven\u021bii asupra obiectivelor de patrimoniu monument istoric, cu condi\u021bia s\u0103 includ\u0103 lucr\u0103ri care se supun autoriz\u0103rii conform Legii nr. 50\/1991:<\/p>\r\n<p>Restaurarea, consolidarea, protec\u021bia, conservarea obiectivelor de patrimoniu monument istoric;<br \/>Modernizarea, reabilitarea cl\u0103dirilor monument istoric cu func\u021bii culturale.<\/p>\r\n<p><strong>a.2) Activit\u0103\u021bi secundare<\/strong> care pot fi finan\u021bate prin prezentul apel doar \u00een cadrul proiectelor integrate care includ cel pu\u021bin o activitate principal\u0103 din cele de mai sus, \u00een caz contrar proiectele vor fi respinse:<\/p>\r\n<p>Dot\u0103ri interioare (instala\u0163ii, echipamente \u015fi dot\u0103ri pentru asigurarea condi\u0163iilor de climatizare, siguran\u0163\u0103 la foc, antiefrac\u0163ie);<br \/>Achizi\u021bionarea, restaurarea, consolidarea, protec\u021bia, conservarea unor dot\u0103ri specifice \u00een limita a 10% din valoarea eligibil\u0103 a cheltuielilor aferente Cap. 1, Cap. 2, Cap. 4 \u015fi Cap. 5, punctul 5.1.1 din cadrul devizului general (ex: mobilier, org\u0103, dot\u0103ri cu expunerea \u0219i protec\u021bia patrimoniului mobil \u0219i imobil, etc);<br \/>Restaurarea, protec\u0163ia, conservarea picturilor interioare, frescelor, picturilor murale exterioare, stucaturilor, iconostas, etc.;<br \/>Activitatea de informare \u0219i publicitate;<br \/>Activitatea de digitizare.<\/p>\r\n<\/div>\r\n<\/div>\r\n<div class=\"wpb_text_column\">\r\n<div class=\"wpb_wrapper\">\r\n<p><strong>B. Activit\u0103\u0163i eligibile conexe<\/strong><\/p>\r\n<p><strong>Alte interven\u021bii complementare\u00a0 <\/strong><\/p>\r\n<p>Prin acest tip de interven\u021bii se urm\u0103re\u0219te realizarea de activit\u0103\u021bi necesare pentru asigurarea func\u021bionalit\u0103\u021bii \u0219i punerea \u00een valoare a monumentului istoric \u00een limita a 15% din valoarea eligibil\u0103 a cheltuielilor aferente Cap. 1, Cap. 2, Cap. 4 \u015fi Cap. 5, subcap. 5.1.1 din cadrul devizului general, prin:<\/p>\r\n<p>reabilitarea, modernizarea drumurilor\/c\u0103ilor de acces direct cu sau f\u0103r\u0103 parc\u0103ri c\u0103tre obiectivele de patrimoniu cu excep\u0163ia drumurilor jude\u0163ene\/na\u0163ionale.<br \/>extinderea monumentelor istorice.<br \/>realizare amenaj\u0103ri exterioare pe amplasamentul monumentului istoric \u015fi realizarea\/reabilitarea\/modernizarea construc\u0163iilor conexe (ex: central\u0103 termic\u0103, spa\u0163iu tehnic, etc cu excep\u0163ia spa\u0163iilor administrative), inclusiv utilit\u0103\u0163ile aferente acestora.<\/p>\r\n<p>Pentru justificarea \u00eencadr\u0103rii \u00een pragul eligibil stabilit mai sus, pentru interven\u021biile complementare, solicitantul va prezenta un deviz pe obiect distinct cu aceste cheltuieli, iar cheltuielile vor fi incluse \u00eentr-o categorie distinct\u0103 de cheltuieli.<\/p>\r\n<p><!-- \/wp:paragraph --><\/p>\r\n<p><!-- \/wp:paragraph --><\/p>\r\n<\/div>\r\n<\/div>\r\n<div class=\"w-separator size_small\">\u00a0<\/div>\r\n<div class=\"w-image align_none\">\r\n<div class=\"w-image-h\">\u00a0<\/div>\r\n<\/div>\r\n<div class=\"w-separator size_small with_line width_default thick_2 style_solid color_border align_center\">\r\n<div class=\"w-separator-h\">\u00a0<\/div>\r\n<\/div>\r\n<div class=\"wpb_text_column\">\r\n<div class=\"wpb_wrapper\">\r\n<p>Programul Regional Nord-Vest 2021-2027 propune interven\u021bii pentru dezvoltarea capacit\u0103\u021bii de cercetare, dezvoltare, inovare \u0219i digitalizare, cre\u0219terea performan\u021bei energetice a fondului existent de cl\u0103diri publice \u0219i reziden\u021biale, valorificarea spa\u021biilor degradate de la nivelul ora\u0219elor, mobilitatea urban\u0103 sustenabil\u0103, investi\u021bii\u00a0 \u00een re\u021beaua de drumuri jude\u021bene \u0219i \u00een infrastructura educa\u021bional\u0103, precum \u0219i ac\u021biuni de valorificare a poten\u021bialului cultural, turistic \u0219i balnear.<\/p>\r\n<p>In the financial year 2021-2027, public authorities and institutions, the business environment, the academic and research environment and NGOs can obtain funding.<\/p>\r\n<p>The Northwest Regional Program benefits from a total allocation of 1,437,252,471 euros.<\/p>\r\n<p>Prioritatea 1 : O regiune competitiv\u0103 prin inovare, digitalizare \u0219i \u00eentreprinderi dinamice\u00a0 \u2013\u00a0 valoare total\u0103: 327.904.956 euro<br \/>Prioritatea 2 : O regiune cu localit\u0103\u021bi smart\u00a0 \u2013\u00a0 valoare total\u0103: 60.332.872 euro<br \/>Prioritatea 3 : O regiune cu localit\u0103\u021bi prietenoase cu mediul\u00a0 \u2013\u00a0 valoare total\u0103: 210.666.112 euro<br \/>Prioritatea 4 : O regiune cu mobilitate urban\u0103 multimodal\u0103 sustenabil\u0103\u00a0 \u2013\u00a0 valoare total\u0103: 305.155.751 euro<br \/>Prioritatea 5 : O regiune accesibil\u0103\u00a0 \u2013\u00a0 valoare total\u0103: 184.978.708 euro<br \/>Prioritatea 6 : O regiune educat\u0103\u00a0 \u2013\u00a0 valoare total\u0103: 77.386.100 euro<br \/>Prioritatea 7 : O regiune atractiv\u0103\u00a0 \u2013\u00a0 valoare total\u0103: 210.363.134 euro<br \/>Asisten\u021b\u0103 tehnic\u0103\u00a0 \u2013\u00a0 valoare total\u0103: 60.464.838\u00a0 euro<\/p>\r\n<p>More information about the Northwest Regional Program for 2021-2027 is available\u00a0<a href=\"https:\/\/regionordvest.ro\/programul-regional-nv\/\" target=\"_blank\" rel=\"noopener\">here<\/a>, and the program can be consulted\u00a0<a href=\"https:\/\/regionordvest.ro\/wp-content\/uploads\/2022\/10\/PR_NV_1.2_RO-1.pdf\" target=\"_blank\" rel=\"noopener\">here<\/a>.<\/p>\r\n<p><!-- \/wp:paragraph --><\/p>\r\n<p><!-- \/wp:paragraph --><\/p>\r\n<\/div>\r\n<\/div>\r\n<\/div>\r\n<\/div>\r\n<\/div>\r\n<\/div>\r\n<div class=\"l-section-h i-cf\">\r\n<div class=\"g-cols via_grid cols_1 laptops-cols_inherit tablets-cols_inherit mobiles-cols_1 valign_top type_default\">\r\n<div class=\"wpb_column vc_column_container\">\r\n<div class=\"vc_column-inner\">\u00a0<\/div>\r\n<\/div>\r\n<\/div>\r\n<\/div>\r\n<p>&nbsp;<\/p>\r\n<!-- \/wp:html -->","protected":false},"excerpt":{"rendered":"<p>Agen\u021bia de Dezvoltare Regional\u0103 Nord-Vest, \u00een calitate de Autoritate de Management pentru Programul Regional Nord-Vest 2021-2027 (REGIO Nord-Vest), public\u0103 ast\u0103zi, 27 iulie 2023, Ghidul solicitantului pentru apelul de proiecte 721 Conservarea, protec\u021bia \u0219i valorificarea durabil\u0103 \u0219i competitiv\u0103 a patrimoniului cultural \u0219i istoric, inclusiv asigurarea \u0219i\/sau \u00eembun\u0103t\u0103\u021birea accesului c\u0103tre acestea \u2013 RURAL. &nbsp; Apelul de proiecte&#8230;<\/p>","protected":false},"author":1,"featured_media":18611,"comment_status":"closed","ping_status":"closed","sticky":false,"template":"","format":"standard","meta":{"footnotes":"","beyondwords_generate_audio":"1","beyondwords_project_id":"21144","beyondwords_content_id":"","beyondwords_preview_token":"","beyondwords_player_style":"","beyondwords_language_id":"","beyondwords_title_voice_id":"","beyondwords_body_voice_id":"","beyondwords_summary_voice_id":"","beyondwords_error_message":"","beyondwords_disabled":"","beyondwords_delete_content":"","beyondwords_podcast_id":"7554533","beyondwords_hash":"aa7953f366870a10d36c311addeeacd5e15dfb40","publish_post_to_speechkit":"","speechkit_hash":"","speechkit_generate_audio":"","speechkit_project_id":"","speechkit_podcast_id":"","speechkit_error_message":"","speechkit_disabled":"","speechkit_access_key":"","speechkit_error":"","speechkit_info":"","speechkit_response":"","speechkit_retries":"","speechkit_status":"","speechkit_updated_at":"","_speechkit_link":"","_speechkit_text":""},"categories":[13,228],"tags":[],"class_list":["post-27431","post","type-post","status-publish","format-standard","has-post-thumbnail","hentry","category-noutati","category-por-2021-2027"],"publishpress_future_action":{"enabled":false,"date":"2026-05-07 13:15:49","action":"change-status","newStatus":"draft","terms":[],"taxonomy":"category"},"publishpress_future_workflow_manual_trigger":{"enabledWorkflows":[]},"_links":{"self":[{"href":"https:\/\/www.nord-vest.ro\/en\/wp-json\/wp\/v2\/posts\/27431","targetHints":{"allow":["GET"]}}],"collection":[{"href":"https:\/\/www.nord-vest.ro\/en\/wp-json\/wp\/v2\/posts"}],"about":[{"href":"https:\/\/www.nord-vest.ro\/en\/wp-json\/wp\/v2\/types\/post"}],"author":[{"embeddable":true,"href":"https:\/\/www.nord-vest.ro\/en\/wp-json\/wp\/v2\/users\/1"}],"replies":[{"embeddable":true,"href":"https:\/\/www.nord-vest.ro\/en\/wp-json\/wp\/v2\/comments?post=27431"}],"version-history":[{"count":1,"href":"https:\/\/www.nord-vest.ro\/en\/wp-json\/wp\/v2\/posts\/27431\/revisions"}],"predecessor-version":[{"id":27432,"href":"https:\/\/www.nord-vest.ro\/en\/wp-json\/wp\/v2\/posts\/27431\/revisions\/27432"}],"wp:featuredmedia":[{"embeddable":true,"href":"https:\/\/www.nord-vest.ro\/en\/wp-json\/wp\/v2\/media\/18611"}],"wp:attachment":[{"href":"https:\/\/www.nord-vest.ro\/en\/wp-json\/wp\/v2\/media?parent=27431"}],"wp:term":[{"taxonomy":"category","embeddable":true,"href":"https:\/\/www.nord-vest.ro\/en\/wp-json\/wp\/v2\/categories?post=27431"},{"taxonomy":"post_tag","embeddable":true,"href":"https:\/\/www.nord-vest.ro\/en\/wp-json\/wp\/v2\/tags?post=27431"}],"curies":[{"name":"wp","href":"https:\/\/api.w.org\/{rel}","templated":true}]}}