{"id":27424,"date":"2023-07-25T16:45:58","date_gmt":"2023-07-25T13:45:58","guid":{"rendered":"https:\/\/www.nord-vest.ro\/agentia-de-dezvoltare-regionala-nord-vest-in-calitate-de-autoritate-de-management-pentru-programul-regional-nord-vest-2021-2027-regio-nord-vest-lanseaza-astazi-25-iulie-2023-un-nou-apel-de-proie\/"},"modified":"2023-07-26T14:50:28","modified_gmt":"2023-07-26T11:50:28","slug":"agentia-de-dezvoltare-regionala-nord-vest-in-calitate-de-autoritate-de-management-pentru-programul-regional-nord-vest-2021-2027-regio-nord-vest-lanseaza-astazi-25-iulie-2023-un-nou-apel-de-proie","status":"publish","type":"post","link":"https:\/\/www.nord-vest.ro\/en\/agentia-de-dezvoltare-regionala-nord-vest-in-calitate-de-autoritate-de-management-pentru-programul-regional-nord-vest-2021-2027-regio-nord-vest-lanseaza-astazi-25-iulie-2023-un-nou-apel-de-proie\/","title":{"rendered":"Agen\u021bia de Dezvoltare Regional\u0103 Nord-Vest, \u00een calitate de Autoritate de Management pentru Programul Regional Nord-Vest 2021-2027 (REGIO Nord-Vest), lanseaz\u0103 ast\u0103zi, 25 iulie 2023, un nou apel de proiecte din cadrul programului."},"content":{"rendered":"<div class=\"l-section-h i-cf\">\r\n<div class=\"g-cols via_grid cols_1 laptops-cols_inherit tablets-cols_inherit mobiles-cols_1 valign_top type_default\">\r\n<div class=\"wpb_column vc_column_container\">\r\n<div class=\"vc_column-inner\">\r\n<div class=\"wpb_text_column\">\r\n<div class=\"wpb_wrapper\">\r\n<p>Agen\u021bia de Dezvoltare Regional\u0103 Nord-Vest, \u00een calitate de Autoritate de Management pentru Programul Regional Nord-Vest 2021-2027 (REGIO Nord-Vest), public\u0103 ast\u0103zi, 25 iulie 2023, Ghidul solicitantului pentru apelul de proiecte <strong>714.B Regenerare urban\u0103 \u0219i securitatea spa\u021biilor publice. <\/strong><\/p>\r\n<p>&nbsp;<\/p>\r\n<\/div>\r\n<\/div>\r\n<div class=\"wpb_text_column\">\r\n<div class=\"wpb_wrapper\">\r\n<p>Apelul de proiecte este<strong> competitiv,<\/strong> iar cererile de finan\u021bare vor putea fi depuse prin sistemul informatic MySMIS 2021\/2021+ \u00een perioada:\u00a0 <strong>31 august 2023, ora 10:00 \u2013\u00a0 \u00a029 februarie 2024, ora 10:00.<\/strong><\/p>\r\n<p><\/p>\r\n<p>Descarc\u0103 \u2013 <a href=\"https:\/\/regionordvest.ro\/wp-content\/uploads\/2023\/07\/Ghidul-Solicitantului-714.B.zip\" target=\"_blank\" rel=\"noopener\"><strong>Applicant&#039;s Guide <\/strong><strong>PRNV\/2023\/714.B\/1 \u2013<\/strong><strong>Regenerare urban\u0103 \u0219i securitatea spa\u021biilor publice.<\/strong><\/a><\/p>\r\n<p><\/p>\r\n<p><!-- \/wp:paragraph --><\/p>\r\n<p>&nbsp;<\/p>\r\n<\/div>\r\n<\/div>\r\n<div class=\"wpb_text_column\">\r\n<div class=\"wpb_wrapper\">\r\n<p>Prin Obiectivul specific 5.1, ac\u021biunea d) Regenerare urban\u0103 \u0219i securitatea spa\u021biilor publice \u00een cadrul Programului Regional Nord-Vest 2021-2027 sunt sprijinite proiectele care vor contribui la cre\u0219terea atractivit\u0103\u021bii spa\u021biilor publice urbane degradate \u0219i care necesit\u0103 interven\u021bii integrate de regenerare urban\u0103, contribuind la \u00eembun\u0103t\u0103\u021birea condi\u021biilor de via\u021b\u0103 ale cet\u0103\u021benilor.<\/p>\r\n<p>M\u0103surile de regenerare urban\u0103 sprijinite prin acest apel vor acorda prioritate cartierelor \u0219i comunit\u0103\u021bilor defavorizate, conform evalu\u0103rii nevoilor identificate prin Strategia Integrat\u0103 de Dezvoltare Urban\u0103 (SIDU) 2021-2027.<\/p>\r\n<p><!-- \/wp:paragraph --><\/p>\r\n<p><!-- \/wp:paragraph --><\/p>\r\n<\/div>\r\n<\/div>\r\n<div class=\"w-separator size_small\">\u00a0<\/div>\r\n<div class=\"w-image align_none\">\r\n<div class=\"w-image-h\">\u00a0<\/div>\r\n<\/div>\r\n<div class=\"w-separator size_small\">\u00a0<\/div>\r\n<div class=\"wpb_text_column\">\r\n<div class=\"wpb_wrapper\">\r\n<p><strong>Activit\u0103\u021bile eligibile obligatorii<\/strong> propuse \u00een cadrul cererilor de finan\u021bare reprezint\u0103 obliga\u021bii contractuale ce vor fi monitorizate pe parcursul implement\u0103rii proiectului.<\/p>\r\n<p><strong>A. Reabilitarea integrat\u0103 a spa\u021biilor publice, inclusiv infrastructura tehnico-edilitar\u0103 aferent\u0103<\/strong> <strong>din urm\u0103toarele zone<\/strong>: zone centrale; zone istorice; spa\u021bii publice din interiorul ansamblurilor de locuin\u021be colective, respectiv din cartierele de blocuri sau zonele cu locuin\u021be de tip condominiu; din zona autog\u0103rilor \u0219i g\u0103rilor, din zone portuare situate \u00een interiorul sau la limita localit\u0103\u021bilor urbane; falezele, malurile \u0219i insulele r\u00e2urilor \u0219i lacurilor din interiorul localit\u0103\u021bilor urbane; din zonele reziden\u021biale periferice destructurate, din zonele de blocuri degradate \u0219i a\u0219ez\u0103ri informale din mediul urban. De asemenea, este sprijinit\u0103 regenerarea unor spa\u021bii publice neutilizate, pentru scopuri de agreement \u0219i de petrecere a timpului liber pentru comunitate.<\/p>\r\n<p>Activitatea privind <em>reabilitarea integrat\u0103 a spa\u021biilor publice, inclusiv infrastructura tehnico-edilitar\u0103<\/em> poate cuprinde:<\/p>\r\n<p>demolarea cl\u0103dirilor situate pe terenurile supuse interven\u021biilor aflate \u00eentr-o stare avansat\u0103 de degradare, care nu apar\u0163in patrimoniului na\u0163ional cultural;<br \/>activit\u0103\u0163i de igienizare a terenului (care nu presupun \u00een mod obligatoriu defri\u015farea vegeta\u0163iei existente, cu men\u0163inerea arborilor importan\u0163i din punct de vedere ecologic), modelarea terenului pe terenurile supuse interven\u021biilor etc.;<br \/>relocarea, modernizarea \u015fi extinderea re\u0163elelor de utilit\u0103\u021bi publice (ap\u0103, canalizare, electricitate, telefonie etc) care sunt amplasate \u00een corpul terenului obiect al investi\u021biei;<br \/>construirea\/extinderea\/modernizarea\/reabilitarea parcurilor, scuaruri, gr\u0103dinilor publice, altor zone cu spa\u0163ii verzi, inclusiv \u201c\u00eenverzirea\u201d suprafe\u0163elor betonate (str\u0103zi, alei) \u015fi refacerea esteticii peisajului mai ales \u00een cartierele\/zonele cu o lips\u0103 acut\u0103 de spa\u0163ii verzi, inclusiv a facilit\u0103\u0163ilor sportive \u0219i recrea\u021bionale de mici dimensiuni (terenuri de sport, locuri de joac\u0103 pentru copii etc), reabilitarea monumentelor de for public etc.;<br \/>reamenajarea spa\u0163iilor urbane \u00een zonele de locuit \u0219i crearea de facilit\u0103\u021bi pentru odihn\u0103, relaxare \u015fi recreere pe terenurile amenajate (ex. spa\u0163ii special amenajate pentru sport, locuri de joac\u0103 pentru copii etc.);<br \/>realizarea\/extinderea sistemelor de iriga\u021bii pentru spa\u021biile verzi amenajate prin proiect;<br \/>construc\u021bia\/reabilitarea\/modernizarea trotuarelor, pistelor pentru bicicli\u0219ti (inclusiv sistemele de monitorizare a deplas\u0103rilor nemotorizate), aleilor pietonale, c\u0103ilor de acces;<br \/>construirea\/extinderea\/modernizarea\/reabilitarea zonelor pietonale, inclusiv prin transformarea unor str\u0103zi urbane \u00een zone pietonale.<\/p>\r\n<\/div>\r\n<\/div>\r\n<div class=\"wpb_text_column\">\r\n<div class=\"wpb_wrapper\">\r\n<p><strong>B. Investi\u021bii de reabilitare a anvelopelor cl\u0103dirilor situate \u00een pie\u021bele centrale\/istorice<\/strong>, respectiv a ansamblului constructiv de \u00eenchidere perimetral\u0103 a cl\u0103dirii, compus din fa\u021bade \u0219i sistem de acoperire, inclusiv elementele exterioare func\u021bionale \u0219i de plastic\u0103 arhitectural\u0103, dup\u0103 caz, cu minime interven\u021bii de consolidare a acestora, dac\u0103 este cazul. \u00cen conformitate cu prevederile art. 6 alin. (1) din Legea nr. 153\/2011, sunt eligibile urm\u0103toarele categorii de lucr\u0103ri:<\/p>\r\n<p>lucr\u0103ri de consolidare, reparare\/refacere a zid\u0103riilor\/pere\u021bilor exteriori;<br \/>lucr\u0103ri de reparare\/refacere a finisajelor exterioare, precum tencuieli, zugr\u0103veli, vopsitorii, placaje \u0219i altele asemenea;<br \/>lucr\u0103ri de consolidare \u0219i\/sau reparare\/refacere a sistemului de acoperire;<br \/>lucr\u0103ri de \u00eenlocuire, reparare\/refacere a t\u00e2mpl\u0103riei exterioare \u0219i a elementelor exterioare func\u021bionale, precum balcoane, logii, bovindouri, aticuri, corni\u0219e \u0219i altele asemenea.<\/p>\r\n<p><!-- \/wp:paragraph --><\/p>\r\n<p><!-- \/wp:paragraph --><\/p>\r\n<\/div>\r\n<\/div>\r\n<div class=\"wpb_text_column\">\r\n<div class=\"wpb_wrapper\">\r\n<p><strong>C. Investi\u021bii de reabilitare a anvelopelor cl\u0103dirilor situate \u00een pie\u021bele centrale\/istorice<\/strong>, respectiv a ansamblului constructiv de \u00eenchidere perimetral\u0103 a cl\u0103dirii, compus din fa\u0163ade \u015fi sistem de acoperire, inclusiv elementele exterioare func\u0163ionale \u015fi de plastic\u0103 arhitectural\u0103, dup\u0103 caz, cu minime interven\u021bii de consolidare a acestora, dac\u0103 este cazul.<\/p>\r\n<p>\u00cen conformitate cu prevederile art. 6 alin. (1) din Legea nr. 153\/2011,<em> ,<\/em> sunt eligibile urm\u0103toarele categorii de lucr\u0103ri:<\/p>\r\n<p>a) lucr\u0103ri de consolidare, reparare\/refacere a zid\u0103riilor\/pere\u0163ilor exteriori;<\/p>\r\n<p>b) lucr\u0103ri de reparare\/refacere a finisajelor exterioare, precum tencuieli, zugr\u0103veli, vopsitorii, placaje \u015fi altele asemenea;<\/p>\r\n<p>c) lucr\u0103ri de consolidare \u015fi\/sau reparare\/refacere a sistemului de acoperire;<\/p>\r\n<p>d) lucr\u0103ri de \u00eenlocuire, reparare\/refacere a t\u00e2mpl\u0103riei exterioare \u015fi a elementelor exterioare func\u0163ionale, precum balcoane, logii, bovindouri, aticuri, corni\u015fe \u015fi altele asemenea;<\/p>\r\n<p>e) lucr\u0103ri de reparare\/refacere a elementelor de plastic\u0103 arhitectural\u0103, precum br\u00e2uri, ancadramente, bosaje, profiluri \u015fi altele asemenea;<\/p>\r\n<p>f) lucr\u0103ri de demontare a instala\u0163iilor \u015fi echipamentelor montate aparent pe fa\u0163ade\/acoperi\u015f, precum \u015fi remontarea acestora dup\u0103 efectuarea lucr\u0103rilor de interven\u0163ie.<\/p>\r\n<p>Odat\u0103 cu lucr\u0103rile prev\u0103zute la alin. (1) al\u00a0 art. 6 din\u00a0 Legea nr. 153\/2011 se pot executa, dup\u0103 caz, \u015fi lucr\u0103ri de interven\u0163ie justificate din punct de vedere tehnic prin proiect, precum:<\/p>\r\n<p>g) lucr\u0103ri de reparare\/refacere a trotuarului de protec\u0163ie al cl\u0103dirii;<\/p>\r\n<p>h) lucr\u0103ri de eliminare a igrasiei, precum \u015fi de izolare a rosturilor;<\/p>\r\n<p>i) alte lucr\u0103ri de aceast\u0103 natur\u0103, dup\u0103 caz.<\/p>\r\n<p><!-- \/wp:paragraph --><\/p>\r\n<p><!-- \/wp:paragraph --><\/p>\r\n<\/div>\r\n<\/div>\r\n<div class=\"wpb_text_column\">\r\n<div class=\"wpb_wrapper\">\r\n<p><strong>D. Construirea\/modernizarea\/reabilitarea \u0219i dotarea pie\u021belor agroalimentare urbane<\/strong> care sunt integrate teritorial \u00een cadrul spa\u0163iilor publice urbane ce necesit\u0103 regenerare, conform SIDU 2021-2027.<\/p>\r\n<p>Nu sunt eligibile proiectele pentru care sunt \u00eendeplinite cel pu\u021bin una dintre urm\u0103toarele condi\u021bii:<\/p>\r\n<p>obiectul proiectului const\u0103 exclusiv \u00een realizarea de lucr\u0103ri de construc\u021bie, f\u0103r\u0103 dotare;<br \/>obiectul proiectului vizeaz\u0103 doar investi\u021bii \u00een active necorporale;<\/p>\r\n<\/div>\r\n<\/div>\r\n<div class=\"wpb_text_column\">\r\n<div class=\"wpb_wrapper\">\r\n<p><strong>E. Investi\u021bii pentru asigurarea securit\u0103\u021bii spa\u021biilor publice<\/strong> (ex: iluminatul corespunz\u0103tor al spa\u021biilor publice, sisteme de monitorizare video etc.), ca parte a proiectelor integrate de regenerare urban\u0103.<\/p>\r\n<p>Sunt eligibile urm\u0103toarele:<\/p>\r\n<p>Construirea\/extinderea\/modernizarea\/reabilitarea sistemelor de supraveghere video prin instalare de sisteme de supraveghere video a spa\u021biilor amenajate prin proiect, sisteme de monitorizare trafic \u0219i dotarea dispeceratelor aferente, cu respectarea prevederilor legale \u00een vigoare;<\/p>\r\n<p>Construirea\/extinderea\/modernizarea\/reabilitarea sistemului de iluminat public \u00een zona supus\u0103 interven\u0163iei prin proiect.<\/p>\r\n<\/div>\r\n<\/div>\r\n<div class=\"wpb_text_column\">\r\n<div class=\"wpb_wrapper\">\r\n<p><strong>Activit\u0103\u021bi eligibile conexe<\/strong><\/p>\r\n<p><strong>reabilitarea\/modernizarea str\u0103zilor urbane, partea carosabil\u0103, incluz\u00e2nd \u0219i relocarea parc\u0103rilor<\/strong><\/p>\r\n<p>Cheltuielile din investi\u0163ia de baz\u0103 aferente activit\u0103\u0163ii <em>reabilitarea\/modernizarea str\u0103zilor urbane, partea carosabil\u0103,<\/em> definite conform OG 43\/1997, care asigur\u0103 accesul \u00een zona supus\u0103 interven\u0163iilor prin proiect, precum \u0219i relocarea parc\u0103rilor pot reprezenta maximum 15% din cheltuielile eligibile totale ale proiectului (dac\u0103 sunt singurele investi\u021bii conexe din proiect). Suprafa\u021ba \u0219i lungimea p\u0103rtii carosabile reabilitate \u0219i modernizate nu poate dep\u0103si suprafa\u021ba \u0219i lungimea p\u0103rtii carosabile ini\u021biale din zona supus\u0103 interven\u021biilor prin proiect. De asemenea num\u0103rul parc\u0103rilor relocate nu poate dep\u0103\u0219i num\u0103rul ini\u021bial al parc\u0103rilor din zona supus\u0103 interven\u021biilor prin proiect.<\/p>\r\n<p><strong>relocarea, modernizarea \u015fi extinderea re\u0163elelor de utilit\u0103\u021bi publice (ap\u0103, canalizare, electricitate, telefonie etc.) care sunt amplasate \u00een corpul p\u0103rtii carosabile \u0219i a parc\u0103rilor obiect al investi\u021biei<\/strong><\/p>\r\n<p>Cheltuielile din investi\u0163ia de baz\u0103 aferente activit\u0103\u0163ii <em>relocarea, modernizarea \u015fi extinderea re\u0163elelor de utilit\u0103\u021bi publice (ap\u0103, canalizare, electricitate, telefonie etc.) care sunt amplasate \u00een corpul p\u0103rtii carosabile \u0219i a parc\u0103rilor obiect al investi\u021biei<\/em> pot reprezenta maximum 15% din cheltuielile eligibile totale ale proiectului (dac\u0103 sunt singurele investi\u021bii conexe din proiect).<\/p>\r\n<\/div>\r\n<\/div>\r\n<div class=\"w-separator size_small\">\u00a0<\/div>\r\n<div class=\"w-image align_none\">\r\n<div class=\"w-image-h\">\u00a0<\/div>\r\n<\/div>\r\n<div class=\"w-separator size_small with_line width_default thick_2 style_solid color_border align_center\">\r\n<div class=\"w-separator-h\">\u00a0<\/div>\r\n<\/div>\r\n<div class=\"wpb_text_column\">\r\n<div class=\"wpb_wrapper\">\r\n<p>Programul Regional Nord-Vest 2021-2027 propune interven\u021bii pentru dezvoltarea capacit\u0103\u021bii de cercetare, dezvoltare, inovare \u0219i digitalizare, cre\u0219terea performan\u021bei energetice a fondului existent de cl\u0103diri publice \u0219i reziden\u021biale, valorificarea spa\u021biilor degradate de la nivelul ora\u0219elor, mobilitatea urban\u0103 sustenabil\u0103, investi\u021bii\u00a0 \u00een re\u021beaua de drumuri jude\u021bene \u0219i \u00een infrastructura educa\u021bional\u0103, precum \u0219i ac\u021biuni de valorificare a poten\u021bialului cultural, turistic \u0219i balnear.<\/p>\r\n<p>In the financial year 2021-2027, public authorities and institutions, the business environment, the academic and research environment and NGOs can obtain funding.<\/p>\r\n<p>The Northwest Regional Program benefits from a total allocation of 1,437,252,471 euros.<\/p>\r\n<p>Prioritatea 1 : O regiune competitiv\u0103 prin inovare, digitalizare \u0219i \u00eentreprinderi dinamice\u00a0 \u2013\u00a0 valoare total\u0103: 327.904.956 euro<br \/>Prioritatea 2 : O regiune cu localit\u0103\u021bi smart\u00a0 \u2013\u00a0 valoare total\u0103: 60.332.872 euro<br \/>Prioritatea 3 : O regiune cu localit\u0103\u021bi prietenoase cu mediul\u00a0 \u2013\u00a0 valoare total\u0103: 210.666.112 euro<br \/>Prioritatea 4 : O regiune cu mobilitate urban\u0103 multimodal\u0103 sustenabil\u0103\u00a0 \u2013\u00a0 valoare total\u0103: 305.155.751 euro<br \/>Prioritatea 5 : O regiune accesibil\u0103\u00a0 \u2013\u00a0 valoare total\u0103: 184.978.708 euro<br \/>Prioritatea 6 : O regiune educat\u0103\u00a0 \u2013\u00a0 valoare total\u0103: 77.386.100 euro<br \/>Prioritatea 7 : O regiune atractiv\u0103\u00a0 \u2013\u00a0 valoare total\u0103: 210.363.134 euro<br \/>Asisten\u021b\u0103 tehnic\u0103\u00a0 \u2013\u00a0 valoare total\u0103: 60.464.838\u00a0 euro<\/p>\r\n<p>More information about the Northwest Regional Program for 2021-2027 is available\u00a0<a href=\"https:\/\/regionordvest.ro\/programul-regional-nv\/\" target=\"_blank\" rel=\"noopener\">here<\/a>, and the program can be consulted\u00a0<a href=\"https:\/\/regionordvest.ro\/wp-content\/uploads\/2022\/10\/PR_NV_1.2_RO-1.pdf\" target=\"_blank\" rel=\"noopener\">here<\/a>.<\/p>\r\n<p><!-- \/wp:paragraph --><\/p>\r\n<p><!-- \/wp:paragraph --><\/p>\r\n<\/div>\r\n<\/div>\r\n<\/div>\r\n<\/div>\r\n<\/div>\r\n<\/div>\r\n<div class=\"l-section-h i-cf\">\r\n<div class=\"g-cols via_grid cols_1 laptops-cols_inherit tablets-cols_inherit mobiles-cols_1 valign_top type_default\">\r\n<div class=\"wpb_column vc_column_container\">\r\n<div class=\"vc_column-inner\">\u00a0<\/div>\r\n<\/div>\r\n<\/div>\r\n<\/div>\r\n<p>&nbsp;<\/p>\r\n<!-- \/wp:html -->","protected":false},"excerpt":{"rendered":"<p>Agen\u021bia de Dezvoltare Regional\u0103 Nord-Vest, \u00een calitate de Autoritate de Management pentru Programul Regional Nord-Vest 2021-2027 (REGIO Nord-Vest), public\u0103 ast\u0103zi, 25 iulie 2023, Ghidul solicitantului pentru apelul de proiecte 714.B Regenerare urban\u0103 \u0219i securitatea spa\u021biilor publice. &nbsp; Apelul de proiecte este competitiv, iar cererile de finan\u021bare vor putea fi depuse prin sistemul informatic MySMIS 2021\/2021+&#8230;<\/p>","protected":false},"author":1,"featured_media":18611,"comment_status":"closed","ping_status":"closed","sticky":false,"template":"","format":"standard","meta":{"footnotes":"","beyondwords_generate_audio":"1","beyondwords_project_id":"21144","beyondwords_content_id":"","beyondwords_preview_token":"","beyondwords_player_style":"","beyondwords_language_id":"","beyondwords_title_voice_id":"","beyondwords_body_voice_id":"","beyondwords_summary_voice_id":"","beyondwords_error_message":"","beyondwords_disabled":"","beyondwords_delete_content":"","beyondwords_podcast_id":"7534002","beyondwords_hash":"8153481613aef4a7e5a15381c4a1293853f686a4","publish_post_to_speechkit":"","speechkit_hash":"","speechkit_generate_audio":"","speechkit_project_id":"","speechkit_podcast_id":"","speechkit_error_message":"","speechkit_disabled":"","speechkit_access_key":"","speechkit_error":"","speechkit_info":"","speechkit_response":"","speechkit_retries":"","speechkit_status":"","speechkit_updated_at":"","_speechkit_link":"","_speechkit_text":""},"categories":[13,228],"tags":[],"class_list":["post-27424","post","type-post","status-publish","format-standard","has-post-thumbnail","hentry","category-noutati","category-por-2021-2027"],"publishpress_future_action":{"enabled":false,"date":"2026-05-03 12:43:50","action":"change-status","newStatus":"draft","terms":[],"taxonomy":"category"},"publishpress_future_workflow_manual_trigger":{"enabledWorkflows":[]},"_links":{"self":[{"href":"https:\/\/www.nord-vest.ro\/en\/wp-json\/wp\/v2\/posts\/27424","targetHints":{"allow":["GET"]}}],"collection":[{"href":"https:\/\/www.nord-vest.ro\/en\/wp-json\/wp\/v2\/posts"}],"about":[{"href":"https:\/\/www.nord-vest.ro\/en\/wp-json\/wp\/v2\/types\/post"}],"author":[{"embeddable":true,"href":"https:\/\/www.nord-vest.ro\/en\/wp-json\/wp\/v2\/users\/1"}],"replies":[{"embeddable":true,"href":"https:\/\/www.nord-vest.ro\/en\/wp-json\/wp\/v2\/comments?post=27424"}],"version-history":[{"count":2,"href":"https:\/\/www.nord-vest.ro\/en\/wp-json\/wp\/v2\/posts\/27424\/revisions"}],"predecessor-version":[{"id":27430,"href":"https:\/\/www.nord-vest.ro\/en\/wp-json\/wp\/v2\/posts\/27424\/revisions\/27430"}],"wp:featuredmedia":[{"embeddable":true,"href":"https:\/\/www.nord-vest.ro\/en\/wp-json\/wp\/v2\/media\/18611"}],"wp:attachment":[{"href":"https:\/\/www.nord-vest.ro\/en\/wp-json\/wp\/v2\/media?parent=27424"}],"wp:term":[{"taxonomy":"category","embeddable":true,"href":"https:\/\/www.nord-vest.ro\/en\/wp-json\/wp\/v2\/categories?post=27424"},{"taxonomy":"post_tag","embeddable":true,"href":"https:\/\/www.nord-vest.ro\/en\/wp-json\/wp\/v2\/tags?post=27424"}],"curies":[{"name":"wp","href":"https:\/\/api.w.org\/{rel}","templated":true}]}}