{"id":27292,"date":"2023-07-04T16:44:24","date_gmt":"2023-07-04T13:44:24","guid":{"rendered":"https:\/\/www.nord-vest.ro\/agentia-de-dezvoltare-regionala-nord-vest-in-calitate-de-autoritate-de-management-pentru-programul-regional-nord-vest-2021-2027-regio-nord-vest-lanseaza-astazi-4-iulie-2023-primul-apel-de-proiec\/"},"modified":"2023-07-26T13:57:59","modified_gmt":"2023-07-26T10:57:59","slug":"agentia-de-dezvoltare-regionala-nord-vest-in-calitate-de-autoritate-de-management-pentru-programul-regional-nord-vest-2021-2027-regio-nord-vest-lanseaza-astazi-4-iulie-2023-primul-apel-de-proiec","status":"publish","type":"post","link":"https:\/\/www.nord-vest.ro\/en\/agentia-de-dezvoltare-regionala-nord-vest-in-calitate-de-autoritate-de-management-pentru-programul-regional-nord-vest-2021-2027-regio-nord-vest-lanseaza-astazi-4-iulie-2023-primul-apel-de-proiec\/","title":{"rendered":"Agen\u021bia de Dezvoltare Regional\u0103 Nord-Vest, \u00een calitate de Autoritate de Management pentru Programul Regional Nord-Vest 2021-2027 (REGIO Nord-Vest), lanseaz\u0103 ast\u0103zi, 4 iulie 2023, primul apel de proiecte din cadrul programului."},"content":{"rendered":"<section class=\"l-section wpb_row height_small\"><div class=\"l-section-h i-cf\"><div class=\"g-cols via_grid cols_1 laptops-cols_inherit tablets-cols_inherit mobiles-cols_1 valign_top type_default\"><div class=\"wpb_column vc_column_container\"><div class=\"vc_column-inner\"><div class=\"wpb_text_column\"><div class=\"wpb_wrapper\"><\/p>\n<p>Agen\u021bia de Dezvoltare Regional\u0103 Nord-Vest, \u00een calitate de Autoritate de Management pentru Programul Regional Nord-Vest 2021-2027 (REGIO Nord-Vest), public\u0103 ast\u0103zi, 4 iulie 2023, Ghidul solicitantului pentru apelul de proiecte <strong>PRNV\/2023\/371.A\/1 \u2013 Dezvoltarea unor ora\u0219e verzi \u0219i \u00eembun\u0103t\u0103\u021birea infrastructurii verzi din zonele urbane &#8211; Municipii re\u0219edin\u021b\u0103 de jude\u021b<\/strong>.<\/p>\n<p>Cererile de finan\u021bare vor putea fi depuse prin sistemul informatic MySMIS 2021\/2021+ \u00een perioada: <strong>1 august 2023, ora 10:00 \u2013 31 ianuarie 2024, ora 23:59.<\/strong><\/p>\n<p>Descarc\u0103 \u2013 <strong><a href=\"https:\/\/regionordvest.ro\/wp-content\/uploads\/2023\/07\/Ghidul-Solicitantului-371.A.zip\" target=\"_blank\" rel=\"noopener\">Ghidul Solicitantului 371.A (PRNV\/2023\/371A\/1) \u2013 Dezvoltarea unor ora\u0219e verzi \u0219i \u00eembun\u0103t\u0103\u021birea infrastructurii verzi din zonele urbane &#8211; Municipii re\u0219edin\u021b\u0103 de jude\u021b<\/a><\/strong><\/p>\n<p>Conformable <a href=\"https:\/\/eur-lex.europa.eu\/RO\/legal-content\/summary\/eu-biodiversity-strategy-for-2030.html\" target=\"_blank\" rel=\"noopener\"><strong>Strategiei UE privind biodiversitatea pentru 2030<\/strong><\/a>, promovarea ecosistemelor s\u0103n\u0103toase, a infrastructurii verzi \u0219i a solu\u021biilor bazate pe natur\u0103, ar trebui integrat\u0103 \u00een mod sistematic \u00een planificarea urban\u0103, inclusiv \u00een spa\u021biile publice, infrastructur\u0103 \u0219i proiectarea cl\u0103dirilor \u0219i a \u00eemprejurimilor acestora.<\/p>\n<p>Astfel, fundamentarea necesit\u0103\u021bii \u0219i a caracterului integrat a interven\u021biilor necesare cu privire la \u00eembun\u0103t\u0103\u021birea infrastructurii verzi din municipiile re\u0219edin\u0163\u0103 de jude\u0163, inclusiv din alte unit\u0103\u0163i administrativ-teritoriale din zona urban\u0103 func\u0163ional\u0103, se va realiza la nivel de <strong>strategie teritorial\u0103 integrat\u0103<\/strong>.<\/p>\n<p>Pentru a readuce natura \u00een ora\u0219e trebuie sprijinite m\u0103surile privind crearea de p\u0103duri, parcuri \u0219i gr\u0103dini urbane accesibile popula\u0163iei \u0219i bogate \u00een biodiversitate, acoperi\u0219uri \u0219i pere\u021bi verzi \u0219i garduri vii urbane etc, care vor aduce beneficii multiple precum: purificarea aerului, reducerea zgomotului, stocarea carbonului, reducerea temperaturii aerului, reducerea anxiet\u0103\u021bii \u0219i implicit a \u00eembun\u0103t\u0103\u021birii s\u0103n\u0103t\u0103\u021bii publice.<\/p>\n<p>Proiectele finan\u021bate prin PR NV au poten\u021bialul de a contribui la \u00eembun\u0103t\u0103\u021birea infrastructurii verzi prin adoptarea unor solu\u021bii care s\u0103 permit\u0103 reducerea amprentei ecologice a componentei antropice. Adoptarea unor solu\u021bii compatibile cu principiile infrastructurii verzi contribuie totodat\u0103 la \u00eembun\u0103t\u0103\u021birea condi\u021biilor de via\u021b\u0103 ale comunit\u0103\u021bilor locale, prin asigurarea men\u021binerii condi\u021biilor ecologice optime, cre\u0219terea calit\u0103\u021bii aerului, reducerea zgomotului etc.<\/p>\n<p><strong>ACTIVIT\u0102\u021aI PRINCIPALE<\/strong> ce pot fi finan\u021bate \u00een mod independent \u00een cadrul proiectelor aferente acestui apel constau \u00een:<br \/>\u2022 a.Crearea\/modernizarea\/extinderea de scuaruri\/parcuri\/gr\u0103dini\/p\u0103duri urbane\/p\u0103duri-parc\/p\u0103duri de agrement, care includ activit\u0103\u0163i de \u00eenierbare, plantare cu plante autohtone perene, precum \u0219i plantarea de arbori \u0219i arbu\u0219ti autohtoni, dar care sunt rezilien\u0163i la viitoarele impacturi preconizate ale schimb\u0103rilor climatice;<br \/>\u2022 b. Amenajarea spa\u021biilor verzi aferente cursurilor de ap\u0103: interven\u021bii asupra malurilor apelor (lacuri, cursuri de ap\u0103) \u0219i a zonelor din proximitatea acestora prin realizarea de spa\u0163ii verzi;<br \/>\u2022 c. Realizarea de coridoare ecologice urbane, ce reprezint\u0103 structuri de peisaj de diferite dimensiuni, forme \u0219i vegeta\u021bie, care permit conectarea cu zonele naturale sau semi-naturale (cum ar fi p\u0103durile sau zonele agricole), \u00een scopul mi\u0219c\u0103rii \u0219i migr\u0103rii speciilor.<\/p>\n<p><strong>ACTIVIT\u0102\u021aI SECUNDARE<\/strong> care pot fi finan\u021bate integrat prin prezentul apel doar \u00een cadrul proiectelor care includ cel pu\u021bin o activitate principal\u0103 din cele de mai sus, \u00een caz contrar proiectele vor fi respinse de la finan\u0163are:<br \/>\u2022 a. Lucr\u0103ri verzi ce constau \u00een acoperi\u0219uri verzi, pere\u021bi verzi, terase\/balcoane cu gr\u0103dini \u015fi spa\u0163ii verzi etc aferente cl\u0103dirilor aflate \u00een proprietatea solicitantului de finan\u0163are \u0219i care sunt integrate la nivel teritorial2 cu investi\u0163iile care se \u00eencadreaz\u0103 \u00een activit\u0103\u0163ile principale men\u0163ionate mai sus ;<br \/>\u2022 b. Activit\u0103\u0163i de igienizare a terenului (care nu presupun \u00een mod obligatoriu defri\u015farea vegeta\u0163iei existente), cu men\u0163inerea arborilor importan\u0163i din punct de vedere ecologic, modelarea terenului, cur\u0103\u0163area terenului de gunoaiele existente, pe terenurile supuse interven\u021biilor. Activit\u0103\u0163ile de igienizare nu pot s\u0103 reprezinte activi\u0163\u0103\u0163i de decontaminare chimic\u0103.<br \/>\u2022 c. Alte interven\u021bii complementare realiz\u0103rii de spa\u0163ii verzi: alei, foi\u0219oare, pergole, grupuri sanitare, spa\u021bii pentru \u00eentre\u021binere\/vestiare, scene, piste pentru bicicli\u0219ti, pontoane, trotuare, mobilier urban confec\u021bionat din materiale prietenoase cu mediul (b\u0103nci, co\u0219uri de gunoi, toalete ecologice, suporturi biciclete, \u00eemprejmuire), crearea de facilit\u0103\u021bi pentru recreere pe terenurile amenajate (hotspot-uri Wi-Fi, zone special amenajate pentru sport, locuri de joac\u0103 pentru copii); realizarea unor sisteme inteligente de supraveghere video \u00een spa\u021biile amenajate prin proiect; \u00eenlocuirea \u0219i\/sau racordarea la utilit\u0103\u021bi publice a terenului obiect al investi\u021biei; demolarea construc\u021biilor situate pe amplasamentul supus interven\u021biei aferente infrastructurii verzi (cu excep\u021bia celor care apar\u021bin patrimoniului cultural), realizarea de sisteme de iriga\u021bii \u0219i sisteme de iluminat inteligente pentru spa\u021biile verzi realizate; etc. Aceste interven\u021bii contribuie la cre\u0219terea calit\u0103\u021bii vie\u021bii cet\u0103\u021benilor \u015fi vor fi utilizate materiale prietenoase cu mediul.<\/p>\n<p>____________________<\/p>\n<p>Programul Regional Nord-Vest 2021-2027 propune interven\u021bii pentru dezvoltarea capacit\u0103\u021bii de cercetare, dezvoltare, inovare \u0219i digitalizare, cre\u0219terea performan\u021bei energetice a fondului existent de cl\u0103diri publice \u0219i reziden\u021biale, valorificarea spa\u021biilor degradate de la nivelul ora\u0219elor, mobilitatea urban\u0103 sustenabil\u0103, investi\u021bii\u00a0 \u00een re\u021beaua de drumuri jude\u021bene \u0219i \u00een infrastructura educa\u021bional\u0103, precum \u0219i ac\u021biuni de valorificare a poten\u021bialului cultural, turistic \u0219i balnear.<\/p>\n<p>In the financial year 2021-2027, public authorities and institutions, the business environment, the academic and research environment and NGOs can obtain funding.<\/p>\n<p>The Northwest Regional Program benefits from a total allocation of 1,437,252,471 euros.<\/p>\n<p>Prioritatea 1 : O regiune competitiv\u0103 prin inovare, digitalizare \u0219i \u00eentreprinderi dinamice\u00a0 \u2013\u00a0 valoare total\u0103: 327.904.956 euro<\/p>\n<p>Prioritatea 2 : O regiune cu localit\u0103\u021bi smart\u00a0 \u2013\u00a0 valoare total\u0103: 60.332.872 euro<\/p>\n<p>Prioritatea 3 : O regiune cu localit\u0103\u021bi prietenoase cu mediul\u00a0 \u2013\u00a0 valoare total\u0103: 210.666.112 euro<\/p>\n<p>Prioritatea 4 : O regiune cu mobilitate urban\u0103 multimodal\u0103 sustenabil\u0103\u00a0 \u2013\u00a0 valoare total\u0103: 305.155.751 euro<\/p>\n<p>Prioritatea 5 : O regiune accesibil\u0103\u00a0 \u2013\u00a0 valoare total\u0103: 184.978.708 euro<\/p>\n<p>Prioritatea 6 : O regiune educat\u0103\u00a0 \u2013\u00a0 valoare total\u0103: 77.386.100 euro<\/p>\n<p>Prioritatea 7 : O regiune atractiv\u0103\u00a0 \u2013\u00a0 valoare total\u0103: 210.363.134 euro<\/p>\n<p>Asisten\u021b\u0103 tehnic\u0103\u00a0 \u2013\u00a0 valoare total\u0103: 60.464.838\u00a0 euro<\/p>\n<p>More information about the Northwest Regional Program for 2021-2027 is available\u00a0<a href=\"https:\/\/regionordvest.ro\/programul-regional-nv\/\" target=\"_blank\" rel=\"noopener\">here<\/a>, and the program can be consulted\u00a0<a href=\"https:\/\/regionordvest.ro\/wp-content\/uploads\/2022\/10\/PR_NV_1.2_RO-1.pdf\" target=\"_blank\" rel=\"noopener\">here<\/a>.<\/p><\/p>\n<\/div><\/div><\/div><\/div><\/div><\/div><\/section>","protected":false},"excerpt":{"rendered":"Agen\u021bia de Dezvoltare Regional\u0103 Nord-Vest, \u00een calitate de Autoritate de Management pentru Programul Regional Nord-Vest 2021-2027 (REGIO Nord-Vest), public\u0103 ast\u0103zi, 4 iulie 2023, Ghidul solicitantului pentru apelul de proiecte PRNV\/2023\/371.A\/1 \u2013 Dezvoltarea unor ora\u0219e verzi \u0219i \u00eembun\u0103t\u0103\u021birea infrastructurii verzi din zonele urbane &#8211; Municipii re\u0219edin\u021b\u0103 de jude\u021b. Cererile de finan\u021bare vor putea fi depuse prin...","protected":false},"author":0,"featured_media":18611,"comment_status":"closed","ping_status":"","sticky":false,"template":"","format":"standard","meta":{"footnotes":"","beyondwords_generate_audio":"","beyondwords_project_id":"","beyondwords_content_id":"","beyondwords_preview_token":"","beyondwords_player_style":"","beyondwords_language_id":"","beyondwords_title_voice_id":"","beyondwords_body_voice_id":"","beyondwords_summary_voice_id":"","beyondwords_error_message":"","beyondwords_disabled":"","beyondwords_delete_content":"","beyondwords_podcast_id":"","beyondwords_hash":"","publish_post_to_speechkit":"","speechkit_hash":"","speechkit_generate_audio":"","speechkit_project_id":"","speechkit_podcast_id":"","speechkit_error_message":"","speechkit_disabled":"","speechkit_access_key":"","speechkit_error":"","speechkit_info":"","speechkit_response":"","speechkit_retries":"","speechkit_status":"","speechkit_updated_at":"","_speechkit_link":"","_speechkit_text":""},"categories":[13,228],"tags":[],"class_list":["post-27292","post","type-post","status-publish","format-standard","has-post-thumbnail","hentry","category-noutati","category-por-2021-2027"],"publishpress_future_action":{"enabled":false,"date":"2026-05-05 03:14:53","action":"change-status","newStatus":"draft","terms":[],"taxonomy":"category"},"publishpress_future_workflow_manual_trigger":{"enabledWorkflows":[]},"_links":{"self":[{"href":"https:\/\/www.nord-vest.ro\/en\/wp-json\/wp\/v2\/posts\/27292","targetHints":{"allow":["GET"]}}],"collection":[{"href":"https:\/\/www.nord-vest.ro\/en\/wp-json\/wp\/v2\/posts"}],"about":[{"href":"https:\/\/www.nord-vest.ro\/en\/wp-json\/wp\/v2\/types\/post"}],"replies":[{"embeddable":true,"href":"https:\/\/www.nord-vest.ro\/en\/wp-json\/wp\/v2\/comments?post=27292"}],"version-history":[{"count":1,"href":"https:\/\/www.nord-vest.ro\/en\/wp-json\/wp\/v2\/posts\/27292\/revisions"}],"predecessor-version":[{"id":27429,"href":"https:\/\/www.nord-vest.ro\/en\/wp-json\/wp\/v2\/posts\/27292\/revisions\/27429"}],"wp:featuredmedia":[{"embeddable":true,"href":"https:\/\/www.nord-vest.ro\/en\/wp-json\/wp\/v2\/media\/18611"}],"wp:attachment":[{"href":"https:\/\/www.nord-vest.ro\/en\/wp-json\/wp\/v2\/media?parent=27292"}],"wp:term":[{"taxonomy":"category","embeddable":true,"href":"https:\/\/www.nord-vest.ro\/en\/wp-json\/wp\/v2\/categories?post=27292"},{"taxonomy":"post_tag","embeddable":true,"href":"https:\/\/www.nord-vest.ro\/en\/wp-json\/wp\/v2\/tags?post=27292"}],"curies":[{"name":"wp","href":"https:\/\/api.w.org\/{rel}","templated":true}]}}