{"id":23637,"date":"2021-10-27T00:00:00","date_gmt":"2021-10-26T21:00:00","guid":{"rendered":"https:\/\/www.nord-vest.ro\/promovarea-patrimoniului-istoric-din-transilvania-in-cadrul-vizitei-de-studiu-rfc-3\/"},"modified":"2021-10-27T00:00:00","modified_gmt":"2021-10-26T21:00:00","slug":"promovarea-patrimoniului-istoric-din-transilvania-in-cadrul-vizitei-de-studiu-rfc-3","status":"publish","type":"post","link":"https:\/\/www.nord-vest.ro\/en\/promovarea-patrimoniului-istoric-din-transilvania-in-cadrul-vizitei-de-studiu-rfc-3\/","title":{"rendered":"PROMOTION OF THE HISTORICAL HERITAGE FROM TRANSYLVANIA WITHIN THE FRAMEWORK OF THE RFC STUDY VISIT"},"content":{"rendered":"<figure class=\"wp-block-image size-large\"><img loading=\"lazy\" decoding=\"async\" width=\"1024\" height=\"663\" src=\"https:\/\/www.nord-vest.ro\/wp-content\/uploads\/2021\/10\/2-1024x663.jpg\" alt=\"\" class=\"wp-image-15882\" srcset=\"https:\/\/www.nord-vest.ro\/wp-content\/uploads\/2021\/10\/2-1024x663.jpg 1024w, https:\/\/www.nord-vest.ro\/wp-content\/uploads\/2021\/10\/2-300x194.jpg 300w, https:\/\/www.nord-vest.ro\/wp-content\/uploads\/2021\/10\/2-400x259.jpg 400w, https:\/\/www.nord-vest.ro\/wp-content\/uploads\/2021\/10\/2-600x388.jpg 600w, https:\/\/www.nord-vest.ro\/wp-content\/uploads\/2021\/10\/2-18x12.jpg 18w, https:\/\/www.nord-vest.ro\/wp-content\/uploads\/2021\/10\/2-624x404.jpg 624w, https:\/\/www.nord-vest.ro\/wp-content\/uploads\/2021\/10\/2-372x241.jpg 372w, https:\/\/www.nord-vest.ro\/wp-content\/uploads\/2021\/10\/2-348x225.jpg 348w, https:\/\/www.nord-vest.ro\/wp-content\/uploads\/2021\/10\/2-108x70.jpg 108w, https:\/\/www.nord-vest.ro\/wp-content\/uploads\/2021\/10\/2.jpg 1451w\" sizes=\"auto, (max-width: 1024px) 100vw, 1024px\" \/><\/figure>\n\n\n\n<p>The special potential of the fortified heritage of Transylvania was presented during the study visit hosted, in a hybrid format, by ADR Nord-West during October 20-21, 2021. The event was organized within the project <a rel=\"noreferrer noopener\" href=\"https:\/\/www.interregeurope.eu\/rfc\/\" target=\"_blank\"><strong>Revitalizing Fortress Cities [RFC]<\/strong><\/a>, and his agenda included two days full of workshops, best practice exchanges, exhibitions, virtual tours and site visits.<\/p>\n\n\n\n<p><br>Representatives of the partner public authorities from Germany [Magdeburg City Hall and the Chancellor of the Saxony-Anhalt Region], from the Teruel region [Spain] and from the Flanders region [Belgium] participated in physical form. The plenary sessions were watched online by representatives from the Usti regions of the Czech Republic and Slovakia, as well as members of the RFC regional group and the general public.<\/p>\n\n\n\n<figure class=\"wp-block-gallery columns-3 is-cropped wp-block-gallery-1 is-layout-flex wp-block-gallery-is-layout-flex\"><ul class=\"blocks-gallery-grid\"><li class=\"blocks-gallery-item\"><figure><img loading=\"lazy\" decoding=\"async\" width=\"423\" height=\"575\" src=\"https:\/\/www.nord-vest.ro\/wp-content\/uploads\/2021\/10\/3-1.jpg\" alt=\"\" data-id=\"15911\" data-full-url=\"https:\/\/www.nord-vest.ro\/wp-content\/uploads\/2021\/10\/3-1.jpg\" data-link=\"https:\/\/www.nord-vest.ro\/promovarea-patrimoniului-istoric-din-transilvania-in-cadrul-vizitei-de-studiu-rfc\/3-1-6\/\" class=\"wp-image-15911\" srcset=\"https:\/\/www.nord-vest.ro\/wp-content\/uploads\/2021\/10\/3-1.jpg 423w, https:\/\/www.nord-vest.ro\/wp-content\/uploads\/2021\/10\/3-1-221x300.jpg 221w, https:\/\/www.nord-vest.ro\/wp-content\/uploads\/2021\/10\/3-1-294x400.jpg 294w, https:\/\/www.nord-vest.ro\/wp-content\/uploads\/2021\/10\/3-1-9x12.jpg 9w, https:\/\/www.nord-vest.ro\/wp-content\/uploads\/2021\/10\/3-1-205x279.jpg 205w, https:\/\/www.nord-vest.ro\/wp-content\/uploads\/2021\/10\/3-1-166x225.jpg 166w, https:\/\/www.nord-vest.ro\/wp-content\/uploads\/2021\/10\/3-1-51x70.jpg 51w\" sizes=\"auto, (max-width: 423px) 100vw, 423px\" \/><\/figure><\/li><li class=\"blocks-gallery-item\"><figure><img loading=\"lazy\" decoding=\"async\" width=\"509\" height=\"574\" src=\"https:\/\/www.nord-vest.ro\/wp-content\/uploads\/2021\/10\/4-1.png\" alt=\"\" data-id=\"15912\" data-full-url=\"https:\/\/www.nord-vest.ro\/wp-content\/uploads\/2021\/10\/4-1.png\" data-link=\"https:\/\/www.nord-vest.ro\/promovarea-patrimoniului-istoric-din-transilvania-in-cadrul-vizitei-de-studiu-rfc\/4-1-4\/\" class=\"wp-image-15912\" srcset=\"https:\/\/www.nord-vest.ro\/wp-content\/uploads\/2021\/10\/4-1.png 509w, https:\/\/www.nord-vest.ro\/wp-content\/uploads\/2021\/10\/4-1-266x300.png 266w, https:\/\/www.nord-vest.ro\/wp-content\/uploads\/2021\/10\/4-1-355x400.png 355w, https:\/\/www.nord-vest.ro\/wp-content\/uploads\/2021\/10\/4-1-11x12.png 11w, https:\/\/www.nord-vest.ro\/wp-content\/uploads\/2021\/10\/4-1-247x279.png 247w, https:\/\/www.nord-vest.ro\/wp-content\/uploads\/2021\/10\/4-1-200x225.png 200w, https:\/\/www.nord-vest.ro\/wp-content\/uploads\/2021\/10\/4-1-62x70.png 62w\" sizes=\"auto, (max-width: 509px) 100vw, 509px\" \/><\/figure><\/li><li class=\"blocks-gallery-item\"><figure><img loading=\"lazy\" decoding=\"async\" width=\"442\" height=\"574\" src=\"https:\/\/www.nord-vest.ro\/wp-content\/uploads\/2021\/10\/5-2.png\" alt=\"\" data-id=\"15913\" data-full-url=\"https:\/\/www.nord-vest.ro\/wp-content\/uploads\/2021\/10\/5-2.png\" data-link=\"https:\/\/www.nord-vest.ro\/promovarea-patrimoniului-istoric-din-transilvania-in-cadrul-vizitei-de-studiu-rfc\/5-2-2\/\" class=\"wp-image-15913\" srcset=\"https:\/\/www.nord-vest.ro\/wp-content\/uploads\/2021\/10\/5-2.png 442w, https:\/\/www.nord-vest.ro\/wp-content\/uploads\/2021\/10\/5-2-231x300.png 231w, https:\/\/www.nord-vest.ro\/wp-content\/uploads\/2021\/10\/5-2-308x400.png 308w, https:\/\/www.nord-vest.ro\/wp-content\/uploads\/2021\/10\/5-2-9x12.png 9w, https:\/\/www.nord-vest.ro\/wp-content\/uploads\/2021\/10\/5-2-215x279.png 215w, https:\/\/www.nord-vest.ro\/wp-content\/uploads\/2021\/10\/5-2-173x225.png 173w, https:\/\/www.nord-vest.ro\/wp-content\/uploads\/2021\/10\/5-2-54x70.png 54w\" sizes=\"auto, (max-width: 442px) 100vw, 442px\" \/><\/figure><\/li><\/ul><\/figure>\n\n\n\n<p>The participants were impressed by the multitude of historical vestiges in Transylvania, the impact of public funding, the importance and care given to heritage, the degree of digitization, the concerns regarding sustainable urban and local planning, the potential for revitalization with an impact on the development of cultural tourism and evenimente.<\/p>\n\n\n\n<p>The debut conference was held at <strong>Tailors&#039; Tower<\/strong>, a class A monument dating from the 15th century, which currently houses <a href=\"https:\/\/culturaurbana.ro\/eveniment-turnul-croitorilor\/\" target=\"_blank\" rel=\"noopener\">Cluj-Napoca Urban Culture Center<\/a>. Through the RFC project, a virtual tour of the tower was created, presented for the first time at the event. Thus, the general public can access the interior and find out its history, the stages of rehabilitation as well as details about the new destination for culture, arts and events:<\/p>\n\n\n\n<p>Participants were then led through <strong>Oradea Citadel<\/strong>, also through a virtual tour rich in details about the stages of rehabilitation and the enhancement of historical vestiges, carried out in <a href=\"https:\/\/mtariicrisurilor.ro\/muzeul-orasului-oradea\/\" target=\"_blank\" rel=\"noopener\">Oradea City Museum<\/a>, through the Princely Palace, in the exhibition halls, in the Lapidary but also in the inner courtyards that host events.<\/p>\n\n\n\n<p>The supplier of <strong>3D digital services<\/strong>, Komiti Media, was present at the event and answered the questions of the participants, regarding the applied technology, the way of use and the impact it has in more and more fields, including for the enhancement of the built heritage. Afterwards, the participants were also pleasantly impressed by the degree of digitization of museums and heritage sites in the region.<\/p>\n\n\n\n<p>The two objectives can be explored individually by accessing the links below:<\/p>\n\n\n\n<p><em>&nbsp;&nbsp;&nbsp; &nbsp;&nbsp;&nbsp;&nbsp;&nbsp;<\/em><strong>VIRTUAL TOUR Tailors Tower: VIRTUAL TOUR Oradea Citadel:&nbsp;<\/strong><\/p>\n\n\n\n<p><a rel=\"noreferrer noopener\" href=\"https:\/\/my.treedis.com\/tour\/turnul-croitorilor\" target=\"_blank\"><strong><em>https:\/\/my.treedis.com\/tour\/turnul-croitorilor<\/em><\/strong><\/a><strong><em>\u00a0\u00a0\u00a0\u00a0\u00a0\u00a0\u00a0\u00a0\u00a0\u00a0\u00a0\u00a0\u00a0\u00a0\u00a0\u00a0\u00a0\u00a0\u00a0\u00a0\u00a0\u00a0\u00a0 <\/em><\/strong><a href=\"https:\/\/my.treedis.com\/tour\/cetatea-oradea\" target=\"_blank\" rel=\"noopener\"><strong><em>https:\/\/my.treedis.com\/tour\/cetatea-oradea<\/em><\/strong><\/a><\/p>\n\n\n\n<figure class=\"wp-block-gallery columns-2 is-cropped wp-block-gallery-2 is-layout-flex wp-block-gallery-is-layout-flex\"><ul class=\"blocks-gallery-grid\"><li class=\"blocks-gallery-item\"><figure><img loading=\"lazy\" decoding=\"async\" width=\"662\" height=\"552\" src=\"https:\/\/www.nord-vest.ro\/wp-content\/uploads\/2021\/10\/6.jpg\" alt=\"\" data-id=\"15887\" data-full-url=\"https:\/\/www.nord-vest.ro\/wp-content\/uploads\/2021\/10\/6.jpg\" data-link=\"https:\/\/www.nord-vest.ro\/?attachment_id=15887\" class=\"wp-image-15887\" srcset=\"https:\/\/www.nord-vest.ro\/wp-content\/uploads\/2021\/10\/6.jpg 662w, https:\/\/www.nord-vest.ro\/wp-content\/uploads\/2021\/10\/6-300x250.jpg 300w, https:\/\/www.nord-vest.ro\/wp-content\/uploads\/2021\/10\/6-400x334.jpg 400w, https:\/\/www.nord-vest.ro\/wp-content\/uploads\/2021\/10\/6-480x400.jpg 480w, https:\/\/www.nord-vest.ro\/wp-content\/uploads\/2021\/10\/6-14x12.jpg 14w, https:\/\/www.nord-vest.ro\/wp-content\/uploads\/2021\/10\/6-624x520.jpg 624w, https:\/\/www.nord-vest.ro\/wp-content\/uploads\/2021\/10\/6-335x279.jpg 335w, https:\/\/www.nord-vest.ro\/wp-content\/uploads\/2021\/10\/6-270x225.jpg 270w, https:\/\/www.nord-vest.ro\/wp-content\/uploads\/2021\/10\/6-84x70.jpg 84w\" sizes=\"auto, (max-width: 662px) 100vw, 662px\" \/><\/figure><\/li><li class=\"blocks-gallery-item\"><figure><img loading=\"lazy\" decoding=\"async\" width=\"756\" height=\"552\" src=\"https:\/\/www.nord-vest.ro\/wp-content\/uploads\/2021\/10\/7.jpg\" alt=\"\" data-id=\"15888\" data-full-url=\"https:\/\/www.nord-vest.ro\/wp-content\/uploads\/2021\/10\/7.jpg\" data-link=\"https:\/\/www.nord-vest.ro\/?attachment_id=15888\" class=\"wp-image-15888\" srcset=\"https:\/\/www.nord-vest.ro\/wp-content\/uploads\/2021\/10\/7.jpg 756w, https:\/\/www.nord-vest.ro\/wp-content\/uploads\/2021\/10\/7-300x219.jpg 300w, https:\/\/www.nord-vest.ro\/wp-content\/uploads\/2021\/10\/7-400x292.jpg 400w, https:\/\/www.nord-vest.ro\/wp-content\/uploads\/2021\/10\/7-548x400.jpg 548w, https:\/\/www.nord-vest.ro\/wp-content\/uploads\/2021\/10\/7-16x12.jpg 16w, https:\/\/www.nord-vest.ro\/wp-content\/uploads\/2021\/10\/7-624x456.jpg 624w, https:\/\/www.nord-vest.ro\/wp-content\/uploads\/2021\/10\/7-372x272.jpg 372w, https:\/\/www.nord-vest.ro\/wp-content\/uploads\/2021\/10\/7-308x225.jpg 308w, https:\/\/www.nord-vest.ro\/wp-content\/uploads\/2021\/10\/7-96x70.jpg 96w\" sizes=\"auto, (max-width: 756px) 100vw, 756px\" \/><\/figure><\/li><\/ul><\/figure>\n\n\n\n<p><strong>Roman forts from Potaissa<\/strong> [Turda, Cluj County], <strong>Porolissum and Bucium<\/strong> [Moigrad, S\u0103laj County], class A heritage objectives, financed from the Regional Operational Program 2014-2020, respectively POR 2007-2013. Through the project under implementation, the Potaissa Roman Fort will give back to the community and tourists a major heritage objective, through a special, modern and innovative architectural solution.<\/p>\n\n\n\n<figure class=\"wp-block-gallery columns-2 is-cropped wp-block-gallery-3 is-layout-flex wp-block-gallery-is-layout-flex\"><ul class=\"blocks-gallery-grid\"><li class=\"blocks-gallery-item\"><figure><img loading=\"lazy\" decoding=\"async\" width=\"707\" height=\"526\" src=\"https:\/\/www.nord-vest.ro\/wp-content\/uploads\/2021\/10\/8.jpg\" alt=\"\" data-id=\"15889\" data-full-url=\"https:\/\/www.nord-vest.ro\/wp-content\/uploads\/2021\/10\/8.jpg\" data-link=\"https:\/\/www.nord-vest.ro\/?attachment_id=15889\" class=\"wp-image-15889\" srcset=\"https:\/\/www.nord-vest.ro\/wp-content\/uploads\/2021\/10\/8.jpg 707w, https:\/\/www.nord-vest.ro\/wp-content\/uploads\/2021\/10\/8-300x223.jpg 300w, https:\/\/www.nord-vest.ro\/wp-content\/uploads\/2021\/10\/8-400x298.jpg 400w, https:\/\/www.nord-vest.ro\/wp-content\/uploads\/2021\/10\/8-538x400.jpg 538w, https:\/\/www.nord-vest.ro\/wp-content\/uploads\/2021\/10\/8-16x12.jpg 16w, https:\/\/www.nord-vest.ro\/wp-content\/uploads\/2021\/10\/8-624x464.jpg 624w, https:\/\/www.nord-vest.ro\/wp-content\/uploads\/2021\/10\/8-372x277.jpg 372w, https:\/\/www.nord-vest.ro\/wp-content\/uploads\/2021\/10\/8-302x225.jpg 302w, https:\/\/www.nord-vest.ro\/wp-content\/uploads\/2021\/10\/8-94x70.jpg 94w\" sizes=\"auto, (max-width: 707px) 100vw, 707px\" \/><\/figure><\/li><li class=\"blocks-gallery-item\"><figure><img loading=\"lazy\" decoding=\"async\" width=\"704\" height=\"528\" src=\"https:\/\/www.nord-vest.ro\/wp-content\/uploads\/2021\/10\/9.jpg\" alt=\"\" data-id=\"15890\" data-full-url=\"https:\/\/www.nord-vest.ro\/wp-content\/uploads\/2021\/10\/9.jpg\" data-link=\"https:\/\/www.nord-vest.ro\/?attachment_id=15890\" class=\"wp-image-15890\" srcset=\"https:\/\/www.nord-vest.ro\/wp-content\/uploads\/2021\/10\/9.jpg 704w, https:\/\/www.nord-vest.ro\/wp-content\/uploads\/2021\/10\/9-300x225.jpg 300w, https:\/\/www.nord-vest.ro\/wp-content\/uploads\/2021\/10\/9-400x300.jpg 400w, https:\/\/www.nord-vest.ro\/wp-content\/uploads\/2021\/10\/9-533x400.jpg 533w, https:\/\/www.nord-vest.ro\/wp-content\/uploads\/2021\/10\/9-16x12.jpg 16w, https:\/\/www.nord-vest.ro\/wp-content\/uploads\/2021\/10\/9-624x468.jpg 624w, https:\/\/www.nord-vest.ro\/wp-content\/uploads\/2021\/10\/9-372x279.jpg 372w, https:\/\/www.nord-vest.ro\/wp-content\/uploads\/2021\/10\/9-93x70.jpg 93w\" sizes=\"auto, (max-width: 704px) 100vw, 704px\" \/><\/figure><\/li><\/ul><\/figure>\n\n\n\n<p>to <strong>The Roman fort from Porolissum<\/strong>, the participants had a special welcome, being greeted by the Romanian soldiers of <a href=\"http:\/\/amiciimuzeuluizalau.ro\/\" target=\"_blank\" rel=\"noopener\">Friends of the Zal\u0103u Museum<\/a>, local historical reenactment association and the director <a href=\"https:\/\/salajplus.ro\/\" target=\"_blank\" rel=\"noopener\">ADI Country of Sylvania<\/a>, Mister. Daniel Stejeran. The history of the place, details about the Roman road and the visible but also the covered remains, about the rehabilitation and enhancement works were provided by the external expert archaeologist Csok Zsolt, being complemented by the audio guide type application that is installed on mobile phones when entering the historical site, available in several languages of international circulation.<\/p>\n\n\n\n<figure class=\"wp-block-gallery columns-2 is-cropped wp-block-gallery-4 is-layout-flex wp-block-gallery-is-layout-flex\"><ul class=\"blocks-gallery-grid\"><li class=\"blocks-gallery-item\"><figure><img loading=\"lazy\" decoding=\"async\" width=\"495\" height=\"295\" src=\"https:\/\/www.nord-vest.ro\/wp-content\/uploads\/2021\/10\/10.jpg\" alt=\"\" data-id=\"15891\" data-full-url=\"https:\/\/www.nord-vest.ro\/wp-content\/uploads\/2021\/10\/10.jpg\" data-link=\"https:\/\/www.nord-vest.ro\/?attachment_id=15891\" class=\"wp-image-15891\" srcset=\"https:\/\/www.nord-vest.ro\/wp-content\/uploads\/2021\/10\/10.jpg 495w, https:\/\/www.nord-vest.ro\/wp-content\/uploads\/2021\/10\/10-300x179.jpg 300w, https:\/\/www.nord-vest.ro\/wp-content\/uploads\/2021\/10\/10-400x238.jpg 400w, https:\/\/www.nord-vest.ro\/wp-content\/uploads\/2021\/10\/10-18x12.jpg 18w, https:\/\/www.nord-vest.ro\/wp-content\/uploads\/2021\/10\/10-372x222.jpg 372w, https:\/\/www.nord-vest.ro\/wp-content\/uploads\/2021\/10\/10-370x221.jpg 370w, https:\/\/www.nord-vest.ro\/wp-content\/uploads\/2021\/10\/10-117x70.jpg 117w\" sizes=\"auto, (max-width: 495px) 100vw, 495px\" \/><\/figure><\/li><li class=\"blocks-gallery-item\"><figure><img loading=\"lazy\" decoding=\"async\" width=\"615\" height=\"295\" src=\"https:\/\/www.nord-vest.ro\/wp-content\/uploads\/2021\/10\/12.jpg\" alt=\"\" data-id=\"15893\" data-full-url=\"https:\/\/www.nord-vest.ro\/wp-content\/uploads\/2021\/10\/12.jpg\" data-link=\"https:\/\/www.nord-vest.ro\/?attachment_id=15893\" class=\"wp-image-15893\" srcset=\"https:\/\/www.nord-vest.ro\/wp-content\/uploads\/2021\/10\/12.jpg 615w, https:\/\/www.nord-vest.ro\/wp-content\/uploads\/2021\/10\/12-300x144.jpg 300w, https:\/\/www.nord-vest.ro\/wp-content\/uploads\/2021\/10\/12-400x192.jpg 400w, https:\/\/www.nord-vest.ro\/wp-content\/uploads\/2021\/10\/12-600x288.jpg 600w, https:\/\/www.nord-vest.ro\/wp-content\/uploads\/2021\/10\/12-18x9.jpg 18w, https:\/\/www.nord-vest.ro\/wp-content\/uploads\/2021\/10\/12-372x178.jpg 372w, https:\/\/www.nord-vest.ro\/wp-content\/uploads\/2021\/10\/12-370x177.jpg 370w, https:\/\/www.nord-vest.ro\/wp-content\/uploads\/2021\/10\/12-146x70.jpg 146w\" sizes=\"auto, (max-width: 615px) 100vw, 615px\" \/><\/figure><\/li><\/ul><\/figure>\n\n\n\n<figure class=\"wp-block-image size-large\"><img loading=\"lazy\" decoding=\"async\" width=\"1024\" height=\"400\" src=\"https:\/\/www.nord-vest.ro\/wp-content\/uploads\/2021\/10\/13-1024x400.jpg\" alt=\"\" class=\"wp-image-15894\" srcset=\"https:\/\/www.nord-vest.ro\/wp-content\/uploads\/2021\/10\/13-1024x400.jpg 1024w, https:\/\/www.nord-vest.ro\/wp-content\/uploads\/2021\/10\/13-300x117.jpg 300w, https:\/\/www.nord-vest.ro\/wp-content\/uploads\/2021\/10\/13-400x156.jpg 400w, https:\/\/www.nord-vest.ro\/wp-content\/uploads\/2021\/10\/13-600x234.jpg 600w, https:\/\/www.nord-vest.ro\/wp-content\/uploads\/2021\/10\/13-18x7.jpg 18w, https:\/\/www.nord-vest.ro\/wp-content\/uploads\/2021\/10\/13-624x243.jpg 624w, https:\/\/www.nord-vest.ro\/wp-content\/uploads\/2021\/10\/13-372x145.jpg 372w, https:\/\/www.nord-vest.ro\/wp-content\/uploads\/2021\/10\/13-370x144.jpg 370w, https:\/\/www.nord-vest.ro\/wp-content\/uploads\/2021\/10\/13-179x70.jpg 179w, https:\/\/www.nord-vest.ro\/wp-content\/uploads\/2021\/10\/13.jpg 1430w\" sizes=\"auto, (max-width: 1024px) 100vw, 1024px\" \/><\/figure>\n\n\n\n<figure class=\"wp-block-image size-large\"><img loading=\"lazy\" decoding=\"async\" width=\"1024\" height=\"683\" src=\"https:\/\/www.nord-vest.ro\/wp-content\/uploads\/2021\/10\/14-1024x683.png\" alt=\"\" class=\"wp-image-15895\" srcset=\"https:\/\/www.nord-vest.ro\/wp-content\/uploads\/2021\/10\/14-1024x683.png 1024w, https:\/\/www.nord-vest.ro\/wp-content\/uploads\/2021\/10\/14-300x200.png 300w, https:\/\/www.nord-vest.ro\/wp-content\/uploads\/2021\/10\/14-1536x1024.png 1536w, https:\/\/www.nord-vest.ro\/wp-content\/uploads\/2021\/10\/14-400x267.png 400w, https:\/\/www.nord-vest.ro\/wp-content\/uploads\/2021\/10\/14-600x400.png 600w, https:\/\/www.nord-vest.ro\/wp-content\/uploads\/2021\/10\/14-18x12.png 18w, https:\/\/www.nord-vest.ro\/wp-content\/uploads\/2021\/10\/14-624x416.png 624w, https:\/\/www.nord-vest.ro\/wp-content\/uploads\/2021\/10\/14-372x248.png 372w, https:\/\/www.nord-vest.ro\/wp-content\/uploads\/2021\/10\/14-338x225.png 338w, https:\/\/www.nord-vest.ro\/wp-content\/uploads\/2021\/10\/14-105x70.png 105w, https:\/\/www.nord-vest.ro\/wp-content\/uploads\/2021\/10\/14.png 1599w\" sizes=\"auto, (max-width: 1024px) 100vw, 1024px\" \/><\/figure>\n\n\n\n<p>The importance and impact of actions to revise heritage objectives through arts and culture were highlighted through the events hosted and organized at <strong>Banffy Castle <\/strong>from Bon\u021bida, Cluj County, culminating in the large-scale festival <a href=\"https:\/\/www.youtube.com\/watch?v=JQl6EvqMgpE\" target=\"_blank\" rel=\"noopener\">Electric Castle<\/a>.<em><u><\/u><\/em><\/p>\n\n\n\n<p>to <strong>Zal\u0103u County Museum of History and Art<\/strong>, the participants were welcomed by the team of museographers led by Mrs. Director Corina Bejinariu. They were taken through the ancient streets and visited Roman precincts and vestiges, through virtual and augmented reality technology, at the Exhibition <a href=\"http:\/\/muzeuzalau.ro\/clio-high-tech\/\" target=\"_blank\" rel=\"noopener\">CLIO HIGH TECH<\/a>. They also got in touch with the history of the Salaj community by visiting <a href=\"http:\/\/muzeuzalau.ro\/sectia-de-istorie-vasile-lucacel\/\" target=\"_blank\" rel=\"noopener\">The basic exhibition of the history section<\/a>.<\/p>\n\n\n\n<figure class=\"wp-block-gallery columns-3 is-cropped wp-block-gallery-5 is-layout-flex wp-block-gallery-is-layout-flex\"><ul class=\"blocks-gallery-grid\"><li class=\"blocks-gallery-item\"><figure><img loading=\"lazy\" decoding=\"async\" width=\"519\" height=\"370\" src=\"https:\/\/www.nord-vest.ro\/wp-content\/uploads\/2021\/10\/15.png\" alt=\"\" data-id=\"15896\" data-full-url=\"https:\/\/www.nord-vest.ro\/wp-content\/uploads\/2021\/10\/15.png\" data-link=\"https:\/\/www.nord-vest.ro\/?attachment_id=15896\" class=\"wp-image-15896\" srcset=\"https:\/\/www.nord-vest.ro\/wp-content\/uploads\/2021\/10\/15.png 519w, https:\/\/www.nord-vest.ro\/wp-content\/uploads\/2021\/10\/15-300x214.png 300w, https:\/\/www.nord-vest.ro\/wp-content\/uploads\/2021\/10\/15-400x285.png 400w, https:\/\/www.nord-vest.ro\/wp-content\/uploads\/2021\/10\/15-18x12.png 18w, https:\/\/www.nord-vest.ro\/wp-content\/uploads\/2021\/10\/15-372x265.png 372w, https:\/\/www.nord-vest.ro\/wp-content\/uploads\/2021\/10\/15-316x225.png 316w, https:\/\/www.nord-vest.ro\/wp-content\/uploads\/2021\/10\/15-98x70.png 98w\" sizes=\"auto, (max-width: 519px) 100vw, 519px\" \/><\/figure><\/li><li class=\"blocks-gallery-item\"><figure><img loading=\"lazy\" decoding=\"async\" width=\"489\" height=\"367\" src=\"https:\/\/www.nord-vest.ro\/wp-content\/uploads\/2021\/10\/16.png\" alt=\"\" data-id=\"15897\" data-full-url=\"https:\/\/www.nord-vest.ro\/wp-content\/uploads\/2021\/10\/16.png\" data-link=\"https:\/\/www.nord-vest.ro\/?attachment_id=15897\" class=\"wp-image-15897\" srcset=\"https:\/\/www.nord-vest.ro\/wp-content\/uploads\/2021\/10\/16.png 489w, https:\/\/www.nord-vest.ro\/wp-content\/uploads\/2021\/10\/16-300x225.png 300w, https:\/\/www.nord-vest.ro\/wp-content\/uploads\/2021\/10\/16-400x300.png 400w, https:\/\/www.nord-vest.ro\/wp-content\/uploads\/2021\/10\/16-16x12.png 16w, https:\/\/www.nord-vest.ro\/wp-content\/uploads\/2021\/10\/16-372x279.png 372w, https:\/\/www.nord-vest.ro\/wp-content\/uploads\/2021\/10\/16-93x70.png 93w\" sizes=\"auto, (max-width: 489px) 100vw, 489px\" \/><\/figure><\/li><li class=\"blocks-gallery-item\"><figure><img loading=\"lazy\" decoding=\"async\" width=\"490\" height=\"367\" src=\"https:\/\/www.nord-vest.ro\/wp-content\/uploads\/2021\/10\/17.jpg\" alt=\"\" data-id=\"15898\" data-full-url=\"https:\/\/www.nord-vest.ro\/wp-content\/uploads\/2021\/10\/17.jpg\" data-link=\"https:\/\/www.nord-vest.ro\/?attachment_id=15898\" class=\"wp-image-15898\" srcset=\"https:\/\/www.nord-vest.ro\/wp-content\/uploads\/2021\/10\/17.jpg 490w, https:\/\/www.nord-vest.ro\/wp-content\/uploads\/2021\/10\/17-300x225.jpg 300w, https:\/\/www.nord-vest.ro\/wp-content\/uploads\/2021\/10\/17-400x300.jpg 400w, https:\/\/www.nord-vest.ro\/wp-content\/uploads\/2021\/10\/17-16x12.jpg 16w, https:\/\/www.nord-vest.ro\/wp-content\/uploads\/2021\/10\/17-372x279.jpg 372w, https:\/\/www.nord-vest.ro\/wp-content\/uploads\/2021\/10\/17-93x70.jpg 93w\" sizes=\"auto, (max-width: 490px) 100vw, 490px\" \/><\/figure><\/li><\/ul><\/figure>\n\n\n\n<p>to <strong>The National History Museum of Transylvania<\/strong>, <a href=\"https:\/\/www.mnit.ro\/limes-frontierele-imperiului-roman-in-romania\/\" target=\"_blank\" rel=\"noopener\">the LIMES exhibition<\/a> impressed by the staging, the documentation and the richness of the vestiges, on a route that captures the frontiers of the Roman Empire in Romania. The guided tour, made by director Felix Marcu, can be taken individually by accessing the virtual tour with audio explanations: <a href=\"https:\/\/www.mnit.ro\/turlimes\/\" target=\"_blank\" rel=\"noopener\"><em>https:\/\/www.mnit.ro\/turlimes\/<\/em><\/a><\/p>\n\n\n\n<figure class=\"wp-block-gallery columns-2 is-cropped wp-block-gallery-6 is-layout-flex wp-block-gallery-is-layout-flex\"><ul class=\"blocks-gallery-grid\"><li class=\"blocks-gallery-item\"><figure><img loading=\"lazy\" decoding=\"async\" width=\"545\" height=\"408\" src=\"https:\/\/www.nord-vest.ro\/wp-content\/uploads\/2021\/10\/18.png\" alt=\"\" data-id=\"15899\" data-full-url=\"https:\/\/www.nord-vest.ro\/wp-content\/uploads\/2021\/10\/18.png\" data-link=\"https:\/\/www.nord-vest.ro\/?attachment_id=15899\" class=\"wp-image-15899\" srcset=\"https:\/\/www.nord-vest.ro\/wp-content\/uploads\/2021\/10\/18.png 545w, https:\/\/www.nord-vest.ro\/wp-content\/uploads\/2021\/10\/18-300x225.png 300w, https:\/\/www.nord-vest.ro\/wp-content\/uploads\/2021\/10\/18-400x299.png 400w, https:\/\/www.nord-vest.ro\/wp-content\/uploads\/2021\/10\/18-534x400.png 534w, https:\/\/www.nord-vest.ro\/wp-content\/uploads\/2021\/10\/18-16x12.png 16w, https:\/\/www.nord-vest.ro\/wp-content\/uploads\/2021\/10\/18-372x279.png 372w, https:\/\/www.nord-vest.ro\/wp-content\/uploads\/2021\/10\/18-301x225.png 301w, https:\/\/www.nord-vest.ro\/wp-content\/uploads\/2021\/10\/18-94x70.png 94w\" sizes=\"auto, (max-width: 545px) 100vw, 545px\" \/><\/figure><\/li><li class=\"blocks-gallery-item\"><figure><img loading=\"lazy\" decoding=\"async\" width=\"543\" height=\"407\" src=\"https:\/\/www.nord-vest.ro\/wp-content\/uploads\/2021\/10\/19.jpg\" alt=\"\" data-id=\"15900\" data-full-url=\"https:\/\/www.nord-vest.ro\/wp-content\/uploads\/2021\/10\/19.jpg\" data-link=\"https:\/\/www.nord-vest.ro\/?attachment_id=15900\" class=\"wp-image-15900\" srcset=\"https:\/\/www.nord-vest.ro\/wp-content\/uploads\/2021\/10\/19.jpg 543w, https:\/\/www.nord-vest.ro\/wp-content\/uploads\/2021\/10\/19-300x225.jpg 300w, https:\/\/www.nord-vest.ro\/wp-content\/uploads\/2021\/10\/19-400x300.jpg 400w, https:\/\/www.nord-vest.ro\/wp-content\/uploads\/2021\/10\/19-534x400.jpg 534w, https:\/\/www.nord-vest.ro\/wp-content\/uploads\/2021\/10\/19-16x12.jpg 16w, https:\/\/www.nord-vest.ro\/wp-content\/uploads\/2021\/10\/19-372x279.jpg 372w, https:\/\/www.nord-vest.ro\/wp-content\/uploads\/2021\/10\/19-93x70.jpg 93w\" sizes=\"auto, (max-width: 543px) 100vw, 543px\" \/><\/figure><\/li><\/ul><\/figure>\n\n\n\n<p>to <strong>House of Religious Liberties<\/strong>, with a guided tour the participants admired the result of the restoration works of one of the oldest residential houses in Cluj-Napoca, currently an event space, as well as the archaeological remains discovered and exposed to the general public.<\/p>\n\n\n\n<figure class=\"wp-block-gallery columns-2 is-cropped wp-block-gallery-7 is-layout-flex wp-block-gallery-is-layout-flex\"><ul class=\"blocks-gallery-grid\"><li class=\"blocks-gallery-item\"><figure><img loading=\"lazy\" decoding=\"async\" width=\"494\" height=\"371\" src=\"https:\/\/www.nord-vest.ro\/wp-content\/uploads\/2021\/10\/20.jpg\" alt=\"\" data-id=\"15901\" data-full-url=\"https:\/\/www.nord-vest.ro\/wp-content\/uploads\/2021\/10\/20.jpg\" data-link=\"https:\/\/www.nord-vest.ro\/?attachment_id=15901\" class=\"wp-image-15901\" srcset=\"https:\/\/www.nord-vest.ro\/wp-content\/uploads\/2021\/10\/20.jpg 494w, https:\/\/www.nord-vest.ro\/wp-content\/uploads\/2021\/10\/20-300x225.jpg 300w, https:\/\/www.nord-vest.ro\/wp-content\/uploads\/2021\/10\/20-400x300.jpg 400w, https:\/\/www.nord-vest.ro\/wp-content\/uploads\/2021\/10\/20-16x12.jpg 16w, https:\/\/www.nord-vest.ro\/wp-content\/uploads\/2021\/10\/20-372x279.jpg 372w, https:\/\/www.nord-vest.ro\/wp-content\/uploads\/2021\/10\/20-93x70.jpg 93w\" sizes=\"auto, (max-width: 494px) 100vw, 494px\" \/><\/figure><\/li><li class=\"blocks-gallery-item\"><figure><img loading=\"lazy\" decoding=\"async\" width=\"494\" height=\"371\" src=\"https:\/\/www.nord-vest.ro\/wp-content\/uploads\/2021\/10\/21.jpg\" alt=\"\" data-id=\"15902\" data-full-url=\"https:\/\/www.nord-vest.ro\/wp-content\/uploads\/2021\/10\/21.jpg\" data-link=\"https:\/\/www.nord-vest.ro\/?attachment_id=15902\" class=\"wp-image-15902\" srcset=\"https:\/\/www.nord-vest.ro\/wp-content\/uploads\/2021\/10\/21.jpg 494w, https:\/\/www.nord-vest.ro\/wp-content\/uploads\/2021\/10\/21-300x225.jpg 300w, https:\/\/www.nord-vest.ro\/wp-content\/uploads\/2021\/10\/21-400x300.jpg 400w, https:\/\/www.nord-vest.ro\/wp-content\/uploads\/2021\/10\/21-16x12.jpg 16w, https:\/\/www.nord-vest.ro\/wp-content\/uploads\/2021\/10\/21-372x279.jpg 372w, https:\/\/www.nord-vest.ro\/wp-content\/uploads\/2021\/10\/21-93x70.jpg 93w\" sizes=\"auto, (max-width: 494px) 100vw, 494px\" \/><\/figure><\/li><\/ul><\/figure>\n\n\n\n<p>An interregional experience exchange workshop on the integration of fortifications in the urban planning process was organized at MNIT, with the participation of experts from each partner country in the project. Presentations from Romania [Arch. Eugen P\u0103nescu], Czech Republic, Belgium, Germany, Spain and Slovakia can be downloaded <a href=\"https:\/\/drive.google.com\/drive\/folders\/11d4bB5a3ki681-13q3LG1ShheikfAGMI\" target=\"_blank\" rel=\"noopener\">from this link<\/a>.<\/p>\n\n\n\n<figure class=\"wp-block-gallery columns-3 is-cropped wp-block-gallery-8 is-layout-flex wp-block-gallery-is-layout-flex\"><ul class=\"blocks-gallery-grid\"><li class=\"blocks-gallery-item\"><figure><img loading=\"lazy\" decoding=\"async\" width=\"506\" height=\"380\" src=\"https:\/\/www.nord-vest.ro\/wp-content\/uploads\/2021\/10\/22.jpg\" alt=\"\" data-id=\"15903\" data-full-url=\"https:\/\/www.nord-vest.ro\/wp-content\/uploads\/2021\/10\/22.jpg\" data-link=\"https:\/\/www.nord-vest.ro\/?attachment_id=15903\" class=\"wp-image-15903\" srcset=\"https:\/\/www.nord-vest.ro\/wp-content\/uploads\/2021\/10\/22.jpg 506w, https:\/\/www.nord-vest.ro\/wp-content\/uploads\/2021\/10\/22-300x225.jpg 300w, https:\/\/www.nord-vest.ro\/wp-content\/uploads\/2021\/10\/22-400x300.jpg 400w, https:\/\/www.nord-vest.ro\/wp-content\/uploads\/2021\/10\/22-16x12.jpg 16w, https:\/\/www.nord-vest.ro\/wp-content\/uploads\/2021\/10\/22-372x279.jpg 372w, https:\/\/www.nord-vest.ro\/wp-content\/uploads\/2021\/10\/22-93x70.jpg 93w\" sizes=\"auto, (max-width: 506px) 100vw, 506px\" \/><\/figure><\/li><li class=\"blocks-gallery-item\"><figure><img loading=\"lazy\" decoding=\"async\" width=\"491\" height=\"380\" src=\"https:\/\/www.nord-vest.ro\/wp-content\/uploads\/2021\/10\/23.jpg\" alt=\"\" data-id=\"15904\" data-full-url=\"https:\/\/www.nord-vest.ro\/wp-content\/uploads\/2021\/10\/23.jpg\" data-link=\"https:\/\/www.nord-vest.ro\/?attachment_id=15904\" class=\"wp-image-15904\" srcset=\"https:\/\/www.nord-vest.ro\/wp-content\/uploads\/2021\/10\/23.jpg 491w, https:\/\/www.nord-vest.ro\/wp-content\/uploads\/2021\/10\/23-300x232.jpg 300w, https:\/\/www.nord-vest.ro\/wp-content\/uploads\/2021\/10\/23-400x310.jpg 400w, https:\/\/www.nord-vest.ro\/wp-content\/uploads\/2021\/10\/23-16x12.jpg 16w, https:\/\/www.nord-vest.ro\/wp-content\/uploads\/2021\/10\/23-360x279.jpg 360w, https:\/\/www.nord-vest.ro\/wp-content\/uploads\/2021\/10\/23-291x225.jpg 291w, https:\/\/www.nord-vest.ro\/wp-content\/uploads\/2021\/10\/23-90x70.jpg 90w\" sizes=\"auto, (max-width: 491px) 100vw, 491px\" \/><\/figure><\/li><li class=\"blocks-gallery-item\"><figure><img loading=\"lazy\" decoding=\"async\" width=\"547\" height=\"379\" src=\"https:\/\/www.nord-vest.ro\/wp-content\/uploads\/2021\/10\/24.jpg\" alt=\"\" data-id=\"15905\" data-full-url=\"https:\/\/www.nord-vest.ro\/wp-content\/uploads\/2021\/10\/24.jpg\" data-link=\"https:\/\/www.nord-vest.ro\/?attachment_id=15905\" class=\"wp-image-15905\" srcset=\"https:\/\/www.nord-vest.ro\/wp-content\/uploads\/2021\/10\/24.jpg 547w, https:\/\/www.nord-vest.ro\/wp-content\/uploads\/2021\/10\/24-300x208.jpg 300w, https:\/\/www.nord-vest.ro\/wp-content\/uploads\/2021\/10\/24-400x277.jpg 400w, https:\/\/www.nord-vest.ro\/wp-content\/uploads\/2021\/10\/24-18x12.jpg 18w, https:\/\/www.nord-vest.ro\/wp-content\/uploads\/2021\/10\/24-372x258.jpg 372w, https:\/\/www.nord-vest.ro\/wp-content\/uploads\/2021\/10\/24-325x225.jpg 325w, https:\/\/www.nord-vest.ro\/wp-content\/uploads\/2021\/10\/24-101x70.jpg 101w\" sizes=\"auto, (max-width: 547px) 100vw, 547px\" \/><\/figure><\/li><\/ul><\/figure>\n\n\n\n<p>Study visits are the main instruments of experience exchange between partner organizations and those involved in territorial cooperation projects. The RFC project is funded by the Interreg Europe Program and is being implemented in the 6 partner regions until mid-2024. The pandemic has moved a series of events organized in 2020 and 2021, which were supposed to be physically hosted in the Czech Republic, exclusively online. Spain, Germany and Greece. The collected good practices are available on the RFFC website: <a href=\"https:\/\/www.interregeurope.eu\/rfc\/good-practices\/\" target=\"_blank\" rel=\"noopener\"><em>https:\/\/www.interregeurope.eu\/rfc\/good-practices\/<\/em><\/a><em><\/em><\/p>\n\n\n\n<p><em>We thank the collaborators for the success of the event: Pro Restauratio, the National History Museum of Transylvania [MNIT], the County Museum of History and Art Zal\u0103u [MJIAZ], the Museum of the Country of Cri\u0219urilor [Oradea Museum Complex], the S\u0103laj County Council, <\/em><em>Cluj-Napoca City Hall [Public Service for the Administration of Cultural Objectives], Prim<\/em><em>Turda area, \u021bara Silvaniei Intercommunity Development Association, Museum Friends Association, Babe\u0219 Bolyai University [Faculty of History <\/em><em>and Philosophy], Unitarian Bishopric of Cluj [Casa Libert<\/em><em>Religious Fathers] and the Transylvania Trust Foundation [administrator of <\/em><em>Banffy Castle from Bon\u021bida].&nbsp; <\/em><em>&nbsp;<\/em><em><\/em><\/p>\n\n\n\n<p><em>ADR North-West team<\/em><\/p>\n\n\n\n<p><em>Ioana Dragos, project manager<\/em><\/p>\n\n\n\n<p><em>Raluca Drob, implementation expert<\/em><\/p>\n\n\n\n<p><em>Ovidiu M\u0103rginean, communication expert<\/em><\/p>\n\n\n\n<p><em>Zsolt Csok, external expert<\/em><\/p>\n\n\n\n<figure class=\"wp-block-image size-full is-resized\"><img loading=\"lazy\" decoding=\"async\" src=\"https:\/\/www.nord-vest.ro\/wp-content\/uploads\/2021\/10\/30.png\" alt=\"\" class=\"wp-image-15906\" width=\"253\" height=\"181\" srcset=\"https:\/\/www.nord-vest.ro\/wp-content\/uploads\/2021\/10\/30.png 413w, https:\/\/www.nord-vest.ro\/wp-content\/uploads\/2021\/10\/30-300x214.png 300w, https:\/\/www.nord-vest.ro\/wp-content\/uploads\/2021\/10\/30-400x286.png 400w, https:\/\/www.nord-vest.ro\/wp-content\/uploads\/2021\/10\/30-18x12.png 18w, https:\/\/www.nord-vest.ro\/wp-content\/uploads\/2021\/10\/30-372x266.png 372w, https:\/\/www.nord-vest.ro\/wp-content\/uploads\/2021\/10\/30-315x225.png 315w, https:\/\/www.nord-vest.ro\/wp-content\/uploads\/2021\/10\/30-98x70.png 98w\" sizes=\"auto, (max-width: 253px) 100vw, 253px\" \/><\/figure>","protected":false},"excerpt":{"rendered":"<p>Poten\u021bialul deosebit al patrimoniului fortificat din Transilvania a fost prezentat pe parcursul vizitei de studiu g\u0103zduite, \u00een format hibrid, de ADR Nord-Vest \u00een perioada 20-21 octombrie 2021. Evenimentul a fost organizat \u00een cadrul proiectului Revitalizarea Ora\u0219elor Fort\u0103re\u021be [RFC], iar agenda acestuia a inclus dou\u0103 zile pline de ateliere, schimburi de bune practici, expozi\u021bii, tururi virtuale&#8230;<\/p>","protected":false},"author":1,"featured_media":0,"comment_status":"closed","ping_status":"closed","sticky":false,"template":"","format":"standard","meta":{"footnotes":"","beyondwords_generate_audio":"","beyondwords_project_id":"","beyondwords_content_id":"","beyondwords_preview_token":"","beyondwords_player_style":"","beyondwords_language_id":"","beyondwords_title_voice_id":"","beyondwords_body_voice_id":"","beyondwords_summary_voice_id":"","beyondwords_error_message":"","beyondwords_disabled":"","beyondwords_delete_content":"","beyondwords_podcast_id":"","beyondwords_hash":"","publish_post_to_speechkit":"","speechkit_hash":"","speechkit_generate_audio":"","speechkit_project_id":"","speechkit_podcast_id":"","speechkit_error_message":"","speechkit_disabled":"","speechkit_access_key":"","speechkit_error":"","speechkit_info":"","speechkit_response":"","speechkit_retries":"","speechkit_status":"","speechkit_updated_at":"","_speechkit_link":"","_speechkit_text":""},"categories":[249],"tags":[],"class_list":["post-23637","post","type-post","status-publish","format-standard","hentry","category-noutati-2"],"publishpress_future_action":{"enabled":false,"date":"2026-05-06 19:10:41","action":"change-status","newStatus":"draft","terms":[],"taxonomy":"category"},"publishpress_future_workflow_manual_trigger":{"enabledWorkflows":[]},"_links":{"self":[{"href":"https:\/\/www.nord-vest.ro\/en\/wp-json\/wp\/v2\/posts\/23637","targetHints":{"allow":["GET"]}}],"collection":[{"href":"https:\/\/www.nord-vest.ro\/en\/wp-json\/wp\/v2\/posts"}],"about":[{"href":"https:\/\/www.nord-vest.ro\/en\/wp-json\/wp\/v2\/types\/post"}],"author":[{"embeddable":true,"href":"https:\/\/www.nord-vest.ro\/en\/wp-json\/wp\/v2\/users\/1"}],"replies":[{"embeddable":true,"href":"https:\/\/www.nord-vest.ro\/en\/wp-json\/wp\/v2\/comments?post=23637"}],"version-history":[{"count":0,"href":"https:\/\/www.nord-vest.ro\/en\/wp-json\/wp\/v2\/posts\/23637\/revisions"}],"wp:attachment":[{"href":"https:\/\/www.nord-vest.ro\/en\/wp-json\/wp\/v2\/media?parent=23637"}],"wp:term":[{"taxonomy":"category","embeddable":true,"href":"https:\/\/www.nord-vest.ro\/en\/wp-json\/wp\/v2\/categories?post=23637"},{"taxonomy":"post_tag","embeddable":true,"href":"https:\/\/www.nord-vest.ro\/en\/wp-json\/wp\/v2\/tags?post=23637"}],"curies":[{"name":"wp","href":"https:\/\/api.w.org\/{rel}","templated":true}]}}