{"id":23487,"date":"2021-02-15T00:00:00","date_gmt":"2021-02-14T22:00:00","guid":{"rendered":"https:\/\/www.nord-vest.ro\/a-fost-semnat-contractul-de-finantare-aferent-proiectului-reabilitare-si-extindere-pe-orizontala-in-regim-de-inaltime-dp2e-scoala-gimnaziala-george-cosbuc-3\/"},"modified":"2021-02-15T00:00:00","modified_gmt":"2021-02-14T22:00:00","slug":"a-fost-semnat-contractul-de-finantare-aferent-proiectului-reabilitare-si-extindere-pe-orizontala-in-regim-de-inaltime-dp2e-scoala-gimnaziala-george-cosbuc-3","status":"publish","type":"post","link":"https:\/\/www.nord-vest.ro\/en\/a-fost-semnat-contractul-de-finantare-aferent-proiectului-reabilitare-si-extindere-pe-orizontala-in-regim-de-inaltime-dp2e-scoala-gimnaziala-george-cosbuc-3\/","title":{"rendered":"A fost semnat contractul de finan\u021bare aferent proiectului: Reabilitare \u0219i extindere pe orizontal\u0103 \u00een regim de \u00een\u0103l\u021bime D+P+2E \u0218coala gimnazial\u0103 \u201cGeorge Co\u0219buc\u201d"},"content":{"rendered":"<p>A fost semnat contractul de finan\u021bare aferent proiectului: \u201eReabilitare \u0219i extindere pe orizontal\u0103 \u00een regim de \u00een\u0103l\u021bime D+P+2E \u0218coala gimnazial\u0103 \u201cGeorge Co\u0219buc\u201d, Beneficiar: Municipiul Sighetu Marma\u021biei, cod SMIS 124613.<\/p>\n\n\n\n<p>Proiectul este finan\u021bat prin POR 2014-2020, Axa Prioritar\u0103 10 \u2013 \u00cembun\u0103t\u0103\u021birea infrastructurii educa\u021bionale, Prioritatea de investi\u0163ii 10.1 \u2013 Investi\u021biile \u00een educa\u021bie, \u0219i formare, inclusiv \u00een formare profesional\u0103, pentru dob\u00e2ndirea de competen\u021be \u0219i \u00eenv\u0103\u021bare pe tot parcursul vie\u021bii prin dezvoltarea infrastructurilor de educa\u021bie \u0219i formare, Obiectiv Specific 10.1 Cre\u0219terea gradului de participare la nivelul educa\u0163iei timpurii \u015fi \u00eenv\u0103\u0163\u0103m\u00e2ntului obligatoriu, \u00een special pentru copii cu risc crescut de p\u0103r\u0103sire timpurie a sistemului &#8211; Apel dedicat \u00eenv\u0103\u0163\u0103m\u00e2ntului obligatoriu.<\/p>\n\n\n\n<p>Perioada de implementare a proiectului este de 55 luni, respectiv \u00eentre data 01.06.2018 \u0219i data 31.12.2022.<\/p>\n\n\n\n<p>Valoarea total\u0103 a proiectului este de 14.962.878,69 lei, din care sprijinul financiar nerambursabil din Fondul European de Dezvoltare Regional\u0103 este de 12.322.627,37 lei.<\/p>","protected":false},"excerpt":{"rendered":"<p>A fost semnat contractul de finan\u021bare aferent proiectului: \u201eReabilitare \u0219i extindere pe orizontal\u0103 \u00een regim de \u00een\u0103l\u021bime D+P+2E \u0218coala gimnazial\u0103 \u201cGeorge Co\u0219buc\u201d, Beneficiar: Municipiul Sighetu Marma\u021biei, cod SMIS 124613. Proiectul este finan\u021bat prin POR 2014-2020, Axa Prioritar\u0103 10 \u2013 \u00cembun\u0103t\u0103\u021birea infrastructurii educa\u021bionale, Prioritatea de investi\u0163ii 10.1 \u2013 Investi\u021biile \u00een educa\u021bie, \u0219i formare, inclusiv \u00een formare&#8230;<\/p>","protected":false},"author":1,"featured_media":0,"comment_status":"closed","ping_status":"closed","sticky":false,"template":"","format":"standard","meta":{"footnotes":"","beyondwords_generate_audio":"","beyondwords_project_id":"","beyondwords_content_id":"","beyondwords_preview_token":"","beyondwords_player_style":"","beyondwords_language_id":"","beyondwords_title_voice_id":"","beyondwords_body_voice_id":"","beyondwords_summary_voice_id":"","beyondwords_error_message":"","beyondwords_disabled":"","beyondwords_delete_content":"","beyondwords_podcast_id":"","beyondwords_hash":"","publish_post_to_speechkit":"","speechkit_hash":"","speechkit_generate_audio":"","speechkit_project_id":"","speechkit_podcast_id":"","speechkit_error_message":"","speechkit_disabled":"","speechkit_access_key":"","speechkit_error":"","speechkit_info":"","speechkit_response":"","speechkit_retries":"","speechkit_status":"","speechkit_updated_at":"","_speechkit_link":"","_speechkit_text":""},"categories":[283],"tags":[],"class_list":["post-23487","post","type-post","status-publish","format-standard","hentry","category-semnare-contracte-por-2014-2020-2"],"publishpress_future_action":{"enabled":false,"date":"2026-05-07 16:55:02","action":"change-status","newStatus":"draft","terms":[],"taxonomy":"category"},"publishpress_future_workflow_manual_trigger":{"enabledWorkflows":[]},"_links":{"self":[{"href":"https:\/\/www.nord-vest.ro\/en\/wp-json\/wp\/v2\/posts\/23487","targetHints":{"allow":["GET"]}}],"collection":[{"href":"https:\/\/www.nord-vest.ro\/en\/wp-json\/wp\/v2\/posts"}],"about":[{"href":"https:\/\/www.nord-vest.ro\/en\/wp-json\/wp\/v2\/types\/post"}],"author":[{"embeddable":true,"href":"https:\/\/www.nord-vest.ro\/en\/wp-json\/wp\/v2\/users\/1"}],"replies":[{"embeddable":true,"href":"https:\/\/www.nord-vest.ro\/en\/wp-json\/wp\/v2\/comments?post=23487"}],"version-history":[{"count":0,"href":"https:\/\/www.nord-vest.ro\/en\/wp-json\/wp\/v2\/posts\/23487\/revisions"}],"wp:attachment":[{"href":"https:\/\/www.nord-vest.ro\/en\/wp-json\/wp\/v2\/media?parent=23487"}],"wp:term":[{"taxonomy":"category","embeddable":true,"href":"https:\/\/www.nord-vest.ro\/en\/wp-json\/wp\/v2\/categories?post=23487"},{"taxonomy":"post_tag","embeddable":true,"href":"https:\/\/www.nord-vest.ro\/en\/wp-json\/wp\/v2\/tags?post=23487"}],"curies":[{"name":"wp","href":"https:\/\/api.w.org\/{rel}","templated":true}]}}