{"id":23310,"date":"2020-05-18T00:00:00","date_gmt":"2020-05-17T21:00:00","guid":{"rendered":"https:\/\/www.nord-vest.ro\/a-fost-semnat-contractul-aferent-proiectului-reabilitarea-extinderea-si-dotarea-gradinitei-dr-ion-ratiu-3\/"},"modified":"2020-05-18T00:00:00","modified_gmt":"2020-05-17T21:00:00","slug":"a-fost-semnat-contractul-aferent-proiectului-reabilitarea-extinderea-si-dotarea-gradinitei-dr-ion-ratiu-3","status":"publish","type":"post","link":"https:\/\/www.nord-vest.ro\/en\/a-fost-semnat-contractul-aferent-proiectului-reabilitarea-extinderea-si-dotarea-gradinitei-dr-ion-ratiu-3\/","title":{"rendered":"A fost semnat contractul aferent proiectului \u201eREABILITAREA, EXTINDEREA \u015eI DOTAREA GRADINI\u0162EI DR. ION RA\u0162IU\u201d"},"content":{"rendered":"<p>A fost semnat contractul aferent proiectului \u201eREABILITAREA, EXTINDEREA \u015eI DOTAREA GRADINI\u0162EI DR. ION RA\u0162IU\u201d.<\/p>\n\n\n\n<p>Beneficiar: UAT Municipiul Turda, cod SMIS 124549<\/p>\n\n\n\n<p>Proiectul este finan\u021bat prin POR 2014-2020, Axa prioritara 10 \u2013 \u00cembun\u0103t\u0103\u021birea infrastructurii educa\u021bionale, Prioritatea de investi\u021bii 10.1 Investi\u021biile \u00een educa\u021bie, \u0219i formare, inclusiv \u00een formare profesional\u0103, pentru dob\u00e2ndirea de competen\u021be \u0219i \u00eenv\u0103\u021bare pe tot parcursul vie\u021bii prin dezvoltarea infrastructurilor de educa\u021bie \u0219i formare, Obiectiv specific 10.1 cre\u0219terea gradului de participare la nivelul educa\u0163iei timpurii \u015fi \u00eenv\u0103\u0163\u0103m\u00e2ntului obligatoriu, \u00een special pentru copii cu risc crescut de p\u0103r\u0103sire timpurie a sistemului, apel dedicat \u00eenv\u0103\u0163\u0103m\u00e2ntului obligatoriu.<\/p>\n\n\n\n<p>Perioada de implementare a Proiectului este de 53 luni, respectiv \u00eentre data 22.12.2017 \u0219i data 30.04.2022.<\/p>\n\n\n\n<p>Valoarea total\u0103 a proiectului este de 4.284.095,09 lei, din care sprijinul financiar nerambursarbil din Fondul European de Dezvoltare Regional\u0103 este de 3.641.480,85 lei.<\/p>","protected":false},"excerpt":{"rendered":"<p>A fost semnat contractul aferent proiectului \u201eREABILITAREA, EXTINDEREA \u015eI DOTAREA GRADINI\u0162EI DR. ION RA\u0162IU\u201d. Beneficiar: UAT Municipiul Turda, cod SMIS 124549 Proiectul este finan\u021bat prin POR 2014-2020, Axa prioritara 10 \u2013 \u00cembun\u0103t\u0103\u021birea infrastructurii educa\u021bionale, Prioritatea de investi\u021bii 10.1 Investi\u021biile \u00een educa\u021bie, \u0219i formare, inclusiv \u00een formare profesional\u0103, pentru dob\u00e2ndirea de competen\u021be \u0219i \u00eenv\u0103\u021bare pe tot&#8230;<\/p>","protected":false},"author":1,"featured_media":0,"comment_status":"closed","ping_status":"closed","sticky":false,"template":"","format":"standard","meta":{"footnotes":"","beyondwords_generate_audio":"","beyondwords_project_id":"","beyondwords_content_id":"","beyondwords_preview_token":"","beyondwords_player_style":"","beyondwords_language_id":"","beyondwords_title_voice_id":"","beyondwords_body_voice_id":"","beyondwords_summary_voice_id":"","beyondwords_error_message":"","beyondwords_disabled":"","beyondwords_delete_content":"","beyondwords_podcast_id":"","beyondwords_hash":"","publish_post_to_speechkit":"","speechkit_hash":"","speechkit_generate_audio":"","speechkit_project_id":"","speechkit_podcast_id":"","speechkit_error_message":"","speechkit_disabled":"","speechkit_access_key":"","speechkit_error":"","speechkit_info":"","speechkit_response":"","speechkit_retries":"","speechkit_status":"","speechkit_updated_at":"","_speechkit_link":"","_speechkit_text":""},"categories":[283],"tags":[],"class_list":["post-23310","post","type-post","status-publish","format-standard","hentry","category-semnare-contracte-por-2014-2020-2"],"publishpress_future_action":{"enabled":false,"date":"2026-05-03 08:22:31","action":"change-status","newStatus":"draft","terms":[],"taxonomy":"category"},"publishpress_future_workflow_manual_trigger":{"enabledWorkflows":[]},"_links":{"self":[{"href":"https:\/\/www.nord-vest.ro\/en\/wp-json\/wp\/v2\/posts\/23310","targetHints":{"allow":["GET"]}}],"collection":[{"href":"https:\/\/www.nord-vest.ro\/en\/wp-json\/wp\/v2\/posts"}],"about":[{"href":"https:\/\/www.nord-vest.ro\/en\/wp-json\/wp\/v2\/types\/post"}],"author":[{"embeddable":true,"href":"https:\/\/www.nord-vest.ro\/en\/wp-json\/wp\/v2\/users\/1"}],"replies":[{"embeddable":true,"href":"https:\/\/www.nord-vest.ro\/en\/wp-json\/wp\/v2\/comments?post=23310"}],"version-history":[{"count":0,"href":"https:\/\/www.nord-vest.ro\/en\/wp-json\/wp\/v2\/posts\/23310\/revisions"}],"wp:attachment":[{"href":"https:\/\/www.nord-vest.ro\/en\/wp-json\/wp\/v2\/media?parent=23310"}],"wp:term":[{"taxonomy":"category","embeddable":true,"href":"https:\/\/www.nord-vest.ro\/en\/wp-json\/wp\/v2\/categories?post=23310"},{"taxonomy":"post_tag","embeddable":true,"href":"https:\/\/www.nord-vest.ro\/en\/wp-json\/wp\/v2\/tags?post=23310"}],"curies":[{"name":"wp","href":"https:\/\/api.w.org\/{rel}","templated":true}]}}