{"id":23176,"date":"2019-09-12T00:00:00","date_gmt":"2019-09-11T21:00:00","guid":{"rendered":"https:\/\/www.nord-vest.ro\/a-fost-publicat-in-data-de-11-09-2019-spre-consultare-publica-ghidul-solicitantului-conditii-specifice-de-accesare-a-fondurilor-in-cadrul-apelului-de-proiecte-cu-numarul-por-8-8-1-b-3\/"},"modified":"2019-09-12T00:00:00","modified_gmt":"2019-09-11T21:00:00","slug":"a-fost-publicat-in-data-de-11-09-2019-spre-consultare-publica-ghidul-solicitantului-conditii-specifice-de-accesare-a-fondurilor-in-cadrul-apelului-de-proiecte-cu-numarul-por-8-8-1-b-3","status":"publish","type":"post","link":"https:\/\/www.nord-vest.ro\/en\/a-fost-publicat-in-data-de-11-09-2019-spre-consultare-publica-ghidul-solicitantului-conditii-specifice-de-accesare-a-fondurilor-in-cadrul-apelului-de-proiecte-cu-numarul-por-8-8-1-b-3\/","title":{"rendered":"A fost publicat \u00een data de 11.09.2019 spre consultare public\u0103 Ghidul Solicitantului \u2013 Condi\u021bii specifice de accesare a fondurilor \u00een cadrul apelului de proiecte cu num\u0103rul \u201ePOR\/8\/8.1\/B\/1\/7 regiuni\u201d"},"content":{"rendered":"<div class=\"wp-block-button\"><a class=\"wp-block-button__link has-text-color has-very-dark-gray-color has-background has-cyan-bluish-gray-background-color\" href=\"http:\/\/inforegio.ro\/images\/documente\/ghiduri\/axa-8\/ghiduri-in-dezbatere-publica\/Ghidului_Solicitantului_pentru_8.1._B_CCI\/ghidul_CCI_8.1.B_si_anexe_varianta_spre_consultare_publica.rar\" target=\"_blank\" rel=\"noopener\"><strong>Descarc\u0103 ghidul<\/strong><\/a><\/div>\n\n\n\n<p>Autoritatea de Management pentru Programul Opera\u0163ional Regional (POR) a publicat, \u00een data de 11.09.2019 spre consultare public\u0103, Ghidul solicitantului pentru Axa prioritar\u0103 8 \u2013\u201eDezvoltarea infrastructurii de s\u0103n\u0103tate \u015fi sociale\u201d, Prioritatea de investi\u0163ii 8.1 \u201eInvesti\u0163ii \u00een infrastructurile sanitare \u015fi sociale care contribuie la dezvoltarea la nivel na\u0163ional, regional \u015fi local, reduc\u00e2nd inegalit\u0103\u0163ile \u00een ceea ce prive\u015fte starea de s\u0103n\u0103tate \u015fi promov\u00e2nd incluziunea social\u0103 prin \u00eembun\u0103t\u0103\u0163irea accesului la serviciile sociale, culturale \u0219i de recreere, precum \u0219i trecerea de la serviciile institu\u021bionale la serviciile prestate de colectivit\u0103\u0163ile locale\u201d, Obiectivul specific 8.2 \u2013 \u201eCre\u0219terea accesibilit\u0103\u021bii serviciilor de s\u0103n\u0103tate, comunitare \u0219i a celor de nivel secundar, \u00een special pentru zonele s\u0103race \u0219i izolate\u201d, Opera\u0163iunea B \u201eCentre comunitare integrate\u201d apelul de proiecte cu num\u0103rul \u201ePOR\/8\/8.1\/B\/1\/7 regiuni\u201d.<\/p>\n\n\n\n<p>Any comments and proposals can be sent to the address&nbsp;<a href=\"mailto:regio@mdrap.ro\">regio@mdrap.ro<\/a>, p\u00e2n\u0103 la data de 30.09.2019.<br>Acest apel de proiecte va fi de tip necompetitiv cu termen limit\u0103 de depunere de 6 luni \u0219i se adreseaz\u0103 solicitan\u0163ilor de finan\u0163are care se reg\u0103sesc pe Lista (Anexa 14 la prezentul ghid) celor 139 comunit\u0103\u0163i cu tip de marginalizare peste medie \u0219i sever\u0103, care constituie comunit\u0103\u021bile supuse interven\u021biilor de tip soft privind serviciile comunitare integrate.<br>Ghidul solicitantului con\u021bine informa\u021bii referitoare la specificitatea proiectelor, modalitatea de completare \u0219i de depunere a cererilor de finan\u021bare, condi\u021biile de eligibilitate, criteriile de evaluare, o descriere a etapelor de verificare \u015fi contractare a proiectelor. De asemenea, sunt incluse instruc\u021biuni de completare a Cererii de finan\u021bare de c\u0103tre solicitan\u021bi.<br>* * *<br>Programul Opera\u021bional Regional (POR) 2014-2020 este unul dintre programele prin care Rom\u00e2nia poate accesa fondurile europene structurale \u0219i de investi\u021bii provenite din Fondul European pentru Dezvoltare Regional\u0103 (FEDR), \u00een perioada actual\u0103 de programare. Alocarea estimat\u0103 se ridic\u0103 la 21,070 milioane euro, din care 15,050 milioane euro FEDR \u0219i 6,02 milioane euro contribu\u0163ie na\u0163ional\u0103 (BS plus BL). Autoritatea de Management a programului func\u021bioneaz\u0103 la nivelul MDRAP.<br>POR 2014-2020 finances projects that contribute to the general objective of increasing economic competitiveness and improving the living conditions of local and regional communities, by supporting the development of the business environment, infrastructure and services, for the sustainable development of the regions, so that they and be able to effectively manage resources and capitalize on their potential for innovation and assimilation of technological progress.<br><\/p>","protected":false},"excerpt":{"rendered":"<p>Autoritatea de Management pentru Programul Opera\u0163ional Regional (POR) a publicat, \u00een data de 11.09.2019 spre consultare public\u0103, Ghidul solicitantului pentru Axa prioritar\u0103 8 \u2013\u201eDezvoltarea infrastructurii de s\u0103n\u0103tate \u015fi sociale\u201d, Prioritatea de investi\u0163ii 8.1 \u201eInvesti\u0163ii \u00een infrastructurile sanitare \u015fi sociale care contribuie la dezvoltarea la nivel na\u0163ional, regional \u015fi local, reduc\u00e2nd inegalit\u0103\u0163ile \u00een ceea ce prive\u015fte&#8230;<\/p>","protected":false},"author":1,"featured_media":0,"comment_status":"closed","ping_status":"closed","sticky":false,"template":"","format":"standard","meta":{"footnotes":"","beyondwords_generate_audio":"","beyondwords_project_id":"","beyondwords_content_id":"","beyondwords_preview_token":"","beyondwords_player_style":"","beyondwords_language_id":"","beyondwords_title_voice_id":"","beyondwords_body_voice_id":"","beyondwords_summary_voice_id":"","beyondwords_error_message":"","beyondwords_disabled":"","beyondwords_delete_content":"","beyondwords_podcast_id":"","beyondwords_hash":"","publish_post_to_speechkit":"","speechkit_hash":"","speechkit_generate_audio":"","speechkit_project_id":"","speechkit_podcast_id":"","speechkit_error_message":"","speechkit_disabled":"","speechkit_access_key":"","speechkit_error":"","speechkit_info":"","speechkit_response":"","speechkit_retries":"","speechkit_status":"","speechkit_updated_at":"","_speechkit_link":"","_speechkit_text":""},"categories":[256],"tags":[],"class_list":["post-23176","post","type-post","status-publish","format-standard","hentry","category-noutatiapeluri-regio-2014-2020"],"publishpress_future_action":{"enabled":false,"date":"2026-05-04 03:24:41","action":"change-status","newStatus":"draft","terms":[],"taxonomy":"category"},"publishpress_future_workflow_manual_trigger":{"enabledWorkflows":[]},"_links":{"self":[{"href":"https:\/\/www.nord-vest.ro\/en\/wp-json\/wp\/v2\/posts\/23176","targetHints":{"allow":["GET"]}}],"collection":[{"href":"https:\/\/www.nord-vest.ro\/en\/wp-json\/wp\/v2\/posts"}],"about":[{"href":"https:\/\/www.nord-vest.ro\/en\/wp-json\/wp\/v2\/types\/post"}],"author":[{"embeddable":true,"href":"https:\/\/www.nord-vest.ro\/en\/wp-json\/wp\/v2\/users\/1"}],"replies":[{"embeddable":true,"href":"https:\/\/www.nord-vest.ro\/en\/wp-json\/wp\/v2\/comments?post=23176"}],"version-history":[{"count":0,"href":"https:\/\/www.nord-vest.ro\/en\/wp-json\/wp\/v2\/posts\/23176\/revisions"}],"wp:attachment":[{"href":"https:\/\/www.nord-vest.ro\/en\/wp-json\/wp\/v2\/media?parent=23176"}],"wp:term":[{"taxonomy":"category","embeddable":true,"href":"https:\/\/www.nord-vest.ro\/en\/wp-json\/wp\/v2\/categories?post=23176"},{"taxonomy":"post_tag","embeddable":true,"href":"https:\/\/www.nord-vest.ro\/en\/wp-json\/wp\/v2\/tags?post=23176"}],"curies":[{"name":"wp","href":"https:\/\/api.w.org\/{rel}","templated":true}]}}