{"id":23085,"date":"2019-04-09T00:00:00","date_gmt":"2019-04-08T21:00:00","guid":{"rendered":"https:\/\/www.nord-vest.ro\/premiera-pentru-ard-nord-vest-actiune-pilot-finantata-prin-programul-interreg-europe-2014-2020-2\/"},"modified":"2019-04-09T00:00:00","modified_gmt":"2019-04-08T21:00:00","slug":"premiera-pentru-ard-nord-vest-actiune-pilot-finantata-prin-programul-interreg-europe-2014-2020-2","status":"publish","type":"post","link":"https:\/\/www.nord-vest.ro\/en\/premiera-pentru-ard-nord-vest-actiune-pilot-finantata-prin-programul-interreg-europe-2014-2020-2\/","title":{"rendered":"Premier\u0103 pentru ADR Nord-Vest \u2013 ac\u021biune pilot finan\u021bat\u0103 prin Programul  Interreg Europe 2014-2020"},"content":{"rendered":"<p>Agen\u021bia de Dezvoltare Regional\u0103 Nord-Vest este partener \u00een proiectul TRAM &#8211; Planuri de Ac\u021biune pentru mobilitatea urban\u0103 sustenabil\u0103, finan\u021bat din Fondul European de Dezvoltare Regional\u0103 (FEDR) prin Programul de Cooperare Teritorial\u0103 INTERREG Europe 2014-2020.<\/p>\n<p><a ref=\"magnificPopup\" href=\"http:\/\/www.nord-vest.ro\/wp-content\/uploads\/2019\/04\/IMG_3573.jpg\"><img loading=\"lazy\" decoding=\"async\" class=\"wp-image-9885 alignleft\" src=\"http:\/\/www.nord-vest.ro\/wp-content\/uploads\/2019\/04\/IMG_3573.jpg\" alt=\"\" width=\"447\" height=\"335\" srcset=\"https:\/\/www.nord-vest.ro\/wp-content\/uploads\/2019\/04\/IMG_3573.jpg 4032w, https:\/\/www.nord-vest.ro\/wp-content\/uploads\/2019\/04\/IMG_3573-300x225.jpg 300w, https:\/\/www.nord-vest.ro\/wp-content\/uploads\/2019\/04\/IMG_3573-1024x768.jpg 1024w, https:\/\/www.nord-vest.ro\/wp-content\/uploads\/2019\/04\/IMG_3573-400x300.jpg 400w, https:\/\/www.nord-vest.ro\/wp-content\/uploads\/2019\/04\/IMG_3573-533x400.jpg 533w, https:\/\/www.nord-vest.ro\/wp-content\/uploads\/2019\/04\/IMG_3573-16x12.jpg 16w, https:\/\/www.nord-vest.ro\/wp-content\/uploads\/2019\/04\/IMG_3573-624x468.jpg 624w, https:\/\/www.nord-vest.ro\/wp-content\/uploads\/2019\/04\/IMG_3573-372x279.jpg 372w, https:\/\/www.nord-vest.ro\/wp-content\/uploads\/2019\/04\/IMG_3573-93x70.jpg 93w\" sizes=\"auto, (max-width: 447px) 100vw, 447px\" \/><\/a>Proiectul are ca obiectiv stimularea colabor\u0103rii \u00eentre regiunile partenere \u0219i sus\u021binerea schimbului de bune practici \u00een domeniul mobilit\u0103\u021bii urbane, facilit\u00e2nd astfel tranzi\u021bia c\u0103tre modalit\u0103\u021bi de transport urban mai eficiente, mai curate \u0219i mai sustenabile, contribuind \u00een acela\u0219i timp la \u00eembun\u0103t\u0103\u021birea implement\u0103rii Axei 4 din cadrul Programului Opera\u021bional Regional 2014-2020.<\/p>\n<p>\u00cen vederea facilit\u0103rii schimbului de experien\u021b\u0103, Programul Interreg Europe ofer\u0103 sprijin pentru transferul bunelor practici \u00eentre regiunile partenere \u00een forma unui suport financiar, fondurile respective fiind destinate test\u0103rii posibilit\u0103\u021bilor de transpunere a ideilor de succes dintr-o regiune \u00een alta. \u00cen perioada decembrie 2018 \u2013 martie 2019 echipa de proiect TRAM a lucrat la elaborarea unei propuneri \u00een acest sens, ini\u021biativa fiind selectat\u0103 pentru finan\u021bare de c\u0103tre Comitetul de Monitorizare al Programului \u00een data de 26 martie.<\/p>\n<p>Obiectivul ac\u021biunii pilot este de a testa oportunitatea transferului unei bune practici privind utilizarea de platforme online pentru motivarea cet\u0103\u021benilor de a utiliza mijloace alternative nepoluante de transport \u0219i lansarea solu\u021biei \u00een cadrul a dou\u0103 municipii pilot din Regiunea Nord-Vest. Dac\u0103 ini\u021biativa se va dovedi a fi un succes, solu\u021bia va putea fi adoptat\u0103 \u0219i de alte municipii din cadrul regiunii<\/p>\n<p>Bugetul total al acestui mini-proiect este de 30.750 euro, din care 85% finan\u021bare nerambursabil\u0103 provenit\u0103 din bugetul Programului \u0219i 13% cofinan\u021bare din partea MDRAP, restul fiind asigurat din bugetul propriu al ADR Nord-Vest. Principala activitate \u00een cadrul ini\u021biativei este dezvoltarea unei solu\u021bii IT care s\u0103 r\u0103spund\u0103 nevoilor utilizatorilor \u0219i care s\u0103 atrag\u0103 un num\u0103r semnificativ de utilizatori, un accent deosebit fiind pus \u0219i pe organizarea de traininguri pentru reprezentan\u021bii autorit\u0103\u021bilor publice privind utilizarea datelor rezultate \u00een cadrul procesului de planificare urban\u0103 precum \u0219i pe c\u0103utarea partenerilor\/sponsorilor pentru asigurarea durabilit\u0103\u021bii ini\u021biativei.<\/p>\n<p>Mai multe detalii despre buna practic\u0103 ce urmeaz\u0103 a fi transferat\u0103 g\u0103si\u021bi aici:<\/p>\n<blockquote class=\"embedly-card\" data-card-width=\"50%\" data-card-controls=\"0\" data-card-align=\"left\" data-card-theme=\"light\">\n<h4><a href=\"https:\/\/www.interregeurope.eu\/policylearning\/good-practices\/item\/2219\/use-of-gamification-platforms-to-boost-sustainable-mobility\/\" target=\"_blank\" rel=\"noopener\">Use of Gamification platforms to boost Sustainable Mobility.<\/a><\/h4>\n<p>In the particular case of Public Works Agency, the number of workers commuting by car or motorbike decreased from 69% to 51% between July 2016 and January 2018. Since the use of gamification platforms in July 2016 till january 2018, up to 45% of Public Works Agency Staff had join them and participated in the different sustainable mobility challenges carried out in the company and between different companies.<\/p>\n<\/blockquote>\n<p><script async src=\"\/\/cdn.embedly.com\/widgets\/platform.js\" charset=\"UTF-8\"><\/script><\/p>\n<p>Ac\u021biunea pilot urmeaz\u0103 s\u0103 fie implementat\u0103 \u00een perioada aprilie 2019 \u2013 decembrie 2020, fiind parte din Planul de ac\u021biune al proiectului pentru \u00eembun\u0103t\u0103\u021birea implement\u0103rii Planurilor de Mobilitate Urban\u0103 Durabil\u0103 \u00een cadrul celor \u0219ase municipii re\u0219edin\u021b\u0103 de jude\u021b din regiune, elaborat de ADR Nord-Vest cu suport din partea Civitta Strategy &amp; Consulting SA \u0219i membrii Comitetului Regional de Reprezentan\u021bi TRAM.<\/p>","protected":false},"excerpt":{"rendered":"<p>Agen\u021bia de Dezvoltare Regional\u0103 Nord-Vest este partener \u00een proiectul TRAM &#8211; Planuri de Ac\u021biune pentru mobilitatea urban\u0103 sustenabil\u0103, finan\u021bat din Fondul European de Dezvoltare Regional\u0103 (FEDR) prin Programul de Cooperare Teritorial\u0103 INTERREG Europe 2014-2020. Proiectul are ca obiectiv stimularea colabor\u0103rii \u00eentre regiunile partenere \u0219i sus\u021binerea schimbului de bune practici \u00een domeniul mobilit\u0103\u021bii urbane, facilit\u00e2nd astfel&#8230;<\/p>","protected":false},"author":1,"featured_media":0,"comment_status":"closed","ping_status":"closed","sticky":false,"template":"","format":"standard","meta":{"footnotes":"","beyondwords_generate_audio":"","beyondwords_project_id":"","beyondwords_content_id":"","beyondwords_preview_token":"","beyondwords_player_style":"","beyondwords_language_id":"","beyondwords_title_voice_id":"","beyondwords_body_voice_id":"","beyondwords_summary_voice_id":"","beyondwords_error_message":"","beyondwords_disabled":"","beyondwords_delete_content":"","beyondwords_podcast_id":"","beyondwords_hash":"","publish_post_to_speechkit":"","speechkit_hash":"","speechkit_generate_audio":"","speechkit_project_id":"","speechkit_podcast_id":"","speechkit_error_message":"","speechkit_disabled":"","speechkit_access_key":"","speechkit_error":"","speechkit_info":"","speechkit_response":"","speechkit_retries":"","speechkit_status":"","speechkit_updated_at":"","_speechkit_link":"","_speechkit_text":""},"categories":[249],"tags":[],"class_list":["post-23085","post","type-post","status-publish","format-standard","hentry","category-noutati-2"],"publishpress_future_action":{"enabled":false,"date":"2026-05-07 01:15:25","action":"change-status","newStatus":"draft","terms":[],"taxonomy":"category"},"publishpress_future_workflow_manual_trigger":{"enabledWorkflows":[]},"_links":{"self":[{"href":"https:\/\/www.nord-vest.ro\/en\/wp-json\/wp\/v2\/posts\/23085","targetHints":{"allow":["GET"]}}],"collection":[{"href":"https:\/\/www.nord-vest.ro\/en\/wp-json\/wp\/v2\/posts"}],"about":[{"href":"https:\/\/www.nord-vest.ro\/en\/wp-json\/wp\/v2\/types\/post"}],"author":[{"embeddable":true,"href":"https:\/\/www.nord-vest.ro\/en\/wp-json\/wp\/v2\/users\/1"}],"replies":[{"embeddable":true,"href":"https:\/\/www.nord-vest.ro\/en\/wp-json\/wp\/v2\/comments?post=23085"}],"version-history":[{"count":0,"href":"https:\/\/www.nord-vest.ro\/en\/wp-json\/wp\/v2\/posts\/23085\/revisions"}],"wp:attachment":[{"href":"https:\/\/www.nord-vest.ro\/en\/wp-json\/wp\/v2\/media?parent=23085"}],"wp:term":[{"taxonomy":"category","embeddable":true,"href":"https:\/\/www.nord-vest.ro\/en\/wp-json\/wp\/v2\/categories?post=23085"},{"taxonomy":"post_tag","embeddable":true,"href":"https:\/\/www.nord-vest.ro\/en\/wp-json\/wp\/v2\/tags?post=23085"}],"curies":[{"name":"wp","href":"https:\/\/api.w.org\/{rel}","templated":true}]}}