{"id":22992,"date":"2018-11-12T00:00:00","date_gmt":"2018-11-11T22:00:00","guid":{"rendered":"https:\/\/www.nord-vest.ro\/a-d-r-nord-vest-scoate-la-concurs-un-post-de-referent-evidenta-operatiuni-2-2\/"},"modified":"2018-11-12T00:00:00","modified_gmt":"2018-11-11T22:00:00","slug":"a-d-r-nord-vest-scoate-la-concurs-un-post-de-referent-evidenta-operatiuni-2-2","status":"publish","type":"post","link":"https:\/\/www.nord-vest.ro\/en\/a-d-r-nord-vest-scoate-la-concurs-un-post-de-referent-evidenta-operatiuni-2-2\/","title":{"rendered":"A.D.R. Nord-Vest scoate la concurs un post de  REFERENT EVIDEN\u021a\u0102 OPERA\u021aIUNI"},"content":{"rendered":"<p class=\"MsoNormal\" style=\"text-align: justify;\"><b><span lang=\"RO\" style=\"font-size: 11.0pt; font-family: 'Calibri','sans-serif'; mso-ascii-theme-font: minor-latin; mso-hansi-theme-font: minor-latin;\">ADR Nord-Vest is putting the following post to competition:<\/span><\/b><b style=\"mso-bidi-font-weight: normal;\"><span lang=\"RO\" style=\"font-size: 11.0pt; font-family: 'Calibri','sans-serif'; mso-ascii-theme-font: minor-latin; mso-hansi-theme-font: minor-latin;\"> REFERENT EVIDEN\u021a\u0102 OPERA\u021aIUNI, <\/span><\/b><span lang=\"RO\" style=\"font-size: 11.0pt; font-family: 'Calibri','sans-serif'; mso-ascii-theme-font: minor-latin; mso-hansi-theme-font: minor-latin;\">un post pe perioad\u0103 determinat\u0103 (ocuparea temporar\u0103 a postului p\u00e2n\u0103 la \u00eentoarcerea titularului, respectiv p\u00e2n\u0103 la data de 16.06.2020) , norm\u0103 \u00eentreag\u0103, \u00een cadrul<b style=\"mso-bidi-font-weight: normal;\"> <\/b>Direc\u021biei Implementare POR.<\/span><\/p>\n<p class=\"MsoNormal\" style=\"text-align: justify;\"><b style=\"mso-bidi-font-weight: normal;\"><u><span lang=\"RO\" style=\"font-size: 11.0pt; font-family: 'Calibri','sans-serif'; mso-ascii-theme-font: minor-latin; mso-hansi-theme-font: minor-latin;\">Main Responsibilities:<\/span><\/u><\/b><\/p>\n<p class=\"MsoNormal\" style=\"margin-left: .25in; text-align: justify; text-indent: -.25in; mso-list: l3 level1 lfo5; tab-stops: list .25in;\"><!-- [if !supportLists]--><span lang=\"RO\" style=\"font-size: 11.0pt; font-family: 'Calibri','sans-serif'; mso-fareast-font-family: Calibri; mso-bidi-font-family: Calibri; mso-bidi-font-weight: bold;\"><span style=\"mso-list: Ignore;\">&#8211;<span style=\"font: 7.0pt 'Times New Roman';\">\u00a0\u00a0\u00a0\u00a0\u00a0\u00a0\u00a0 <\/span><\/span><\/span><!--[endif]--><span lang=\"RO\" style=\"font-size: 11.0pt; font-family: 'Calibri','sans-serif'; mso-ascii-theme-font: minor-latin; mso-hansi-theme-font: minor-latin; mso-bidi-font-weight: bold;\">Gestionarea documentelor referitoare la eviden\u0163a cererilor de finan\u0163are \/ contractelor de finan\u0163are;<\/span><\/p>\n<p class=\"MsoNormal\" style=\"margin-left: .25in; text-align: justify; text-indent: -.25in; mso-list: l3 level1 lfo5; tab-stops: list .25in;\"><!-- [if !supportLists]--><span lang=\"RO\" style=\"font-size: 11.0pt; font-family: 'Calibri','sans-serif'; mso-fareast-font-family: Calibri; mso-bidi-font-family: Calibri; mso-bidi-font-weight: bold;\"><span style=\"mso-list: Ignore;\">&#8211;<span style=\"font: 7.0pt 'Times New Roman';\">\u00a0\u00a0\u00a0\u00a0\u00a0\u00a0\u00a0 <\/span><\/span><\/span><!--[endif]--><span lang=\"RO\" style=\"font-size: 11.0pt; font-family: 'Calibri','sans-serif'; mso-ascii-theme-font: minor-latin; mso-hansi-theme-font: minor-latin; mso-bidi-font-weight: bold;\">Arhivarea documentelor Direc\u0163iei Implementare POR;<\/span><\/p>\n<p class=\"MsoNormal\" style=\"margin-left: .25in; text-align: justify; text-indent: -.25in; mso-list: l3 level1 lfo5; tab-stops: list .25in;\"><!-- [if !supportLists]--><span lang=\"RO\" style=\"font-size: 11.0pt; font-family: 'Calibri','sans-serif'; mso-fareast-font-family: Calibri; mso-bidi-font-family: Calibri; mso-bidi-font-weight: bold;\"><span style=\"mso-list: Ignore;\">&#8211;<span style=\"font: 7.0pt 'Times New Roman';\">\u00a0\u00a0\u00a0\u00a0\u00a0\u00a0\u00a0 <\/span><\/span><\/span><!--[endif]--><span lang=\"RO\" style=\"font-size: 11.0pt; font-family: 'Calibri','sans-serif'; mso-ascii-theme-font: minor-latin; mso-hansi-theme-font: minor-latin; mso-bidi-font-weight: bold;\">Atribu\u0163ii legate de coresponden\u0163\u0103 \u015fi expedi\u0163ie;<\/span><\/p>\n<p class=\"MsoNormal\" style=\"margin-left: .25in; text-align: justify; text-indent: -.25in; mso-list: l3 level1 lfo5; tab-stops: list .25in;\"><!-- [if !supportLists]--><span lang=\"RO\" style=\"font-size: 11.0pt; font-family: 'Calibri','sans-serif'; mso-fareast-font-family: Calibri; mso-bidi-font-family: Calibri; mso-bidi-font-weight: bold;\"><span style=\"mso-list: Ignore;\">&#8211;<span style=\"font: 7.0pt 'Times New Roman';\">\u00a0\u00a0\u00a0\u00a0\u00a0\u00a0\u00a0 <\/span><\/span><\/span><!--[endif]--><span lang=\"RO\" style=\"font-size: 11.0pt; font-family: 'Calibri','sans-serif'; mso-ascii-theme-font: minor-latin; mso-hansi-theme-font: minor-latin; mso-bidi-font-weight: bold;\">Activit\u0103\u0163i administrative.<\/span><\/p>\n<p class=\"MsoNormal\" style=\"text-align: justify;\"><b style=\"mso-bidi-font-weight: normal;\"><u><span lang=\"RO\" style=\"font-size: 11.0pt; font-family: 'Calibri','sans-serif'; mso-ascii-theme-font: minor-latin; mso-hansi-theme-font: minor-latin;\">Requirements:<\/span><\/u><\/b><\/p>\n<p class=\"MsoNormal\" style=\"text-align: justify; mso-outline-level: 1;\"><b style=\"mso-bidi-font-weight: normal;\"><i style=\"mso-bidi-font-style: normal;\"><span lang=\"RO\" style=\"font-size: 11.0pt; font-family: 'Calibri','sans-serif'; mso-ascii-theme-font: minor-latin; mso-hansi-theme-font: minor-latin;\">Education and qualifications<\/span><\/i><\/b><i style=\"mso-bidi-font-style: normal;\"><span lang=\"RO\" style=\"font-size: 11.0pt; font-family: 'Calibri','sans-serif'; mso-ascii-theme-font: minor-latin; mso-hansi-theme-font: minor-latin;\">: <\/span><\/i><span lang=\"RO\" style=\"font-size: 11.0pt; font-family: 'Calibri','sans-serif'; mso-ascii-theme-font: minor-latin; mso-hansi-theme-font: minor-latin; mso-bidi-font-weight: bold;\">university studies, bachelor&#039;s level.<\/span><i style=\"mso-bidi-font-style: normal;\"><\/i><\/p>\n<p class=\"MsoListParagraph\" style=\"margin-left: 0in; mso-add-space: auto; text-align: justify; tab-stops: 14.2pt;\"><b style=\"mso-bidi-font-weight: normal;\"><i style=\"mso-bidi-font-style: normal;\"><span lang=\"RO\" style=\"font-size: 11.0pt; font-family: 'Calibri','sans-serif'; mso-ascii-theme-font: minor-latin; mso-hansi-theme-font: minor-latin;\">The experience:<\/span><\/i><\/b><i style=\"mso-bidi-font-style: normal;\"> <\/i><span lang=\"RO\" style=\"font-size: 11.0pt; font-family: 'Calibri','sans-serif'; mso-ascii-theme-font: minor-latin; mso-hansi-theme-font: minor-latin; mso-bidi-font-weight: bold;\">de minimum 6 luni, ulterior licen\u0163ierii, \u00een unul dintre domeniile: secretariat, arhivare, operare baze de date; contabilitate primar\u0103.<\/span><\/p>\n<p class=\"MsoNormal\" style=\"text-align: justify; mso-outline-level: 1;\"><b style=\"mso-bidi-font-weight: normal;\"><i style=\"mso-bidi-font-style: normal;\"><span lang=\"RO\" style=\"font-size: 11.0pt; font-family: 'Calibri','sans-serif'; mso-ascii-theme-font: minor-latin; mso-hansi-theme-font: minor-latin;\">Knowledge\/skills\/competences:<\/span><\/i><\/b><\/p>\n<p class=\"MsoListParagraphCxSpFirst\" style=\"margin-left: 0in; mso-add-space: auto; text-align: justify; text-indent: 0in; mso-list: l4 level1 lfo1; tab-stops: 14.2pt;\"><!-- [if !supportLists]--><span lang=\"RO\" style=\"font-size: 11.0pt;\"><span style=\"mso-list: Ignore;\">&#8211;<span style=\"font: 7.0pt 'Times New Roman';\">\u00a0\u00a0\u00a0\u00a0\u00a0 <\/span><\/span><\/span><!--[endif]--><span lang=\"RO\" style=\"font-size: 11.0pt; font-family: 'Calibri','sans-serif'; mso-ascii-theme-font: minor-latin; mso-hansi-theme-font: minor-latin; mso-bidi-font-weight: bold;\">Cuno\u015ftin\u0163e de operare PC-Ms Word si Excel; <\/span><\/p>\n<p class=\"MsoListParagraphCxSpMiddle\" style=\"margin-left: 0in; mso-add-space: auto; text-align: justify; text-indent: 0in; mso-list: l4 level1 lfo1; tab-stops: 14.2pt;\"><!-- [if !supportLists]--><span lang=\"RO\" style=\"font-size: 11.0pt;\"><span style=\"mso-list: Ignore;\">&#8211;<span style=\"font: 7.0pt 'Times New Roman';\">\u00a0\u00a0\u00a0\u00a0\u00a0 <\/span><\/span><\/span><!--[endif]--><span lang=\"RO\" style=\"font-size: 11.0pt; font-family: 'Calibri','sans-serif'; mso-ascii-theme-font: minor-latin; mso-hansi-theme-font: minor-latin; mso-bidi-font-weight: bold;\">Cuno\u015ftin\u0163e de secretariat;<\/span><\/p>\n<p class=\"MsoListParagraphCxSpMiddle\" style=\"margin-left: 0in; mso-add-space: auto; text-align: justify; text-indent: 0in; mso-list: l4 level1 lfo1; tab-stops: 14.2pt;\"><!-- [if !supportLists]--><span lang=\"RO\" style=\"font-size: 11.0pt;\"><span style=\"mso-list: Ignore;\">&#8211;<span style=\"font: 7.0pt 'Times New Roman';\">\u00a0\u00a0\u00a0\u00a0\u00a0 <\/span><\/span><\/span><!--[endif]--><span lang=\"RO\" style=\"font-size: 11.0pt; font-family: 'Calibri','sans-serif'; mso-ascii-theme-font: minor-latin; mso-hansi-theme-font: minor-latin; mso-bidi-font-weight: bold;\">Stress resistance; patience; diplomacy; self-control capacity; responsibility; sociability; balance, emotional stability; developed ethical sense; orientation towards discipline, order, punctuality.<\/span><\/p>\n<p class=\"MsoListParagraphCxSpLast\" style=\"margin-left: 0in; mso-add-space: auto; text-align: justify; text-indent: 0in; mso-list: l4 level1 lfo1; tab-stops: 14.2pt;\"><!-- [if !supportLists]--><span lang=\"RO\" style=\"font-size: 11.0pt;\"><span style=\"mso-list: Ignore;\">&#8211;<span style=\"font: 7.0pt 'Times New Roman';\">\u00a0\u00a0\u00a0\u00a0\u00a0 <\/span><\/span><\/span><!--[endif]--><span lang=\"RO\" style=\"font-size: 11.0pt; font-family: 'Calibri','sans-serif'; mso-ascii-theme-font: minor-latin; mso-hansi-theme-font: minor-latin; mso-bidi-font-weight: bold;\">Ability to work under pressure; the ability to maintain good relations with others; sense of responsibility; team spirit; initiative.<\/span><\/p>\n<p class=\"MsoNormal\" style=\"text-align: justify;\"><b style=\"mso-bidi-font-weight: normal;\"><u><span lang=\"RO\" style=\"font-size: 11.0pt; font-family: 'Calibri','sans-serif'; mso-ascii-theme-font: minor-latin; mso-hansi-theme-font: minor-latin;\">Bibliography for the competition:<\/span><\/u><\/b><\/p>\n<p class=\"MsoListParagraph\" style=\"margin-left: 0in; text-indent: 0in; mso-list: l1 level1 lfo2; tab-stops: 14.2pt;\"><!-- [if !supportLists]--><span lang=\"RO\" style=\"font-size: 11.0pt; font-family: 'Arial','sans-serif'; mso-fareast-font-family: Arial;\"><span style=\"mso-list: Ignore;\">&#8211;<span style=\"font: 7.0pt 'Times New Roman';\">\u00a0\u00a0\u00a0\u00a0\u00a0 <\/span><\/span><\/span><!--[endif]--><span lang=\"RO\" style=\"font-size: 11.0pt; font-family: 'Calibri','sans-serif'; mso-ascii-theme-font: minor-latin; mso-hansi-theme-font: minor-latin;\">Law no. 315\/2004 on regional development in Romania;<\/span><\/p>\n<p class=\"MsoListParagraph\" style=\"margin-left: 0in; text-indent: 0in; mso-list: l1 level1 lfo2; tab-stops: 14.2pt;\"><!-- [if !supportLists]--><span lang=\"RO\" style=\"font-size: 11.0pt; font-family: 'Arial','sans-serif'; mso-fareast-font-family: Arial;\"><span style=\"mso-list: Ignore;\">&#8211;<span style=\"font: 7.0pt 'Times New Roman';\">\u00a0\u00a0\u00a0\u00a0\u00a0 <\/span><\/span><\/span><!--[endif]--><span lang=\"RO\" style=\"font-size: 11.0pt; font-family: 'Calibri','sans-serif'; mso-ascii-theme-font: minor-latin; mso-hansi-theme-font: minor-latin;\">Regional Operational Program 2014-2020 <\/span><span lang=\"RO\"><a href=\"https:\/\/www.nord-vest.ro\/en\/regio-2014-2020\/\"><span style=\"font-size: 11.0pt; font-family: 'Calibri','sans-serif'; mso-ascii-theme-font: minor-latin; mso-hansi-theme-font: minor-latin; color: windowtext; text-decoration: none; text-underline: none;\">https:\/\/www.nord-vest.ro\/regio-2014-2020\/<\/span><\/a><\/span><span lang=\"RO\" style=\"font-size: 11.0pt; font-family: 'Calibri','sans-serif'; mso-ascii-theme-font: minor-latin; mso-hansi-theme-font: minor-latin;\"> (Documentul final POR 2014-2020, sec\u0163iunea 2 \u2013 Descrierea Axelor Prioritare);<\/span><\/p>\n<p class=\"MsoListParagraph\" style=\"margin-left: 0in; text-indent: 0in; mso-list: l1 level1 lfo2; tab-stops: 14.2pt;\"><!-- [if !supportLists]--><span lang=\"RO\" style=\"font-size: 11.0pt; font-family: 'Arial','sans-serif'; mso-fareast-font-family: Arial;\"><span style=\"mso-list: Ignore;\">&#8211;<span style=\"font: 7.0pt 'Times New Roman';\">\u00a0\u00a0\u00a0\u00a0\u00a0 <\/span><\/span><\/span><!--[endif]--><span lang=\"RO\" style=\"font-size: 11.0pt; font-family: 'Calibri','sans-serif'; mso-ascii-theme-font: minor-latin; mso-hansi-theme-font: minor-latin;\">The main institutions and policies of the European Union <\/span><span lang=\"RO\"><span style=\"font-size: 11.0pt; font-family: 'Calibri','sans-serif'; mso-ascii-theme-font: minor-latin; mso-hansi-theme-font: minor-latin;\"><a href=\"http:\/\/europa.eu\/about-eu\/institutions-bodies\/index_ro.htm\" target=\"_blank\" rel=\"noopener\">http:\/\/europa.eu\/about-eu\/institutions-bodies\/index_ro.htm<\/a><\/span><\/span><\/p>\n<p class=\"MsoNormalCxSpLast\" style=\"margin-top: 10.0pt; mso-add-space: auto; text-align: justify;\"><b><u><span lang=\"RO\" style=\"font-size: 11.0pt; font-family: 'Calibri','sans-serif'; mso-ascii-theme-font: minor-latin; mso-hansi-theme-font: minor-latin;\">Organizational information:<\/span><\/u><\/b><\/p>\n<p class=\"MsoListParagraph\" style=\"text-align: justify; text-indent: -.25in; mso-list: l0 level1 lfo3; tab-stops: 14.2pt;\"><!-- [if !supportLists]--><span lang=\"RO\" style=\"font-size: 11.0pt; font-family: Symbol; mso-fareast-font-family: Symbol; mso-bidi-font-family: Symbol;\"><span style=\"mso-list: Ignore;\">\u00b7<span style=\"font: 7.0pt 'Times New Roman';\">\u00a0\u00a0\u00a0\u00a0\u00a0\u00a0\u00a0 <\/span><\/span><\/span><!--[endif]--><span lang=\"RO\" style=\"font-size: 11.0pt; font-family: 'Calibri','sans-serif'; mso-ascii-theme-font: minor-latin; mso-hansi-theme-font: minor-latin;\">Anun\u0163ul privind concursul organizat va fi transmis la AJOFM \u015fi va fi postat pe site-ul ADR Nord-Vest, \u00een data de 12.11.2018.<\/span><\/p>\n<p class=\"MsoListParagraph\" style=\"text-align: justify; text-indent: -.25in; mso-list: l0 level1 lfo3; tab-stops: 14.2pt;\"><!-- [if !supportLists]--><span lang=\"RO\" style=\"font-size: 11.0pt; font-family: Symbol; mso-fareast-font-family: Symbol; mso-bidi-font-family: Symbol;\"><span style=\"mso-list: Ignore;\">\u00b7<span style=\"font: 7.0pt 'Times New Roman';\">\u00a0\u00a0\u00a0\u00a0\u00a0\u00a0\u00a0 <\/span><\/span><\/span><!--[endif]--><span lang=\"RO\" style=\"font-size: 11.0pt; font-family: 'Calibri','sans-serif'; mso-ascii-theme-font: minor-latin; mso-hansi-theme-font: minor-latin;\">Persoanele interesate, care \u00eentrunesc cerin\u0163ele obligatorii specificate, vor transmite p\u00e2n\u0103 \u00een data de 23.11.2018, ora 16.00 urm\u0103toarele documente pe email la adresa <\/span><span lang=\"RO\"><a href=\"\/en\/resurse.umane@nord-vest.ro\/\"><span style=\"font-size: 11.0pt; font-family: 'Calibri','sans-serif'; mso-ascii-theme-font: minor-latin; mso-hansi-theme-font: minor-latin; color: windowtext; text-decoration: none; text-underline: none;\">resurse.umane@nord-vest.ro\u00a0<\/span><\/a><\/span><span lang=\"RO\" style=\"font-size: 11.0pt; font-family: 'Calibri','sans-serif'; mso-ascii-theme-font: minor-latin; mso-hansi-theme-font: minor-latin;\">:\u00a0<\/span><\/p>\n<ul style=\"margin-top: 0in;\" type=\"disc\">\n<li style=\"list-style-type: none;\">\n<ul style=\"margin-top: 0in;\" type=\"circle\">\n<li class=\"MsoNormal\" style=\"text-align: justify; mso-list: l0 level2 lfo3;\"><span lang=\"RO\" style=\"font-size: 11.0pt; font-family: 'Calibri','sans-serif'; mso-ascii-theme-font: minor-latin; mso-hansi-theme-font: minor-latin;\">copy of identity document;<\/span><\/li>\n<li class=\"MsoNormal\" style=\"text-align: justify; mso-list: l0 level2 lfo3;\"><span lang=\"RO\" style=\"font-size: 11.0pt; font-family: 'Calibri','sans-serif'; mso-ascii-theme-font: minor-latin; mso-hansi-theme-font: minor-latin;\">CV dated and signed;<\/span><\/li>\n<li class=\"MsoNormal\" style=\"text-align: justify; mso-list: l0 level2 lfo3;\"><span lang=\"RO\" style=\"font-size: 11.0pt; font-family: 'Calibri','sans-serif'; mso-ascii-theme-font: minor-latin; mso-hansi-theme-font: minor-latin;\">the letter of intent with the date of submission and signature;<\/span><\/li>\n<li class=\"MsoNormal\" style=\"text-align: justify; mso-list: l0 level2 lfo3;\"><span lang=\"RO\" style=\"font-size: 11.0pt; font-family: 'Calibri','sans-serif'; mso-ascii-theme-font: minor-latin; mso-hansi-theme-font: minor-latin;\">copies according to study documents;<\/span><\/li>\n<li>copies of the documents certifying the professional experience (according to the requirements), signed, with the registration number from the employer;<\/li>\n<li class=\"MsoNormal\" style=\"text-align: justify; mso-list: l0 level2 lfo3;\"><span lang=\"RO\" style=\"font-size: 11.0pt; font-family: 'Calibri','sans-serif'; mso-ascii-theme-font: minor-latin; mso-hansi-theme-font: minor-latin;\">copies of any official legal documents, relevant to prove training\/certifications and\/or acquired knowledge (signed and with registration number);<\/span><\/li>\n<li class=\"MsoNormal\" style=\"text-align: justify; mso-list: l0 level2 lfo3;\"><span lang=\"RO\" style=\"font-size: 11.0pt; font-family: 'Calibri','sans-serif'; mso-ascii-theme-font: minor-latin; mso-hansi-theme-font: minor-latin;\">the criminal record (valid for 6 months from the date of issue) or declaration on your own responsibility that there are no entries in the criminal record.<\/span><\/li>\n<\/ul>\n<\/li>\n<\/ul>\n<p class=\"MsoListParagraph\" style=\"text-align: justify; text-indent: -.25in; mso-list: l2 level1 lfo4; tab-stops: 14.2pt;\"><!-- [if !supportLists]--><span lang=\"RO\" style=\"font-size: 11.0pt; font-family: Symbol; mso-fareast-font-family: Symbol; mso-bidi-font-family: Symbol;\"><span style=\"mso-list: Ignore;\">\u00b7<span style=\"font: 7.0pt 'Times New Roman';\">\u00a0\u00a0\u00a0\u00a0\u00a0\u00a0\u00a0 <\/span><\/span><\/span><!--[endif]--><span lang=\"RO\" style=\"font-size: 11.0pt; font-family: 'Calibri','sans-serif'; mso-ascii-theme-font: minor-latin; mso-hansi-theme-font: minor-latin;\">\u00cen data de 27<span style=\"mso-bidi-font-weight: bold;\">.11.2018, p\u00e2n\u0103 la ora 16.00, <\/span>vor fi contactate telefonic sau pe e-mail doar persoanele care \u00eentrunesc cerin\u0163ele obligatorii ale postului pentru a fi invitate s\u0103 se prezinte la concurs. <\/span><\/p>\n<p class=\"MsoListParagraph\" style=\"text-align: justify; text-indent: -.25in; mso-list: l2 level1 lfo4;\"><!-- [if !supportLists]--><span lang=\"RO\" style=\"font-size: 11.0pt; font-family: Symbol; mso-fareast-font-family: Symbol; mso-bidi-font-family: Symbol;\"><span style=\"mso-list: Ignore;\">\u00b7<span style=\"font: 7.0pt 'Times New Roman';\">\u00a0\u00a0\u00a0\u00a0\u00a0\u00a0\u00a0 <\/span><\/span><\/span><!--[endif]--><span lang=\"RO\" style=\"font-size: 11.0pt; font-family: 'Calibri','sans-serif'; mso-ascii-theme-font: minor-latin; mso-hansi-theme-font: minor-latin; mso-bidi-font-weight: bold;\">Proba scris\u0103 (testare scris\u0103 a cuno\u015ftin\u0163elor din domeniul de specialitate conform bibliografiei, precum \u015fi testul de cuno\u015ftin\u0163e operare PC-Word \u015fi Excel)<\/span><span lang=\"RO\" style=\"font-size: 11.0pt; font-family: 'Calibri','sans-serif'; mso-ascii-theme-font: minor-latin; mso-hansi-theme-font: minor-latin;\"> se va desf\u0103\u015fura la sediul secundar al A.D.R. Nord-Vest de la adresa din Cluj-Napoca, Calea Doroban\u0163ilor nr.3,<span style=\"mso-bidi-font-weight: bold;\"> Jud. Cluj \u00een data de 29.11.2018<\/span>, <span style=\"mso-bidi-font-weight: bold;\">\u00eencep\u00e2nd cu ora 10.00.<\/span> Durata examin\u0103rii este \u00een medie de 3 ore.<\/span><\/p>\n<p class=\"MsoListParagraph\" style=\"text-align: justify; text-indent: -.25in; mso-list: l2 level1 lfo4;\"><!-- [if !supportLists]--><span lang=\"RO\" style=\"font-size: 11.0pt; font-family: Symbol; mso-fareast-font-family: Symbol; mso-bidi-font-family: Symbol; mso-bidi-font-weight: bold;\"><span style=\"mso-list: Ignore;\">\u00b7<span style=\"font: 7.0pt 'Times New Roman';\">\u00a0\u00a0\u00a0\u00a0\u00a0\u00a0\u00a0 <\/span><\/span><\/span><!--[endif]--><span lang=\"RO\" style=\"font-size: 11.0pt; font-family: 'Calibri','sans-serif'; mso-ascii-theme-font: minor-latin; mso-hansi-theme-font: minor-latin; mso-bidi-font-weight: bold;\">Comunicarea rezultatelor ob\u0163inute la proba scris\u0103<\/span><span lang=\"RO\" style=\"font-size: 11.0pt; font-family: 'Calibri','sans-serif'; mso-ascii-theme-font: minor-latin; mso-hansi-theme-font: minor-latin;\"> (test scris, test de operare PC) se va face telefonic sau pe email p\u00e2n\u0103 la data de 04<span style=\"mso-bidi-font-weight: bold;\">.12.2018, ora 16:00. <\/span><\/span><\/p>\n<p class=\"MsoListParagraph\" style=\"text-align: justify; text-indent: -.25in; mso-list: l2 level1 lfo4;\"><!-- [if !supportLists]--><span lang=\"RO\" style=\"font-size: 11.0pt; font-family: Symbol; mso-fareast-font-family: Symbol; mso-bidi-font-family: Symbol; mso-bidi-font-weight: bold;\"><span style=\"mso-list: Ignore;\">\u00b7<span style=\"font: 7.0pt 'Times New Roman';\">\u00a0\u00a0\u00a0\u00a0\u00a0\u00a0\u00a0 <\/span><\/span><\/span><!--[endif]--><span lang=\"RO\" style=\"font-size: 11.0pt; font-family: 'Calibri','sans-serif'; mso-ascii-theme-font: minor-latin; mso-hansi-theme-font: minor-latin; mso-bidi-font-weight: bold;\">Interviurile de selec\u0163ie se vor desf\u0103\u015fura \u00een data de 07.12.2018, la ora comunicat\u0103 de c\u0103tre comisie, la sediul secundar al A.D.R. Nord-Vest de la adresa din Cluj-Napoca, Calea Doroban\u0163ilor nr.3, Jud. Cluj. La interviul de selec\u0163ie vor participa doar candida\u0163ii care au ob\u0163inut punctajul minim necesar pentru promovarea \u00een etapa de interviu.<\/span><\/p>\n<p class=\"MsoListParagraph\" style=\"text-align: justify; text-indent: -.25in; mso-list: l2 level1 lfo4;\"><!-- [if !supportLists]--><span lang=\"RO\" style=\"font-size: 11.0pt; font-family: Symbol; mso-fareast-font-family: Symbol; mso-bidi-font-family: Symbol; mso-bidi-font-weight: bold;\"><span style=\"mso-list: Ignore;\">\u00b7<span style=\"font: 7.0pt 'Times New Roman';\">\u00a0\u00a0\u00a0\u00a0\u00a0\u00a0\u00a0 <\/span><\/span><\/span><!--[endif]--><span lang=\"RO\" style=\"font-size: 11.0pt; font-family: 'Calibri','sans-serif'; mso-ascii-theme-font: minor-latin; mso-hansi-theme-font: minor-latin; mso-bidi-font-weight: bold;\">Comunicarea rezultatelor ob\u0163inute la interviul de selec\u0163ie \u015fi respectiv rezultatele finale ale concursului se va face p\u00e2n\u0103 la data de 11.12.2018, dup\u0103 finalizarea lucr\u0103rilor comisiei de recrutare \u015fi selec\u0163ie.\u00a0<\/span><\/p>","protected":false},"excerpt":{"rendered":"<p>A.D.R. Nord-Vest scoate la concurs urm\u0103torul post: REFERENT EVIDEN\u021a\u0102 OPERA\u021aIUNI, un post pe perioad\u0103 determinat\u0103 (ocuparea temporar\u0103 a postului p\u00e2n\u0103 la \u00eentoarcerea titularului, respectiv p\u00e2n\u0103 la data de 16.06.2020) , norm\u0103 \u00eentreag\u0103, \u00een cadrul Direc\u021biei Implementare POR. Responsabilit\u0103\u0163i principale: &#8211;\u00a0\u00a0\u00a0\u00a0\u00a0\u00a0\u00a0 Gestionarea documentelor referitoare la eviden\u0163a cererilor de finan\u0163are \/ contractelor de finan\u0163are; &#8211;\u00a0\u00a0\u00a0\u00a0\u00a0\u00a0\u00a0 Arhivarea documentelor&#8230;<\/p>","protected":false},"author":1,"featured_media":0,"comment_status":"closed","ping_status":"closed","sticky":false,"template":"","format":"standard","meta":{"footnotes":"","beyondwords_generate_audio":"","beyondwords_project_id":"","beyondwords_content_id":"","beyondwords_preview_token":"","beyondwords_player_style":"","beyondwords_language_id":"","beyondwords_title_voice_id":"","beyondwords_body_voice_id":"","beyondwords_summary_voice_id":"","beyondwords_error_message":"","beyondwords_disabled":"","beyondwords_delete_content":"","beyondwords_podcast_id":"","beyondwords_hash":"","publish_post_to_speechkit":"","speechkit_hash":"","speechkit_generate_audio":"","speechkit_project_id":"","speechkit_podcast_id":"","speechkit_error_message":"","speechkit_disabled":"","speechkit_access_key":"","speechkit_error":"","speechkit_info":"","speechkit_response":"","speechkit_retries":"","speechkit_status":"","speechkit_updated_at":"","_speechkit_link":"","_speechkit_text":""},"categories":[278],"tags":[],"class_list":["post-22992","post","type-post","status-publish","format-standard","hentry","category-anunturi-de-angajare-2"],"publishpress_future_action":{"enabled":false,"date":"2026-05-09 08:59:49","action":"change-status","newStatus":"draft","terms":[],"taxonomy":"category"},"publishpress_future_workflow_manual_trigger":{"enabledWorkflows":[]},"_links":{"self":[{"href":"https:\/\/www.nord-vest.ro\/en\/wp-json\/wp\/v2\/posts\/22992","targetHints":{"allow":["GET"]}}],"collection":[{"href":"https:\/\/www.nord-vest.ro\/en\/wp-json\/wp\/v2\/posts"}],"about":[{"href":"https:\/\/www.nord-vest.ro\/en\/wp-json\/wp\/v2\/types\/post"}],"author":[{"embeddable":true,"href":"https:\/\/www.nord-vest.ro\/en\/wp-json\/wp\/v2\/users\/1"}],"replies":[{"embeddable":true,"href":"https:\/\/www.nord-vest.ro\/en\/wp-json\/wp\/v2\/comments?post=22992"}],"version-history":[{"count":0,"href":"https:\/\/www.nord-vest.ro\/en\/wp-json\/wp\/v2\/posts\/22992\/revisions"}],"wp:attachment":[{"href":"https:\/\/www.nord-vest.ro\/en\/wp-json\/wp\/v2\/media?parent=22992"}],"wp:term":[{"taxonomy":"category","embeddable":true,"href":"https:\/\/www.nord-vest.ro\/en\/wp-json\/wp\/v2\/categories?post=22992"},{"taxonomy":"post_tag","embeddable":true,"href":"https:\/\/www.nord-vest.ro\/en\/wp-json\/wp\/v2\/tags?post=22992"}],"curies":[{"name":"wp","href":"https:\/\/api.w.org\/{rel}","templated":true}]}}