{"id":22991,"date":"2018-11-09T00:00:00","date_gmt":"2018-11-08T22:00:00","guid":{"rendered":"https:\/\/www.nord-vest.ro\/a-d-r-nord-vest-scoate-la-concurs-doua-posturi-vacante-de-expert-comunicare-3\/"},"modified":"2018-11-09T00:00:00","modified_gmt":"2018-11-08T22:00:00","slug":"a-d-r-nord-vest-scoate-la-concurs-doua-posturi-vacante-de-expert-comunicare-3","status":"publish","type":"post","link":"https:\/\/www.nord-vest.ro\/en\/a-d-r-nord-vest-scoate-la-concurs-doua-posturi-vacante-de-expert-comunicare-3\/","title":{"rendered":"A.D.R. Nord-Vest scoate la concurs doua posturi \u00a0vacante de Expert comunicare"},"content":{"rendered":"<p><strong>A.D.R. Nord-Vest scoate la concurs urm\u0103toarele 2 <\/strong><strong>posturi<\/strong> \u00a0vacante de Expert comunicare \u00een cadrul Compartimentului Comunicare \u0219i MASS-MEDIA, Direc\u0163ia General\u0103, pe perioad\u0103 nedeterminat\u0103:<\/p>\n<p><strong><u>POST 1- EXPERT COMUNICARE<\/u><\/strong><\/p>\n<p><strong>\u00a0Studies \/ qualifications<\/strong>:<\/p>\n<p><strong>University studies, bachelor&#039;s level<\/strong> \u00een domeniul fundamental \u201d\u0218tiin\u021be sociale\u201d, specializ\u0103rile: Jurnalism; Comunicare \u015fi rela\u0163ii publice, Rela\u021bii interna\u021bionale \u0219i studii europene, Marketing, Limbi Moderne aplicate, a\u015fa cum sunt prev\u0103zute \u00een HG nr.615\/2017<strong>;<\/strong><\/p>\n<p><strong><em>Experien\u0163a <\/em><\/strong>of <strong>minimum 3 ani <\/strong>\u00een activit\u0103\u0163i MEDIA , Comunicare\/PR<strong>;<\/strong><\/p>\n<p><strong><u>POST 2- EXPERT COMUNICARE<\/u><\/strong><\/p>\n<p><strong>Studies \/ qualifications<\/strong>:<\/p>\n<p><strong>&#8211; Studii universitare, nivel licen\u0163\u0103<\/strong> \u00een domeniul fundamental \u201d\u0218tiin\u021be sociale\u201d, specializ\u0103rile: Jurnalism; Comunicare \u015fi rela\u0163ii publice, Rela\u021bii interna\u021bionale \u0219i studii europene, Marketing, Limbi Moderne aplicate, a\u015fa cum sunt prev\u0103zute \u00een HG nr.615\/2017<strong>;<\/strong><\/p>\n<p><strong><em>Experien\u0163a <\/em><\/strong>of <strong>minimum 6 luni <\/strong>\u00een munc\u0103<strong>;<\/strong><\/p>\n<p><strong><em>Cuno\u015ftin\u0163e\/abilit\u0103\u0163i\/competen\u0163e(pentru ambele posturi vacante):<\/em><\/strong><\/p>\n<p>Knowledge:<\/p>\n<ul>\n<li>cuno\u015ftin\u0163e privind cadrul institu\u0163ional european \u015fi cadrul institu\u0163ional de coordonare \u015fi de gestionare a instrumentelor structurale,<\/li>\n<li>cuno\u015ftin\u0163e de management proiect,<\/li>\n<li>cunoa\u015fterea Programului Opera\u0163ional Regional \u015fi a axelor sale prioritare,<\/li>\n<li>cuno\u015ftin\u0163e de operare PC: Word , Excel, pagini WEB, Prezi, PPT, infografic, etc ;<\/li>\n<li>cuno\u0219tin\u021be de marketing (offline \u0219i online);<\/li>\n<\/ul>\n<p>Abilit\u0103\u0163i \u015fi competen\u0163e:<\/p>\n<ul>\n<li>Capacitate de planificare \u015fi control;<\/li>\n<li>Ability to analyze and synthesize;<\/li>\n<li>Limba englez\u0103-nivel avansat;<\/li>\n<\/ul>\n<p>Personal skills and traits:<\/p>\n<ul>\n<li>g\u00e2ndire creativ\u0103;<\/li>\n<li>bun comunicator;<\/li>\n<li>prezen\u0163\u0103 social\u0103;<\/li>\n<li>aptitudini de coordonare \u015fi organizare;<\/li>\n<li>eficien\u0163\u0103 \u00een condi\u0163ii de supra\u00eenc\u0103rcare;<\/li>\n<li>memorie bun\u0103 \u015fi aten\u0163ie distributiv\u0103;<\/li>\n<li>orientare c\u0103tre rezultat;<\/li>\n<\/ul>\n<p><strong><u>Main Responsibilities:<\/u><\/strong><\/p>\n<p><strong>Activit\u0103\u021bi legate de comunicarea extern\u0103 \u0219i intern\u0103<\/strong><\/p>\n<ul>\n<li>R\u0103spunde la solicit\u0103ri de informa\u021bii despre ADR Nord-Vest, CDR, programe de finan\u021bare POR;<\/li>\n<li>Organizeaz\u0103 evenimente;<\/li>\n<li>Elaboreaz\u0103 practici care s\u0103 asigure transparen\u021ba \u0219i flexibilitatea proceselor de comunicare \u00een interiorul ADR Nord-Vest \u0219i \u00een exterior;<\/li>\n<\/ul>\n<p><strong>Activit\u0103\u021bi legate de promovarea imaginii ADR Nord-Vest \u0219i campanii de informare: <\/strong><\/p>\n<ul>\n<li>Organizeaz\u0103 evenimente publice: campanii, \u00eent\u00e2lniri de promovare;<\/li>\n<li>Asigur\u0103 func\u021bionalitatea \u0219i promovarea instrumentelor de comunicare moderne: pagina web, newsletterul, dezbaterile publice;<\/li>\n<li>Monitorizeaz\u0103 \u0219i raporteaz\u0103 asupra activit\u0103\u021bilor de promovare a imaginii ADR Nord-Vest;<\/li>\n<li>Elaboreaz\u0103 modific\u0103ri la strategia de comunicare \u0219i promovare a agen\u021biei \u0219i a POR;<\/li>\n<\/ul>\n<p><strong>Activit\u0103\u021bi legate de promovarea POR \u0219i campanii de informare<\/strong><\/p>\n<ul>\n<li>Particip\u0103 la Steering Committee pentru campania de promovare a POR la nivel na\u021bional;<\/li>\n<li>Particip\u0103\/organizeaz\u0103 evenimente specifice privind lansarea de ghiduri\/sesiuni de informare, seminarii de instruire, asigur\u00e2nd publicitatea adecvat\u0103 sub coordonarea Directorului Executiv DIPOR;<\/li>\n<li>Furnizeaz\u0103 informa\u021bii despre POR poten\u021bialilor beneficiari;<\/li>\n<li>Informeaz\u0103, ofer\u0103 consultan\u021b\u0103 \u0219i monitorizeaz\u0103 beneficiarii pentru \u00eendeplinirea sarcinilor privind informarea \u015fi publicitatea;<\/li>\n<li>Asigur\u0103 vizibilitatea POR \u0219i UE \u00een materialele create despre POR;<\/li>\n<li>Coordoneaz\u0103 realizarea unui spot audio\/video \u0219i mai multor layout-uri pentru presa scris\u0103, pe baza subcontract\u0103rii;<\/li>\n<li>Analizeaz\u0103 \u0219i propune alte ac\u0163iuni \/ evenimente suplimentare de promovare a POR la nivel regional;<\/li>\n<li>Organizeaz\u0103 seminariile de informare pentru fiecare domeniu major de interven\u021bie \u0219i a help-desk-ului<\/li>\n<\/ul>\n<p><strong>Activit\u0103\u021bi de HELP-DESK POR<\/strong><\/p>\n<ul>\n<li>Organizeaz\u0103 \u0219i sus\u021bine activitatea help-deskului \u00een cadrul ADR Nord-Vest;<\/li>\n<li>\u00cenregistreaz\u0103 toate solicit\u0103rile de informa\u021bii \u00een Registrul solicit\u0103rilor;<\/li>\n<\/ul>\n<p><strong>Activit\u0103\u021bi legate de mass media<\/strong><\/p>\n<ul>\n<li>Organizeaz\u0103 sau particip\u0103 la conferin\u021be de presa \u0219i ofer\u0103 interviuri, inform\u0103ri sau r\u0103spunsuri la solicit\u0103rile mass-media privind informa\u021biile de interes public de\u021binute de Agen\u021bie;<\/li>\n<li>Efectueaz\u0103 vizite \u00eempreun\u0103 cu presa \u00een locurile de implementare ale proiectelor;<\/li>\n<li>Particip\u0103 la sesiuni de briefing pe subiecte de interes;<\/li>\n<li>Elaboreaz\u0103 comunicatele de pres\u0103 \u0219i documente oficiale ale Agen\u021biei; se asigur\u0103 de respectarea manualului de integritate vizual\u0103 al Agen\u021biei;<\/li>\n<\/ul>\n<p><strong><u>Bibliography for the competition:<\/u><\/strong><\/p>\n<ul>\n<li>Legea 315\/2004 &#8211; Legea privind dezvoltarea regional\u0103 \u00een Rom\u00e2nia, actualizat\u0103;<\/li>\n<li>Programul Opera\u021bional Regional 2014-2020 \u2013 http:\/\/www.inforegio.ro\/ro\/por-2014-2020.html;<\/li>\n<li>Principalele institu\u0163ii \u015fi politici ale Uniunii Europene &#8211; materialele de documentare pot fi g\u0103site pe site-urile: <a href=\"http:\/\/www.ec.europa.eu\/romania\" target=\"_blank\" rel=\"noopener\">ec.europa.eu\/romania<\/a>;<\/li>\n<li>Legea nr. 544\/2001 privind liberul acces la informa\u0163iile de interes public, cu modific\u0103rile \u0219i complet\u0103rile ulterioare;<\/li>\n<li>Hot\u0103r\u00e2rea Guvernului nr. 123\/2002 pentru aprobarea Normelor metodologice de aplicare a Legii nr. 544\/2001 privind liberul acces la informa\u0163iile de interes public;<\/li>\n<li>Uniunea European\u0103 \u015fi re\u0163elele de comunicare, <a href=\"https:\/\/ec.europa.eu\/commission\/index_ro\" target=\"_blank\" rel=\"noopener\">https:\/\/ec.europa.eu\/commission\/index_ro<\/a><\/li>\n<li>Regulamentul nr. 679\/2016 privind protec\u0163ia persoanelor fizice \u00een ceea ce prive\u015fte prelucrarea datelor cu caracter personal \u015fi privind libera circula\u0163ie a acestor date \u015fi de abrogare a Directivei 95\/46\/CE (Regulamentul general privind protec\u0163ia datelor);<\/li>\n<\/ul>\n<p><strong><u>Organizational information:<\/u><\/strong><\/p>\n<ul>\n<li>Anun\u0163ul privind concursul organizat va fi transmis la AJOFM \u015fi va fi postat pe site-ul ADR Nord-Vest \u00een data de 09.11.2018.<\/li>\n<li>Persoanele interesate, care \u00eentrunesc cerin\u0163ele obligatorii specificate, vor transmite p\u00e2n\u0103 \u00een data de 19.11.2018, ora 16.00 urm\u0103toarele documente pe email la adresa <a href=\"\/en\/resurse.umane@nord-vest.ro\/\">resurse.umane@nord-vest.ro<\/a> :\n<ul>\n<li>copy of identity document;<\/li>\n<li>CV dated and signed;<\/li>\n<li>scrisoarea de inten\u0163ie cu data depunerii \u015fi semn\u0103tura, in care se va specifica postul pentru care se aplic\u0103;<\/li>\n<li>copies according to study documents;<\/li>\n<li>copies of the documents certifying the professional experience (according to the requirements), signed, with the registration number from the employer;<\/li>\n<li>copies of any official legal documents, relevant to prove training\/certifications and\/or acquired knowledge (signed, stamped and with registration number);<\/li>\n<li>the criminal record (valid for 6 months from the date of issue) or declaration on your own responsibility that there are no entries in the criminal record.<\/li>\n<\/ul>\n<\/li>\n<li>\u00een data de 21.11.2018, p\u00e2n\u0103 la ora 16.00, vor fi contactate telefonic sau pe e-mail doar persoanele care \u00eentrunesc cerin\u0163ele obligatorii ale postului pentru a fi invitate s\u0103 se prezinte la concurs.<\/li>\n<li>Proba scris\u0103 (testare scris\u0103 a cuno\u015ftin\u0163elor din domeniul de specialitate conform bibliografiei, precum \u015fi testul de cuno\u015ftin\u0163e operare PC-Word \u015fi Excel, Test de limba englez\u0103) se va desf\u0103\u015fura la sediul secundar al A.D.R. Nord-Vest de la adresa din Cluj-Napoca, Calea Doroban\u0163ilor nr.3, Cluj \u00een data de 23.11.2018, \u00eencep\u00e2nd cu ora 10.00. Durata examin\u0103rii este \u00een medie de 3 ore.<\/li>\n<li>Comunicarea rezultatelor ob\u0163inute la proba scris\u0103 (test scris, test de operare PC, test de limba englez\u0103) se va face telefonic sau pe email p\u00e2n\u0103 la data de 26.11.2018, ora 16:00.<\/li>\n<li>Interviurile de selec\u0163ie se vor desf\u0103\u015fura \u00een data de 29.11.2018, la ora comunicat\u0103 de c\u0103tre comisie, la sediul secundar al A.D.R. Nord-Vest de la adresa din Cluj-Napoca, Calea Doroban\u0163ilor nr.3, Jud. Cluj. La interviul de selec\u0163ie vor participa doar candida\u0163ii care au ob\u0163inut punctajul minim necesar pentru promovarea \u00een etapa de interviu.<\/li>\n<\/ul>\n<p>Comunicarea rezultatelor ob\u0163inute la interviul de selec\u0163ie \u015fi respectiv rezultatele finale ale concursului se va face p\u00e2n\u0103 la data de 04.12.2018, dup\u0103 finalizarea lucr\u0103rilor comisiei de recrutare \u015fi selec\u0163ie.<\/p>","protected":false},"excerpt":{"rendered":"<p>A.D.R. Nord-Vest scoate la concurs urm\u0103toarele 2 posturi \u00a0vacante de Expert comunicare \u00een cadrul Compartimentului Comunicare \u0219i MASS-MEDIA, Direc\u0163ia General\u0103, pe perioad\u0103 nedeterminat\u0103: POST 1- EXPERT COMUNICARE \u00a0Studii \/ calific\u0103ri: Studii universitare, nivel licen\u0163\u0103 \u00een domeniul fundamental \u201d\u0218tiin\u021be sociale\u201d, specializ\u0103rile: Jurnalism; Comunicare \u015fi rela\u0163ii publice, Rela\u021bii interna\u021bionale \u0219i studii europene, Marketing, Limbi Moderne aplicate, a\u015fa&#8230;<\/p>","protected":false},"author":1,"featured_media":0,"comment_status":"closed","ping_status":"closed","sticky":false,"template":"","format":"standard","meta":{"footnotes":"","beyondwords_generate_audio":"","beyondwords_project_id":"","beyondwords_content_id":"","beyondwords_preview_token":"","beyondwords_player_style":"","beyondwords_language_id":"","beyondwords_title_voice_id":"","beyondwords_body_voice_id":"","beyondwords_summary_voice_id":"","beyondwords_error_message":"","beyondwords_disabled":"","beyondwords_delete_content":"","beyondwords_podcast_id":"","beyondwords_hash":"","publish_post_to_speechkit":"","speechkit_hash":"","speechkit_generate_audio":"","speechkit_project_id":"","speechkit_podcast_id":"","speechkit_error_message":"","speechkit_disabled":"","speechkit_access_key":"","speechkit_error":"","speechkit_info":"","speechkit_response":"","speechkit_retries":"","speechkit_status":"","speechkit_updated_at":"","_speechkit_link":"","_speechkit_text":""},"categories":[278],"tags":[],"class_list":["post-22991","post","type-post","status-publish","format-standard","hentry","category-anunturi-de-angajare-2"],"publishpress_future_action":{"enabled":false,"date":"2026-05-07 22:03:04","action":"change-status","newStatus":"draft","terms":[],"taxonomy":"category"},"publishpress_future_workflow_manual_trigger":{"enabledWorkflows":[]},"_links":{"self":[{"href":"https:\/\/www.nord-vest.ro\/en\/wp-json\/wp\/v2\/posts\/22991","targetHints":{"allow":["GET"]}}],"collection":[{"href":"https:\/\/www.nord-vest.ro\/en\/wp-json\/wp\/v2\/posts"}],"about":[{"href":"https:\/\/www.nord-vest.ro\/en\/wp-json\/wp\/v2\/types\/post"}],"author":[{"embeddable":true,"href":"https:\/\/www.nord-vest.ro\/en\/wp-json\/wp\/v2\/users\/1"}],"replies":[{"embeddable":true,"href":"https:\/\/www.nord-vest.ro\/en\/wp-json\/wp\/v2\/comments?post=22991"}],"version-history":[{"count":0,"href":"https:\/\/www.nord-vest.ro\/en\/wp-json\/wp\/v2\/posts\/22991\/revisions"}],"wp:attachment":[{"href":"https:\/\/www.nord-vest.ro\/en\/wp-json\/wp\/v2\/media?parent=22991"}],"wp:term":[{"taxonomy":"category","embeddable":true,"href":"https:\/\/www.nord-vest.ro\/en\/wp-json\/wp\/v2\/categories?post=22991"},{"taxonomy":"post_tag","embeddable":true,"href":"https:\/\/www.nord-vest.ro\/en\/wp-json\/wp\/v2\/tags?post=22991"}],"curies":[{"name":"wp","href":"https:\/\/api.w.org\/{rel}","templated":true}]}}