{"id":22894,"date":"2018-07-03T00:00:00","date_gmt":"2018-07-02T21:00:00","guid":{"rendered":"https:\/\/www.nord-vest.ro\/versiune-finala-a-ghidului-solicitantului-conditii-specifice-de-accesare-a-fondurilor-in-cadrul-apelului-de-proiecte-cu-numarul-por201844-12proiecte-nefinalizate-obie-2\/"},"modified":"2018-07-03T00:00:00","modified_gmt":"2018-07-02T21:00:00","slug":"versiune-finala-a-ghidului-solicitantului-conditii-specifice-de-accesare-a-fondurilor-in-cadrul-apelului-de-proiecte-cu-numarul-por201844-12proiecte-nefinalizate-obie-2","status":"publish","type":"post","link":"https:\/\/www.nord-vest.ro\/en\/versiune-finala-a-ghidului-solicitantului-conditii-specifice-de-accesare-a-fondurilor-in-cadrul-apelului-de-proiecte-cu-numarul-por201844-12proiecte-nefinalizate-obie-2\/","title":{"rendered":"Versiune final\u0103 a \u201eGhidului Solicitantului \u2013 Condi\u021bii specifice de accesare a fondurilor \u00een cadrul apelului de proiecte cu num\u0103rul POR\/2018\/4\/4.1\/2\/proiecte nefinalizate\u201d, Obiectivul specific 4.1"},"content":{"rendered":"<p><a ref=\"magnificPopup\" href=\"http:\/\/www.nord-vest.ro\/wp-content\/uploads\/2018\/05\/carbon-emissions.jpg\"><img loading=\"lazy\" decoding=\"async\" class=\"alignleft  wp-image-7514\" src=\"http:\/\/www.nord-vest.ro\/wp-content\/uploads\/2018\/05\/carbon-emissions-300x205.jpg\" alt=\"\" width=\"188\" height=\"129\" srcset=\"https:\/\/www.nord-vest.ro\/wp-content\/uploads\/2018\/05\/carbon-emissions-300x205.jpg 300w, https:\/\/www.nord-vest.ro\/wp-content\/uploads\/2018\/05\/carbon-emissions-400x273.jpg 400w, https:\/\/www.nord-vest.ro\/wp-content\/uploads\/2018\/05\/carbon-emissions-587x400.jpg 587w, https:\/\/www.nord-vest.ro\/wp-content\/uploads\/2018\/05\/carbon-emissions.jpg 1000w, https:\/\/www.nord-vest.ro\/wp-content\/uploads\/2018\/05\/carbon-emissions-18x12.jpg 18w, https:\/\/www.nord-vest.ro\/wp-content\/uploads\/2018\/05\/carbon-emissions-624x426.jpg 624w, https:\/\/www.nord-vest.ro\/wp-content\/uploads\/2018\/05\/carbon-emissions-372x254.jpg 372w, https:\/\/www.nord-vest.ro\/wp-content\/uploads\/2018\/05\/carbon-emissions-330x225.jpg 330w, https:\/\/www.nord-vest.ro\/wp-content\/uploads\/2018\/05\/carbon-emissions-103x70.jpg 103w\" sizes=\"auto, (max-width: 188px) 100vw, 188px\" \/><\/a>A fost aprobat\u0103 versiunea final\u0103 a \u201eGhidului Solicitantului \u2013 Condi\u021bii specifice de accesare a fondurilor \u00een cadrul apelului de proiecte cu num\u0103rul POR\/2018\/4\/4.1\/2\/proiecte nefinalizate\u201d, Obiectivul specific 4.1 \u2013 \u201cReducerea emisiilor de carbon \u00een municipiile re\u0219edin\u021b\u0103 de jude\u021b prin investi\u021bii bazate pe planurile de mobilitate urban\u0103 durabil\u0103\u201d<\/p>\n<p>Versiunea final\u0103 a \u201eGhidului Solicitantului \u2013 Condi\u021bii specifice de accesare a fondurilor \u00een cadrul apelului de proiecte cu num\u0103rul POR\/2018\/4\/4.1\/2\/proiecte nefinalizate\u201d, Obiectivul specific 4.1 \u2013 \u201cReducerea emisiilor de carbon \u00een municipiile re\u0219edin\u021b\u0103 de jude\u021b prin investi\u021bii bazate pe planurile de mobilitate urban\u0103 durabil\u0103\u201d din cadrul Axei prioritare 4 \u2013 \u201eSprijinirea dezvolt\u0103rii urbane durabile\u201d a Programului Opera\u0163ional Regional (POR) 2014-2020 a fost aprobat\u0103 ieri, 02.07.2018, prin ordin al Viceprim &#8211; Ministrului, Ministrul Dezvolt\u0103rii Regionale \u015fi Administra\u0163iei Publice \u0219i este publicat\u0103 pe site-ul programului <a href=\"http:\/\/www.inforegio.ro\/\" target=\"_blank\" rel=\"noopener\">www.inforegio.ro <\/a><\/p>\n<p><a href=\"http:\/\/www.nord-vest.ro\/wp-content\/uploads\/2018\/07\/Ghid-specific-O.S-4.1-proiecte-nefinalizate2-iulie-2018.zip\">Ghid specific O.S 4.1 &#8211; proiecte nefinalizate iulie 2018<\/a><\/p>","protected":false},"excerpt":{"rendered":"<p>A fost aprobat\u0103 versiunea final\u0103 a \u201eGhidului Solicitantului \u2013 Condi\u021bii specifice de accesare a fondurilor \u00een cadrul apelului de proiecte cu num\u0103rul POR\/2018\/4\/4.1\/2\/proiecte nefinalizate\u201d, Obiectivul specific 4.1 \u2013 \u201cReducerea emisiilor de carbon \u00een municipiile re\u0219edin\u021b\u0103 de jude\u021b prin investi\u021bii bazate pe planurile de mobilitate urban\u0103 durabil\u0103\u201d Versiunea final\u0103 a \u201eGhidului Solicitantului \u2013 Condi\u021bii specifice de&#8230;<\/p>","protected":false},"author":1,"featured_media":0,"comment_status":"closed","ping_status":"closed","sticky":false,"template":"","format":"standard","meta":{"footnotes":"","beyondwords_generate_audio":"","beyondwords_project_id":"","beyondwords_content_id":"","beyondwords_preview_token":"","beyondwords_player_style":"","beyondwords_language_id":"","beyondwords_title_voice_id":"","beyondwords_body_voice_id":"","beyondwords_summary_voice_id":"","beyondwords_error_message":"","beyondwords_disabled":"","beyondwords_delete_content":"","beyondwords_podcast_id":"","beyondwords_hash":"","publish_post_to_speechkit":"","speechkit_hash":"","speechkit_generate_audio":"","speechkit_project_id":"","speechkit_podcast_id":"","speechkit_error_message":"","speechkit_disabled":"","speechkit_access_key":"","speechkit_error":"","speechkit_info":"","speechkit_response":"","speechkit_retries":"","speechkit_status":"","speechkit_updated_at":"","_speechkit_link":"","_speechkit_text":""},"categories":[256],"tags":[],"class_list":["post-22894","post","type-post","status-publish","format-standard","hentry","category-noutatiapeluri-regio-2014-2020"],"publishpress_future_action":{"enabled":false,"date":"2026-05-05 01:15:30","action":"change-status","newStatus":"draft","terms":[],"taxonomy":"category"},"publishpress_future_workflow_manual_trigger":{"enabledWorkflows":[]},"_links":{"self":[{"href":"https:\/\/www.nord-vest.ro\/en\/wp-json\/wp\/v2\/posts\/22894","targetHints":{"allow":["GET"]}}],"collection":[{"href":"https:\/\/www.nord-vest.ro\/en\/wp-json\/wp\/v2\/posts"}],"about":[{"href":"https:\/\/www.nord-vest.ro\/en\/wp-json\/wp\/v2\/types\/post"}],"author":[{"embeddable":true,"href":"https:\/\/www.nord-vest.ro\/en\/wp-json\/wp\/v2\/users\/1"}],"replies":[{"embeddable":true,"href":"https:\/\/www.nord-vest.ro\/en\/wp-json\/wp\/v2\/comments?post=22894"}],"version-history":[{"count":0,"href":"https:\/\/www.nord-vest.ro\/en\/wp-json\/wp\/v2\/posts\/22894\/revisions"}],"wp:attachment":[{"href":"https:\/\/www.nord-vest.ro\/en\/wp-json\/wp\/v2\/media?parent=22894"}],"wp:term":[{"taxonomy":"category","embeddable":true,"href":"https:\/\/www.nord-vest.ro\/en\/wp-json\/wp\/v2\/categories?post=22894"},{"taxonomy":"post_tag","embeddable":true,"href":"https:\/\/www.nord-vest.ro\/en\/wp-json\/wp\/v2\/tags?post=22894"}],"curies":[{"name":"wp","href":"https:\/\/api.w.org\/{rel}","templated":true}]}}