{"id":22356,"date":"2017-04-28T00:00:00","date_gmt":"2017-04-27T21:00:00","guid":{"rendered":"https:\/\/www.nord-vest.ro\/a-doua-intalnire-a-comitetului-consultativ-regional-tram-a-avut-loc-la-cluj-napoca-3\/"},"modified":"2017-04-28T00:00:00","modified_gmt":"2017-04-27T21:00:00","slug":"a-doua-intalnire-a-comitetului-consultativ-regional-tram-a-avut-loc-la-cluj-napoca-3","status":"publish","type":"post","link":"https:\/\/www.nord-vest.ro\/en\/a-doua-intalnire-a-comitetului-consultativ-regional-tram-a-avut-loc-la-cluj-napoca-3\/","title":{"rendered":"A doua  \u00eent\u00e2lnire a Comitetului Consultativ Regional TRAM a avut loc la Cluj-Napoca"},"content":{"rendered":"<p>\u00cen data de 27 aprilie 2017 ADR Nord-Vest a organizat cea de-a doua \u00eent\u00e2lnire a Comitetului Consultativ Regional (CRR) \u00een cadrul proiectului TRAM \u2013 \u201cPlanuri de Ac\u021biune pentru mobilitatea urban\u0103 sustenabil\u0103\u201d.<\/p>\n<p>La eveniment au participat membrii CRR, reprezentan\u021bi ai administra\u021biilor publice locale, ai universit\u0103\u021bilor, ai companiilor de transport public, ai Poli\u021biei rutiere precum \u0219i reprezentan\u021bi ai mediului de afaceri. <a ref=\"magnificPopup\" href=\"http:\/\/www.nord-vest.ro\/wp-content\/uploads\/2017\/04\/IMG_0964.jpg\"><img loading=\"lazy\" decoding=\"async\" class=\"alignleft wp-image-4456\" src=\"http:\/\/www.nord-vest.ro\/wp-content\/uploads\/2017\/04\/IMG_0964-300x225.jpg\" alt=\"IMG_0964\" width=\"206\" height=\"155\" srcset=\"https:\/\/www.nord-vest.ro\/wp-content\/uploads\/2017\/04\/IMG_0964-300x225.jpg 300w, https:\/\/www.nord-vest.ro\/wp-content\/uploads\/2017\/04\/IMG_0964-1024x768.jpg 1024w, https:\/\/www.nord-vest.ro\/wp-content\/uploads\/2017\/04\/IMG_0964-400x300.jpg 400w, https:\/\/www.nord-vest.ro\/wp-content\/uploads\/2017\/04\/IMG_0964-533x400.jpg 533w, https:\/\/www.nord-vest.ro\/wp-content\/uploads\/2017\/04\/IMG_0964-1008x756.jpg 1008w, https:\/\/www.nord-vest.ro\/wp-content\/uploads\/2017\/04\/IMG_0964-16x12.jpg 16w, https:\/\/www.nord-vest.ro\/wp-content\/uploads\/2017\/04\/IMG_0964-624x468.jpg 624w, https:\/\/www.nord-vest.ro\/wp-content\/uploads\/2017\/04\/IMG_0964-372x279.jpg 372w, https:\/\/www.nord-vest.ro\/wp-content\/uploads\/2017\/04\/IMG_0964-64x48.jpg 64w, https:\/\/www.nord-vest.ro\/wp-content\/uploads\/2017\/04\/IMG_0964-93x70.jpg 93w\" sizes=\"auto, (max-width: 206px) 100vw, 206px\" \/><\/a>Evenimentul a fost moderat de c\u0103tre exper\u0163ii externi contracta\u0163i \u00een cadrul proiectului, rolul acestora fiind de a oferi sprijin ADR Nord-Vest \u00een elaborarea planului de ac\u0163iune pentru \u00eembun\u0103t\u0103\u0163irea implement\u0103rii Planurilor de Mobilitate Urban\u0103 Sustenabil\u0103 (PMUD) din municipiile re\u015fedin\u0163\u0103 de jude\u0163 din regiune.<\/p>\n<p>\u00cent\u00e2lnirea a avut dou\u0103 obiective principale, \u00een primul r\u00e2nd de a inventaria dificult\u0103\u0163ile cu care membrii CRR se confrunt\u0103 \u00een procesul de elaborarea \u015fi implementare a PMUD, precum \u015fi de a identifica proiecte de succes din Regiunea Nord-Vest care se \u00eenscriu \u00een cele trei teme principale abordate de proiect (politicile de mobilitate, sistemele de transport inteligente \u015fi m\u0103surile de reducere a emisiilor de carbon \u015fi transport verde) \u015fi care vor fi incluse \u00een baza de date cu cele mai bune practici TRAM.<\/p>\n<p>\u00cen cadrul unei sesiuni de lucru interactive s-a reu\u015fit identificarea mai multor ini\u0163iative de succes, <a ref=\"magnificPopup\" href=\"http:\/\/www.nord-vest.ro\/wp-content\/uploads\/2017\/04\/IMG_0971.jpg\"><img loading=\"lazy\" decoding=\"async\" class=\"wp-image-4457 alignright\" src=\"http:\/\/www.nord-vest.ro\/wp-content\/uploads\/2017\/04\/IMG_0971-300x225.jpg\" alt=\"IMG_0971\" width=\"209\" height=\"157\" srcset=\"https:\/\/www.nord-vest.ro\/wp-content\/uploads\/2017\/04\/IMG_0971-300x225.jpg 300w, https:\/\/www.nord-vest.ro\/wp-content\/uploads\/2017\/04\/IMG_0971-1024x768.jpg 1024w, https:\/\/www.nord-vest.ro\/wp-content\/uploads\/2017\/04\/IMG_0971-400x300.jpg 400w, https:\/\/www.nord-vest.ro\/wp-content\/uploads\/2017\/04\/IMG_0971-533x400.jpg 533w, https:\/\/www.nord-vest.ro\/wp-content\/uploads\/2017\/04\/IMG_0971-1008x756.jpg 1008w, https:\/\/www.nord-vest.ro\/wp-content\/uploads\/2017\/04\/IMG_0971-16x12.jpg 16w, https:\/\/www.nord-vest.ro\/wp-content\/uploads\/2017\/04\/IMG_0971-624x468.jpg 624w, https:\/\/www.nord-vest.ro\/wp-content\/uploads\/2017\/04\/IMG_0971-372x279.jpg 372w, https:\/\/www.nord-vest.ro\/wp-content\/uploads\/2017\/04\/IMG_0971-64x48.jpg 64w, https:\/\/www.nord-vest.ro\/wp-content\/uploads\/2017\/04\/IMG_0971-93x70.jpg 93w\" sizes=\"auto, (max-width: 209px) 100vw, 209px\" \/><\/a>acestea\u00a0fiind analizate, dezb\u0103tute, votate \u015fi ierarhizate la finalul evenimentului de c\u0103tre participan\u0163i \u00eempreun\u0103 cu exper\u0163ii externi. Baza de date astfel constituit\u0103 va reprezenta punctul de plecare \u00een selectarea acelor bune practici care vor reprezenta obiectul vizitei de studiu din Regiunea Nord-Vest, care va avea loc din luna iunie a acestui an, unde membrii CRR vor avea ocazia s\u0103 cunoasc\u0103 speciali\u015ftii din domeniu din regiunile partenere.<\/p>\n<p>Proiectul TRAM este finan\u0163at prin programul de cooperare interregional\u0103 Interreg Europe 2014-2020, domeniul \u201cEconomie cu emisii sc\u0103zute de carbon\u201d \u015fi are un buget total de 1.264.078 euro din care 1.074.466 euro finan\u0163are nerambursabil\u0103 din Fondul European de Dezvoltare Regional\u0103. Bugetul total aferent ADR Nord-Vest este de 122.390 euro.<\/p>\n<p>Al\u0103turi de ADR Nord-Vest, proiectul reune\u0219te al\u021bi 4 parteneri din Uniunea European\u0103, precum Guvernul Regiunii Andalucia din Spania, Regiunea Blekinge din Suedia, Municipiul Miskolc din Ungaria \u0219i Regiunea Marche din Italia, aceasta din urm\u0103 fiind \u0219i coordonatorul consor\u021biului.<\/p>\n<p>Mai multe detalii despre proiectul TRAM pute\u0163i g\u0103si la <a href=\"http:\/\/www.interregeurope.eu\/tram\/\" target=\"_blank\" rel=\"noopener\">http:\/\/www.interregeurope.eu\/tram\/<\/a><\/p>\n<p>&nbsp;<\/p>\n<p><em>Article developed by:<\/em><\/p>\n<p><em>Gergely T\u00d6R\u00d6K<\/em><\/p>\n<p><em>Cristina DAVID<\/em><\/p>","protected":false},"excerpt":{"rendered":"<p>\u00cen data de 27 aprilie 2017 ADR Nord-Vest a organizat cea de-a doua \u00eent\u00e2lnire a Comitetului Consultativ Regional (CRR) \u00een cadrul proiectului TRAM \u2013 \u201cPlanuri de Ac\u021biune pentru mobilitatea urban\u0103 sustenabil\u0103\u201d. La eveniment au participat membrii CRR, reprezentan\u021bi ai administra\u021biilor publice locale, ai universit\u0103\u021bilor, ai companiilor de transport public, ai Poli\u021biei rutiere precum \u0219i reprezentan\u021bi&#8230;<\/p>","protected":false},"author":1,"featured_media":0,"comment_status":"closed","ping_status":"closed","sticky":false,"template":"","format":"standard","meta":{"footnotes":"","beyondwords_generate_audio":"","beyondwords_project_id":"","beyondwords_content_id":"","beyondwords_preview_token":"","beyondwords_player_style":"","beyondwords_language_id":"","beyondwords_title_voice_id":"","beyondwords_body_voice_id":"","beyondwords_summary_voice_id":"","beyondwords_error_message":"","beyondwords_disabled":"","beyondwords_delete_content":"","beyondwords_podcast_id":"","beyondwords_hash":"","publish_post_to_speechkit":"","speechkit_hash":"","speechkit_generate_audio":"","speechkit_project_id":"","speechkit_podcast_id":"","speechkit_error_message":"","speechkit_disabled":"","speechkit_access_key":"","speechkit_error":"","speechkit_info":"","speechkit_response":"","speechkit_retries":"","speechkit_status":"","speechkit_updated_at":"","_speechkit_link":"","_speechkit_text":""},"categories":[249],"tags":[],"class_list":["post-22356","post","type-post","status-publish","format-standard","hentry","category-noutati-2"],"publishpress_future_action":{"enabled":false,"date":"2026-05-07 11:03:20","action":"change-status","newStatus":"draft","terms":[],"taxonomy":"category"},"publishpress_future_workflow_manual_trigger":{"enabledWorkflows":[]},"_links":{"self":[{"href":"https:\/\/www.nord-vest.ro\/en\/wp-json\/wp\/v2\/posts\/22356","targetHints":{"allow":["GET"]}}],"collection":[{"href":"https:\/\/www.nord-vest.ro\/en\/wp-json\/wp\/v2\/posts"}],"about":[{"href":"https:\/\/www.nord-vest.ro\/en\/wp-json\/wp\/v2\/types\/post"}],"author":[{"embeddable":true,"href":"https:\/\/www.nord-vest.ro\/en\/wp-json\/wp\/v2\/users\/1"}],"replies":[{"embeddable":true,"href":"https:\/\/www.nord-vest.ro\/en\/wp-json\/wp\/v2\/comments?post=22356"}],"version-history":[{"count":0,"href":"https:\/\/www.nord-vest.ro\/en\/wp-json\/wp\/v2\/posts\/22356\/revisions"}],"wp:attachment":[{"href":"https:\/\/www.nord-vest.ro\/en\/wp-json\/wp\/v2\/media?parent=22356"}],"wp:term":[{"taxonomy":"category","embeddable":true,"href":"https:\/\/www.nord-vest.ro\/en\/wp-json\/wp\/v2\/categories?post=22356"},{"taxonomy":"post_tag","embeddable":true,"href":"https:\/\/www.nord-vest.ro\/en\/wp-json\/wp\/v2\/tags?post=22356"}],"curies":[{"name":"wp","href":"https:\/\/api.w.org\/{rel}","templated":true}]}}