{"id":22221,"date":"2017-01-09T00:00:00","date_gmt":"2017-01-08T22:00:00","guid":{"rendered":"https:\/\/www.nord-vest.ro\/situatia-proiectelor-depuse-in-cadrul-por-2014-2020-pana-la-data-de-30-12-2016-3\/"},"modified":"2017-01-09T00:00:00","modified_gmt":"2017-01-08T22:00:00","slug":"situatia-proiectelor-depuse-in-cadrul-por-2014-2020-pana-la-data-de-30-12-2016-3","status":"publish","type":"post","link":"https:\/\/www.nord-vest.ro\/en\/situatia-proiectelor-depuse-in-cadrul-por-2014-2020-pana-la-data-de-30-12-2016-3\/","title":{"rendered":"The status of projects submitted under the 2014-2020 ROP up to 30.12.2016"},"content":{"rendered":"<p>The status of the projects submitted under the 2014-2020 ROP and the degree of coverage of the available financial allocation, until 30.12.2016.<\/p>\n<p><a href=\"http:\/\/www.nord-vest.ro\/wp-content\/uploads\/2017\/01\/7.Decembrie_CF_depuse_POR14-20.xls-2.pdf\">\u00a0<\/a><a href=\"http:\/\/www.nord-vest.ro\/wp-content\/uploads\/2017\/01\/7.Decembrie_CF_depuse_POR14-20.xls.pdf\">The status of submitted projects <\/a><\/p>\n<p>&nbsp;<\/p>\n<p>&nbsp;<\/p>","protected":false},"excerpt":{"rendered":"<p>Situa\u021bia proiectelor depuse \u00een cadrul POR 2014-2020 \u0219i gradul de acoperire a aloc\u0103rii financiare disponibile, p\u00e2n\u0103 la data de 30.12.2016. \u00a0Situa\u0163ia proiectelor depuse &nbsp; &nbsp;<\/p>","protected":false},"author":1,"featured_media":0,"comment_status":"closed","ping_status":"closed","sticky":false,"template":"","format":"standard","meta":{"footnotes":"","beyondwords_generate_audio":"","beyondwords_project_id":"","beyondwords_content_id":"","beyondwords_preview_token":"","beyondwords_player_style":"","beyondwords_language_id":"","beyondwords_title_voice_id":"","beyondwords_body_voice_id":"","beyondwords_summary_voice_id":"","beyondwords_error_message":"","beyondwords_disabled":"","beyondwords_delete_content":"","beyondwords_podcast_id":"","beyondwords_hash":"","publish_post_to_speechkit":"","speechkit_hash":"","speechkit_generate_audio":"","speechkit_project_id":"","speechkit_podcast_id":"","speechkit_error_message":"","speechkit_disabled":"","speechkit_access_key":"","speechkit_error":"","speechkit_info":"","speechkit_response":"","speechkit_retries":"","speechkit_status":"","speechkit_updated_at":"","_speechkit_link":"","_speechkit_text":""},"categories":[264],"tags":[],"class_list":["post-22221","post","type-post","status-publish","format-standard","hentry","category-noutatievenimente-adr-nord-vest"],"publishpress_future_action":{"enabled":false,"date":"2026-05-04 06:40:30","action":"change-status","newStatus":"draft","terms":[],"taxonomy":"category"},"publishpress_future_workflow_manual_trigger":{"enabledWorkflows":[]},"_links":{"self":[{"href":"https:\/\/www.nord-vest.ro\/en\/wp-json\/wp\/v2\/posts\/22221","targetHints":{"allow":["GET"]}}],"collection":[{"href":"https:\/\/www.nord-vest.ro\/en\/wp-json\/wp\/v2\/posts"}],"about":[{"href":"https:\/\/www.nord-vest.ro\/en\/wp-json\/wp\/v2\/types\/post"}],"author":[{"embeddable":true,"href":"https:\/\/www.nord-vest.ro\/en\/wp-json\/wp\/v2\/users\/1"}],"replies":[{"embeddable":true,"href":"https:\/\/www.nord-vest.ro\/en\/wp-json\/wp\/v2\/comments?post=22221"}],"version-history":[{"count":0,"href":"https:\/\/www.nord-vest.ro\/en\/wp-json\/wp\/v2\/posts\/22221\/revisions"}],"wp:attachment":[{"href":"https:\/\/www.nord-vest.ro\/en\/wp-json\/wp\/v2\/media?parent=22221"}],"wp:term":[{"taxonomy":"category","embeddable":true,"href":"https:\/\/www.nord-vest.ro\/en\/wp-json\/wp\/v2\/categories?post=22221"},{"taxonomy":"post_tag","embeddable":true,"href":"https:\/\/www.nord-vest.ro\/en\/wp-json\/wp\/v2\/tags?post=22221"}],"curies":[{"name":"wp","href":"https:\/\/api.w.org\/{rel}","templated":true}]}}