{"id":1833,"date":"2016-06-14T11:41:16","date_gmt":"2016-06-14T08:41:16","guid":{"rendered":"http:\/\/www.nord-vest.ro\/?p=1833"},"modified":"2021-11-09T10:13:48","modified_gmt":"2021-11-09T08:13:48","slug":"proiect-sme-organics","status":"publish","type":"post","link":"https:\/\/www.nord-vest.ro\/en\/proiect-sme-organics\/","title":{"rendered":"Proiect SME ORGANICS"},"content":{"rendered":"<p><strong>SME ORGANICS<a ref=\"magnificPopup\" href=\"http:\/\/www.nord-vest.ro\/wp-content\/uploads\/2016\/06\/Logo-SME.jpg\"><img loading=\"lazy\" decoding=\"async\" class=\"wp-image-10514 alignright\" src=\"http:\/\/www.nord-vest.ro\/wp-content\/uploads\/2016\/06\/Logo-SME.jpg\" alt=\"\" width=\"329\" height=\"113\" srcset=\"https:\/\/www.nord-vest.ro\/wp-content\/uploads\/2016\/06\/Logo-SME.jpg 494w, https:\/\/www.nord-vest.ro\/wp-content\/uploads\/2016\/06\/Logo-SME-300x103.jpg 300w, https:\/\/www.nord-vest.ro\/wp-content\/uploads\/2016\/06\/Logo-SME-400x138.jpg 400w, https:\/\/www.nord-vest.ro\/wp-content\/uploads\/2016\/06\/Logo-SME-18x6.jpg 18w, https:\/\/www.nord-vest.ro\/wp-content\/uploads\/2016\/06\/Logo-SME-372x128.jpg 372w, https:\/\/www.nord-vest.ro\/wp-content\/uploads\/2016\/06\/Logo-SME-370x127.jpg 370w, https:\/\/www.nord-vest.ro\/wp-content\/uploads\/2016\/06\/Logo-SME-203x70.jpg 203w\" sizes=\"auto, (max-width: 329px) 100vw, 329px\" \/><\/a> <\/strong><\/p>\n<p><strong>Cre\u015fterea competitivit\u0103\u0163ii \u0219i sustenabilit\u0103\u021bii IMMurilor din sectorul ecologic<\/strong><\/p>\n<p>\u2013 Enhancing SME competitiveness and sustainability in the organic sector \u2013<\/p>\n<p>&nbsp;<a href=\"http:\/\/www.interregeurope.eu\/smeorganics\/\" target=\"_blank\" rel=\"noopener\">http:\/\/www.interregeurope.eu\/smeorganics\/<\/a><\/p>\n<p>Agen\u0163ia de Dezvoltare Regional\u0103 Nord-Vest implementeaz\u0103 \u00een perioada aprlie 2016 \u2013 martie 2020, proiectul SME ORGANICS, finan\u0163at prin programul de cooperare interregional\u0103 Interreg Europe 2014-2020, componenta \u201e\u00cembun\u0103t\u0103\u0163irea politicilor pentru cre\u015fterea competitivit\u0103\u0163ii IMMurilor\u201d.<\/p>\n<p>Obiectivul general al proiectului SME ORGANICS este \u00eembun\u0103t\u0103\u0163irea politicilor suport pentru \u00eentreprinderi\/ IMMuri pe lan\u0163ul de valoare al produselor certificate ecologic, prin elaborarea \u015fi apoi monitorizarea unor&nbsp;<strong>Planuri de Ac\u0163iune Regionale (Organic Action Plans)<\/strong>&nbsp;pentru fiecare dintre regiunile partenere. Este utilizat\u0103 \u00een acest scop metodologia de elaborare a unor analize-diagnoz\u0103, dezvoltate prin implicarea organiza\u0163iilor active \u00een sectorul ecologic \/organic din aceste regiuni (prin constituirea unui&nbsp;<strong>Comitet Regional de Reprezentan\u021bi),<\/strong>&nbsp;prin aportul organiza\u021biilor partenere \u00een proiect \u015fi prin schimbul de bune practici \u00eentre ini\u0163iative, m\u0103suri \u015fi strategii ale regiunilor membre \u00een consor\u0163iu.<\/p>\n<p>Consor\u021biul european este alc\u0103tuit din ministere de resort, agen\u021bii de dezvoltare, camere de comert, asocia\u021bii de profil, universit\u0103\u021bi \u0219i institute de cercetare din 7 \u021b\u0103ri, astfel:<\/p>\n<ul>\n<li>Institutul pentru Tehnologii \u0219i Infrastucturi Agricole INTIA al Regiunii Navarra din Spania (coordonator)<\/li>\n<li>Government of the Navarra Region through the Department of Rural Development, Environment and Public Administration<\/li>\n<li>Federa\u021bia Interna\u0163ional\u0103 pentru Agricultur\u0103 Ecologic\u0103 IFOAM-EU din Belgia (partener suport)<\/li>\n<li>Institutul de Cercetare pentru Agricultur\u0103 Ecologic\u0103 \u2013 FiBL din Elve\u021bia<\/li>\n<li>Institutul Mediteranean de Agronomie CIHEAM IAMB din Italia<\/li>\n<li>Asocia\u0163ia INTERBIO a Regiunii Aquitaine Limousin Poitou-Charentes din Fran\u0163a<\/li>\n<li>Guvernul Regiunii Puglia din Italia<\/li>\n<li>Agen\u0163ia de Dezvoltare Regional\u0103 Nord-Vest din Rom\u00e2nia<\/li>\n<li>Agen\u021bia de Dezvoltare a Regiunii Lodzkie din Polonia<\/li>\n<li>Universitatea de \u015etiinte Aplicate Seinajoki din Finlanda<\/li>\n<li>Uniunea Camerelor de Comer\u0163 \u015fi Industrie din Regiunea Lombardia din Italia.<\/li>\n<\/ul>\n<p>Proiectul dispune de un buget total de 2.289.834 euro din care 1.895.914 euro&nbsp;finan\u0163are nerambursabil\u0103 din Fondul European de Dezvoltare Regional\u0103, bugetul aferent ADR Nord-Vest fiind de 92.951 euro.<\/p>\n\n\n<ul class=\"wp-block-gallery columns-2 is-cropped wp-block-gallery-1 is-layout-flex wp-block-gallery-is-layout-flex\"><li class=\"blocks-gallery-item\"><figure><img loading=\"lazy\" decoding=\"async\" width=\"433\" height=\"924\" src=\"http:\/\/www.nord-vest.ro\/wp-content\/uploads\/2019\/06\/1.png\" alt=\"\" data-id=\"10516\" data-link=\"http:\/\/www.nord-vest.ro\/proiect-sme-organics\/1-10\/\" class=\"wp-image-10516\" srcset=\"https:\/\/www.nord-vest.ro\/wp-content\/uploads\/2019\/06\/1.png 433w, https:\/\/www.nord-vest.ro\/wp-content\/uploads\/2019\/06\/1-141x300.png 141w, https:\/\/www.nord-vest.ro\/wp-content\/uploads\/2019\/06\/1-187x400.png 187w, https:\/\/www.nord-vest.ro\/wp-content\/uploads\/2019\/06\/1-6x12.png 6w, https:\/\/www.nord-vest.ro\/wp-content\/uploads\/2019\/06\/1-292x624.png 292w, https:\/\/www.nord-vest.ro\/wp-content\/uploads\/2019\/06\/1-131x279.png 131w, https:\/\/www.nord-vest.ro\/wp-content\/uploads\/2019\/06\/1-105x225.png 105w, https:\/\/www.nord-vest.ro\/wp-content\/uploads\/2019\/06\/1-33x70.png 33w\" sizes=\"auto, (max-width: 433px) 100vw, 433px\" \/><\/figure><\/li><li class=\"blocks-gallery-item\"><figure><img loading=\"lazy\" decoding=\"async\" width=\"483\" height=\"1024\" src=\"http:\/\/www.nord-vest.ro\/wp-content\/uploads\/2019\/06\/2-483x1024.jpg\" alt=\"\" data-id=\"10517\" data-link=\"http:\/\/www.nord-vest.ro\/proiect-sme-organics\/2-8\/\" class=\"wp-image-10517\" srcset=\"https:\/\/www.nord-vest.ro\/wp-content\/uploads\/2019\/06\/2-483x1024.jpg 483w, https:\/\/www.nord-vest.ro\/wp-content\/uploads\/2019\/06\/2-141x300.jpg 141w, https:\/\/www.nord-vest.ro\/wp-content\/uploads\/2019\/06\/2-189x400.jpg 189w, https:\/\/www.nord-vest.ro\/wp-content\/uploads\/2019\/06\/2-6x12.jpg 6w, https:\/\/www.nord-vest.ro\/wp-content\/uploads\/2019\/06\/2-294x624.jpg 294w, https:\/\/www.nord-vest.ro\/wp-content\/uploads\/2019\/06\/2-131x279.jpg 131w, https:\/\/www.nord-vest.ro\/wp-content\/uploads\/2019\/06\/2-106x225.jpg 106w, https:\/\/www.nord-vest.ro\/wp-content\/uploads\/2019\/06\/2-33x70.jpg 33w, https:\/\/www.nord-vest.ro\/wp-content\/uploads\/2019\/06\/2.jpg 706w\" sizes=\"auto, (max-width: 483px) 100vw, 483px\" \/><\/figure><\/li><\/ul>\n\n\n\n<ul class=\"wp-block-list\"><li><strong>COMITETUL REGIONAL DE REPREZENTANTI <\/strong><strong>\u2013 For\nRegional pentru Sectorul Ecologic<\/strong><\/li><\/ul>\n\n\n\n<p>La nivelul Regiunii de Dezvoltare\nNord-Vest, comitetul este constituit din reprezentan\u021bi ai 35 organiza\u021bii, pe\nlan\u021bul de valoare al sectorului ecologic: MADR, AFIR, APIA, direc\u0163ii agricole\njude\u0163ene, consilii jude\u021bene, organisme de inspec\u021bie \u0219i certificare ecologic\u0103, GALuri \u0219i FNGAL, universit\u0103\u0163i,\ninstitute de cercetare, clustere \u015fi asocia\u0163ii\ncare activeaz\u0103 \u00een industria alimentar\u0103\n(Cluster AgroTransilvania, Cluster Gusturi Transilvane, FNAE, BIOTERRA, Slow Food Transilvania), firme de IT care\nsus\u0163in comercializarea on-line de produse ecologice, produc\u0103tori, procesatori \u015fi comercian\u021bi de produse\necologice.&nbsp; <\/p>\n\n\n\n<p>Pe perioada implement\u0103rii proiectului au\nloc \u00eent\u00e2lniri semestriale \u00een cadrul c\u0103rora sunt \u00eemp\u0103rt\u0103\u0219ite interac\u021biunile\ndirecte cu bunele practici ale regiunilor partenere, sunt&nbsp; analizate \u0219i dezb\u0103tute punctele tari,\npunctele slabe, oportunit\u0103\u021bile \u0219i amenin\u021b\u0103rile specifice sectorului ecologic \u0219i\nsunt \u00eenaintate propuneri de ac\u021biuni \u0219i m\u0103suri care s\u0103 contribuie la dezvoltarea\nacestuia \u00een ansamblu \u0219i specific pe componentele urm\u0103rite \u00een proiect:<\/p>\n\n\n\n<ul class=\"wp-block-list\"><li>Produc\u021bie\n\u0219i procesare<\/li><li>Instruire\n\u0219i consultan\u021b\u0103 tehnic\u0103<\/li><li>Marketing\n\u0219i comercializare<\/li><li>Guvernan\u021b\u0103\n\u0219i \u00eembun\u0103t\u0103\u021birea lan\u021bului de valoare &nbsp;&nbsp;&nbsp;<\/li><\/ul>\n\n\n\n<ul class=\"wp-block-list\"><li><strong>SCHIMB DE BUNE PRACTICI \u00ceN SECTORUL ECOLOGIC<\/strong><\/li><\/ul>\n\n\n\n<p>\u0218apte\nvizite de studiu au fost organizate \u00een cadrul proiectului, fiecare regiune\npartener\u0103 eviden\u021biind exemplele de succes care au avut un impact pozitiv asupra\nsectorului, fie ca sunt m\u0103suri publice sau ini\u021biative private, inedite. <\/p>\n\n\n\n<p>Peste\n40 de Fi\u0219e de bune practici au fost sintetizate \u0219i sunt disponibile pentru\nconsultare \u0219i inspira\u021bie, pe website-ul proiectului SME Organics:<\/p>\n\n\n\n<p><a href=\"https:\/\/www.interregeurope.eu\/smeorganics\/good-practices\/\" target=\"_blank\" rel=\"noopener\">https:\/\/www.interregeurope.eu\/smeorganics\/good-practices\/<\/a><\/p>\n\n\n\n<p>Membrii\nComitetului Regional de Reprezentan\u021bi au participat la aceste vizite \u0219i au interac\u021bionat\ndirect cu exemplele de succes, cre\u00e2nd premisele adopt\u0103rii \u0219i adapt\u0103rii celor\ncare ar avea impact \u00een teritoriu. <\/p>\n\n\n\n<ul class=\"wp-block-list\"><li><strong>Spania \u0219i Elve\u021bia<\/strong>: <a href=\"https:\/\/www.nord-vest.ro\/en\/regiunea-nord-vest-beneficiaza-de-bune-practici-europene-in-sectorul-ecologic-proiect-sme-organics\/\">https:\/\/www.nord-vest.ro\/regiunea-nord-vest-beneficiaza-de-bune-practici-europene-in-sectorul-ecologic-proiect-sme-organics\/<\/a><\/li><li><a href=\"http:\/\/www.nord-vest.ro\/en\/sectorul-bio-ecologic-sub-lupa-in-regiunea-nord-vest\/\">http:\/\/www.nord-vest.ro\/sectorul-bio-ecologic-sub-lupa-in-regiunea-nord-vest\/<\/a><\/li><li><strong>Italy<\/strong>: <a href=\"http:\/\/www.nord-vest.ro\/en\/bune-practici-in-agricultura-ecologica-in-sprijinul-elaborarii-planului-regional-de-actiune\/\">http:\/\/www.nord-vest.ro\/bune-practici-in-agricultura-ecologica-in-sprijinul-elaborarii-planului-regional-de-actiune\/<\/a><\/li><li><strong>Rom\u00e2nia, Regiunea Nord-Vest<\/strong>: <a href=\"http:\/\/www.nord-vest.ro\/en\/vizita-de-bune-practici-in-sectorul-agro-alimentar-ecologic\/\">http:\/\/www.nord-vest.ro\/vizita-de-bune-practici-in-sectorul-agro-alimentar-ecologic<\/a><\/li><li><strong>Fran\u021ba \u0219i Finlanda<\/strong>: <a href=\"http:\/\/www.nord-vest.ro\/en\/sme-organics-bilantul-unui-proiect-european-de-succes\/\">http:\/\/www.nord-vest.ro\/sme-organics-bilantul-unui-proiect-european-de-succes\/<\/a><\/li><li><strong>Polonia:<\/strong> <a href=\"http:\/\/www.nord-vest.ro\/wp-content\/uploads\/2016\/06\/1.Prezentare-Vizita-de-bune-practici_Lodz_Polonia-27-28-febr-2018_ADRNV.pdf\">Prezentare a vizitei de bune practici &#8211; Lodz, 27-28 Feb 2018<\/a><\/li><li><strong>Bruxelles: <\/strong><a href=\"http:\/\/www.nord-vest.ro\/wp-content\/uploads\/2016\/06\/2.SME-ORGANICS-Lessons-Learnt-Presentation-PHASE-1.pdf\">Conferin\u021ba final\u0103 de diseminare a rezultatelor proiectului, la finalizarea primei etapei de implementare 2016-2018 <\/a><\/li><\/ul>\n\n\n\n<p>Evenimentele sunt disponibile cu referin\u021be\n\u0219i \u00een limba englez\u0103 pe website-ul proiectului: <a href=\"https:\/\/www.interregeurope.eu\/smeorganics\/events\/\" target=\"_blank\" rel=\"noopener\">https:\/\/www.interregeurope.eu\/smeorganics\/events\/<\/a> <\/p>\n\n\n\n<ul class=\"wp-block-list\"><li><strong>PLAN REGIONAL DE\nAC\u021aIUNE \u00ceN SECTORUL ECOLOGIC \/ <\/strong>Regional Action Plan for the Organic Sector \u00een the\nNorth-West Region of Romania <\/li><\/ul>\n\n\n\n<p>Primul&nbsp;<strong>Plan de Ac\u0163iune European pentru\nAgricultura Ecologic\u0103 (Organic Action Plan)<\/strong>&nbsp;a fost publicat de Directoratul General pentru Agricultur\u0103\n\u015fi Dezvoltare Rural\u0103 \u00een anul 2004, iar cel de-al doilea a fost adoptat de\nComisia European\u0103 \u00een 2014. \u00cen Europa, \u00een anul 2016, 12 state \u015fi 5 regiuni din\nalte 5 \u0163\u0103ri aveau deja un Plan Na\u0163ional\/ Regional \u00een Sectorul Ecologic, care\nintegra m\u0103suri dedicate agriculturii ecologice cu politica industrial\u0103 de\nsus\u021binere a competitivit\u0103\u0163ii IMMurilor. Dup\u0103 2 ani de implementare a proiectului\nSME Organics, alte opt regiuni din \u0219apte state europene au un astfel de\ndocument strategic propriu, care con\u021bine cele mai oportune m\u0103suri \u0219i ac\u021biuni cu\nimpact asupra dezvolt\u0103rii sectorului ecologic. <\/p>\n\n\n\n<p><strong>Planul Regional de Ac\u021biune pentru sectorul ecologic<\/strong> este primul document strategic \u00een Rom\u00e2nia dedicat agriculturii ecologice pe lan\u021bul de valoare, care eviden\u021biaz\u0103 ariile prioritare necesare a fi \u00eembun\u0103t\u0103\u021bite, precum \u0219i m\u0103surile \u0219i ac\u021biunile recomandate a fi derulate \u00een urm\u0103torii 2 &#8211; 4 ani \u00een acest scop. Sunt eviden\u021biate de asemenea poten\u021bialele surse de finan\u021bare precum \u0219i organiza\u021biile cele mai potrivite s\u0103 deruleze ac\u021biunile, pentru a asigura o planificare realist\u0103 \u00een vederea implement\u0103rii ac\u021biunilor propuse. <\/p>\n\n\n\n<p style=\"text-align:left\"><strong><a href=\"http:\/\/www.nord-vest.ro\/wp-content\/uploads\/2016\/06\/3.Plan-de-Actiune-Sectorul-Ecologic_NV-Romania_ADRNV.pdf\">Versiunea \u00een limba rom\u00e2n\u0103 <\/a><\/strong>                     <strong><a href=\"http:\/\/www.nord-vest.ro\/wp-content\/uploads\/2016\/06\/4.NW-Romania-ORGANIC-ACTION-PLAN_NWRDA.pdf\">Versiunea \u00een limba englez\u0103<\/a><\/strong><\/p>\n\n\n\n<ul class=\"wp-block-gallery columns-2 is-cropped wp-block-gallery-2 is-layout-flex wp-block-gallery-is-layout-flex\"><li class=\"blocks-gallery-item\"><figure><img loading=\"lazy\" decoding=\"async\" width=\"476\" height=\"680\" src=\"http:\/\/www.nord-vest.ro\/wp-content\/uploads\/2019\/06\/3-2.png\" alt=\"\" data-id=\"10535\" data-link=\"http:\/\/www.nord-vest.ro\/proiect-sme-organics\/3-2-3\/\" class=\"wp-image-10535\" srcset=\"https:\/\/www.nord-vest.ro\/wp-content\/uploads\/2019\/06\/3-2.png 476w, https:\/\/www.nord-vest.ro\/wp-content\/uploads\/2019\/06\/3-2-210x300.png 210w, https:\/\/www.nord-vest.ro\/wp-content\/uploads\/2019\/06\/3-2-280x400.png 280w, https:\/\/www.nord-vest.ro\/wp-content\/uploads\/2019\/06\/3-2-8x12.png 8w, https:\/\/www.nord-vest.ro\/wp-content\/uploads\/2019\/06\/3-2-437x624.png 437w, https:\/\/www.nord-vest.ro\/wp-content\/uploads\/2019\/06\/3-2-195x279.png 195w, https:\/\/www.nord-vest.ro\/wp-content\/uploads\/2019\/06\/3-2-158x225.png 158w, https:\/\/www.nord-vest.ro\/wp-content\/uploads\/2019\/06\/3-2-49x70.png 49w\" sizes=\"auto, (max-width: 476px) 100vw, 476px\" \/><\/figure><\/li><li class=\"blocks-gallery-item\"><figure><img loading=\"lazy\" decoding=\"async\" width=\"476\" height=\"680\" src=\"http:\/\/www.nord-vest.ro\/wp-content\/uploads\/2019\/06\/4-2.png\" alt=\"\" data-id=\"10536\" data-link=\"http:\/\/www.nord-vest.ro\/proiect-sme-organics\/4-2-3\/\" class=\"wp-image-10536\" srcset=\"https:\/\/www.nord-vest.ro\/wp-content\/uploads\/2019\/06\/4-2.png 476w, https:\/\/www.nord-vest.ro\/wp-content\/uploads\/2019\/06\/4-2-210x300.png 210w, https:\/\/www.nord-vest.ro\/wp-content\/uploads\/2019\/06\/4-2-280x400.png 280w, https:\/\/www.nord-vest.ro\/wp-content\/uploads\/2019\/06\/4-2-8x12.png 8w, https:\/\/www.nord-vest.ro\/wp-content\/uploads\/2019\/06\/4-2-437x624.png 437w, https:\/\/www.nord-vest.ro\/wp-content\/uploads\/2019\/06\/4-2-195x279.png 195w, https:\/\/www.nord-vest.ro\/wp-content\/uploads\/2019\/06\/4-2-158x225.png 158w, https:\/\/www.nord-vest.ro\/wp-content\/uploads\/2019\/06\/4-2-49x70.png 49w\" sizes=\"auto, (max-width: 476px) 100vw, 476px\" \/><\/figure><\/li><\/ul>\n\n\n\n<p>La baza elabor\u0103rii planului de ac\u021biune a\nstat ghidul metodologic coordonat de IFOAM-EU \u0219i FiBL, consult\u0103rile \u0219i\n\u00eent\u00e2lnirile din cadrul Grupului Regional de Reprezentan\u021bi, exemplele de succes\ndin statele partenere \u0219i Analiza &#8211; diagnoz\u0103 realizat\u0103 \u00een cadrul proiectului.\nDiagnoza&nbsp; con\u021bine un tablou complet al\nsectorului \u0219i a tendin\u021belor sectorului ecologic, a situa\u021biei existente la\nnivelul anului 2016 \u00een Rom\u00e2nia \u0219i \u00een Regiunea Nord-Vest \u00een termeni statistici\n\u0219i institu\u021bionali, precum \u0219i a perspectivelor de dezvoltare \u0219i de finan\u021bare. <\/p>\n\n\n\n<p><strong>ANALIZA\n&#8211; DIAGNOZ\u0102<\/strong> a\nSectorului Ecologic \u00een Regiunea Nord-Vest \u00een context european \u0219i na\u021bional: <\/p>\n\n\n\n<ul class=\"wp-block-list\"><li>Partea 1 &#8211; &nbsp;<a href=\"http:\/\/www.nord-vest.ro\/wp-content\/uploads\/2016\/06\/5.SME-Organics-DIAGNOZA-Cadrul-EUROPEAN-aug2017.pdf\">Analiza sectorului ecologic la nivel european <\/a><\/li><li>Partea 2 \u2013 <a href=\"http:\/\/www.nord-vest.ro\/wp-content\/uploads\/2016\/06\/6.SME-Organics-DIAGNOZA-Cadrul-NATIONAL-august2017.pdf\">Analiza sectorului ecologic la nivel na\u021bional <\/a><\/li><li>Partea 3 \u2013 <a href=\"http:\/\/www.nord-vest.ro\/wp-content\/uploads\/2016\/06\/7.SME-Organics-DIAGNOZA-Cadrul-REGIONAL-august-2017.pdf\">Analiza sectorului ecologic la nivel regional<\/a> <\/li><li>Partea 4 &#8211; <a href=\"http:\/\/www.nord-vest.ro\/wp-content\/uploads\/2016\/06\/8.Diagnoza-SME-Organics_Anexe.pdf\">Anexe (corelate cu p\u0103r\u021bile precedente)<\/a> <\/li><\/ul>\n\n\n\n<p><strong>GHID METODOLOGIC<\/strong> pentru elaborarea, implementarea \u0219i\nevaluarea planurilor de ac\u021biune \u00een sectorul ecologic<\/p>\n\n\n\n<p>Pentru asigurarea sustenabilit\u0103\u021bii metodologiei, cu scopul de a servi drept inspira\u021bie pentru elaborarea de planuri de ac\u021biune viitoare, la nivel na\u021bional sau regional, consor\u021biul din cadrul proiectului SME Organics, sub coordonarea partenerului asociat IFOAM-EU \u0219i a institutului FiBL, a reeditat \u0219i publicat <strong>Manualul resurs\u0103 pentru elaborarea, implementarea \u0219i evaluarea planurilor de ac\u021biune \u00een sectorul ecologic.<\/strong> <\/p>\n\n\n\n<p><strong><a href=\"http:\/\/www.nord-vest.ro\/wp-content\/uploads\/2016\/06\/9.GHID-Metodologic-elaborare-PlanActiuneEcologic_2018.pdf\">GHID METODOLOGIC<\/a><\/strong><a href=\"http:\/\/www.nord-vest.ro\/wp-content\/uploads\/2016\/06\/9.GHID-Metodologic-elaborare-PlanActiuneEcologic_2018.pdf\"> pentru elaborarea, implementarea \u0219i evaluarea planurilor de ac\u021biune \u00een sectorul ecologic<\/a> <\/p>\n\n\n\n<p><strong><a href=\"http:\/\/www.nord-vest.ro\/wp-content\/uploads\/2016\/06\/10.METHOD-GUIDE-Organic-Action-Plans_2018.pdf\">ORGANIC ACTION PLANS &#8211; METHOD GUIDE<\/a><\/strong><a href=\"http:\/\/www.nord-vest.ro\/wp-content\/uploads\/2016\/06\/10.METHOD-GUIDE-Organic-Action-Plans_2018.pdf\"> for the development, implementation and evaluation<\/a> <\/p>\n\n\n\n<ul class=\"wp-block-gallery columns-2 is-cropped wp-block-gallery-3 is-layout-flex wp-block-gallery-is-layout-flex\"><li class=\"blocks-gallery-item\"><figure><img loading=\"lazy\" decoding=\"async\" width=\"620\" height=\"922\" src=\"http:\/\/www.nord-vest.ro\/wp-content\/uploads\/2019\/06\/5-1.png\" alt=\"\" data-id=\"10567\" data-link=\"http:\/\/www.nord-vest.ro\/proiect-sme-organics\/5-1-4\/\" class=\"wp-image-10567\" srcset=\"https:\/\/www.nord-vest.ro\/wp-content\/uploads\/2019\/06\/5-1.png 620w, https:\/\/www.nord-vest.ro\/wp-content\/uploads\/2019\/06\/5-1-202x300.png 202w, https:\/\/www.nord-vest.ro\/wp-content\/uploads\/2019\/06\/5-1-269x400.png 269w, https:\/\/www.nord-vest.ro\/wp-content\/uploads\/2019\/06\/5-1-8x12.png 8w, https:\/\/www.nord-vest.ro\/wp-content\/uploads\/2019\/06\/5-1-420x624.png 420w, https:\/\/www.nord-vest.ro\/wp-content\/uploads\/2019\/06\/5-1-188x279.png 188w, https:\/\/www.nord-vest.ro\/wp-content\/uploads\/2019\/06\/5-1-151x225.png 151w, https:\/\/www.nord-vest.ro\/wp-content\/uploads\/2019\/06\/5-1-47x70.png 47w\" sizes=\"auto, (max-width: 620px) 100vw, 620px\" \/><\/figure><\/li><li class=\"blocks-gallery-item\"><figure><img loading=\"lazy\" decoding=\"async\" width=\"604\" height=\"902\" src=\"http:\/\/www.nord-vest.ro\/wp-content\/uploads\/2019\/06\/6-1.png\" alt=\"\" data-id=\"10568\" data-link=\"http:\/\/www.nord-vest.ro\/proiect-sme-organics\/6-1-4\/\" class=\"wp-image-10568\" srcset=\"https:\/\/www.nord-vest.ro\/wp-content\/uploads\/2019\/06\/6-1.png 604w, https:\/\/www.nord-vest.ro\/wp-content\/uploads\/2019\/06\/6-1-201x300.png 201w, https:\/\/www.nord-vest.ro\/wp-content\/uploads\/2019\/06\/6-1-268x400.png 268w, https:\/\/www.nord-vest.ro\/wp-content\/uploads\/2019\/06\/6-1-8x12.png 8w, https:\/\/www.nord-vest.ro\/wp-content\/uploads\/2019\/06\/6-1-418x624.png 418w, https:\/\/www.nord-vest.ro\/wp-content\/uploads\/2019\/06\/6-1-187x279.png 187w, https:\/\/www.nord-vest.ro\/wp-content\/uploads\/2019\/06\/6-1-151x225.png 151w, https:\/\/www.nord-vest.ro\/wp-content\/uploads\/2019\/06\/6-1-47x70.png 47w\" sizes=\"auto, (max-width: 604px) 100vw, 604px\" \/><\/figure><\/li><\/ul>\n\n\n\n<p>\u00cen etapa a doua a proiectului, ce se\nderuleaz\u0103 \u00een perioada 2018-2020, ADR Nord-Vest \u00eentreprinde ac\u021biuni de\nmonitorizare a Planului de ac\u021biune, de diseminare \u0219i facilitare a ini\u021biativelor\nsubsumate acestuia. Implementarea Planului de Ac\u021biune va depinde \u00een egal\u0103 m\u0103sur\u0103 de\nimplicarea autorit\u0103\u021bilor publice la nivel de politici suport \u0219i programe de\nfinan\u021bare c\u00e2t \u0219i de ini\u021biativele private sau asociative, la nivel de ferme,\nfirme, asocia\u021bii \u0219i GALuri, de a depune \u0219i derula proiecte \u0219i ac\u021biuni \u00een\ndirec\u021biile propuse. Pentru succesul implement\u0103rii, este necesar\u0103 ancorarea \u00een\nsursele de finan\u021bare existente precum \u0219i \u00een viitoare aloc\u0103ri publice \u0219i parteneriate\npublic-private, pe baza nevoilor stringente semnalate. <\/p>\n\n\n\n<figure class=\"wp-block-image\"><img loading=\"lazy\" decoding=\"async\" width=\"1024\" height=\"728\" src=\"http:\/\/www.nord-vest.ro\/wp-content\/uploads\/2019\/06\/7-1024x728.jpg\" alt=\"\" class=\"wp-image-10539\" srcset=\"https:\/\/www.nord-vest.ro\/wp-content\/uploads\/2019\/06\/7-1024x728.jpg 1024w, https:\/\/www.nord-vest.ro\/wp-content\/uploads\/2019\/06\/7-300x213.jpg 300w, https:\/\/www.nord-vest.ro\/wp-content\/uploads\/2019\/06\/7-400x284.jpg 400w, https:\/\/www.nord-vest.ro\/wp-content\/uploads\/2019\/06\/7-563x400.jpg 563w, https:\/\/www.nord-vest.ro\/wp-content\/uploads\/2019\/06\/7-18x12.jpg 18w, https:\/\/www.nord-vest.ro\/wp-content\/uploads\/2019\/06\/7-624x444.jpg 624w, https:\/\/www.nord-vest.ro\/wp-content\/uploads\/2019\/06\/7-372x264.jpg 372w, https:\/\/www.nord-vest.ro\/wp-content\/uploads\/2019\/06\/7-316x225.jpg 316w, https:\/\/www.nord-vest.ro\/wp-content\/uploads\/2019\/06\/7-98x70.jpg 98w, https:\/\/www.nord-vest.ro\/wp-content\/uploads\/2019\/06\/7.jpg 1311w\" sizes=\"auto, (max-width: 1024px) 100vw, 1024px\" \/><\/figure>\n\n\n\n<p>Urm\u0103re\u0219te povestea SME Organics pe\ncanalul de youtube al proiectului:<\/p>\n\n\n\n<figure class=\"wp-block-embed-youtube wp-block-embed is-type-video is-provider-youtube wp-embed-aspect-16-9 wp-has-aspect-ratio\"><div class=\"wp-block-embed__wrapper\">\n<blockquote class=\"embedly-card\" data-card-width=\"50%\" data-card-controls=\"0\" data-card-align=\"left\" data-card-theme=\"light\"><h4><a href=\"https:\/\/www.youtube.com\/watch?v=-kT-6mk7vt8\" target=\"_blank\" rel=\"noopener\">No Title<\/a><\/h4><p>No description<\/p><\/blockquote><script async src=\"\/\/cdn.embedly.com\/widgets\/platform.js\" charset=\"UTF-8\"><\/script>\n<\/div><\/figure>\n\n\n\n<p><strong>Echipa de\nproiect: <\/strong><\/p>\n\n\n\n<p>Ioana Drago\u0219\n\u2013 manager de proiect<\/p>\n\n\n\n<p>Cristina\nDavid, Alexandra Netin \u2013 experti implementare <\/p>","protected":false},"excerpt":{"rendered":"<p>SME ORGANICS Cre\u015fterea competitivit\u0103\u0163ii \u0219i sustenabilit\u0103\u021bii IMMurilor din sectorul ecologic \u2013 Enhancing SME competitiveness and sustainability in the organic sector \u2013 &nbsp;http:\/\/www.interregeurope.eu\/smeorganics\/ Agen\u0163ia de Dezvoltare Regional\u0103 Nord-Vest implementeaz\u0103 \u00een perioada aprlie 2016 \u2013 martie 2020, proiectul SME ORGANICS, finan\u0163at prin programul de cooperare interregional\u0103 Interreg Europe 2014-2020, componenta \u201e\u00cembun\u0103t\u0103\u0163irea politicilor pentru cre\u015fterea competitivit\u0103\u0163ii IMMurilor\u201d. Obiectivul&#8230;<\/p>","protected":false},"author":1,"featured_media":11185,"comment_status":"open","ping_status":"open","sticky":false,"template":"","format":"standard","meta":{"footnotes":"","beyondwords_generate_audio":"","beyondwords_project_id":"","beyondwords_content_id":"","beyondwords_preview_token":"","beyondwords_player_style":"","beyondwords_language_id":"","beyondwords_title_voice_id":"","beyondwords_body_voice_id":"","beyondwords_summary_voice_id":"","beyondwords_error_message":"","beyondwords_disabled":"","beyondwords_delete_content":"","beyondwords_podcast_id":"","beyondwords_hash":"","publish_post_to_speechkit":"","speechkit_hash":"","speechkit_generate_audio":"","speechkit_project_id":"","speechkit_podcast_id":"","speechkit_error_message":"","speechkit_disabled":"","speechkit_access_key":"","speechkit_error":"","speechkit_info":"","speechkit_response":"","speechkit_retries":"","speechkit_status":"","speechkit_updated_at":"","_speechkit_link":"","_speechkit_text":""},"categories":[15,71],"tags":[],"class_list":["post-1833","post","type-post","status-publish","format-standard","has-post-thumbnail","hentry","category-proiecte","category-proiecte-finalizate"],"publishpress_future_action":{"enabled":false,"date":"2026-05-08 06:30:48","action":"change-status","newStatus":"draft","terms":[],"taxonomy":"category"},"publishpress_future_workflow_manual_trigger":{"enabledWorkflows":[]},"_links":{"self":[{"href":"https:\/\/www.nord-vest.ro\/en\/wp-json\/wp\/v2\/posts\/1833","targetHints":{"allow":["GET"]}}],"collection":[{"href":"https:\/\/www.nord-vest.ro\/en\/wp-json\/wp\/v2\/posts"}],"about":[{"href":"https:\/\/www.nord-vest.ro\/en\/wp-json\/wp\/v2\/types\/post"}],"author":[{"embeddable":true,"href":"https:\/\/www.nord-vest.ro\/en\/wp-json\/wp\/v2\/users\/1"}],"replies":[{"embeddable":true,"href":"https:\/\/www.nord-vest.ro\/en\/wp-json\/wp\/v2\/comments?post=1833"}],"version-history":[{"count":13,"href":"https:\/\/www.nord-vest.ro\/en\/wp-json\/wp\/v2\/posts\/1833\/revisions"}],"predecessor-version":[{"id":11186,"href":"https:\/\/www.nord-vest.ro\/en\/wp-json\/wp\/v2\/posts\/1833\/revisions\/11186"}],"wp:featuredmedia":[{"embeddable":true,"href":"https:\/\/www.nord-vest.ro\/en\/wp-json\/wp\/v2\/media\/11185"}],"wp:attachment":[{"href":"https:\/\/www.nord-vest.ro\/en\/wp-json\/wp\/v2\/media?parent=1833"}],"wp:term":[{"taxonomy":"category","embeddable":true,"href":"https:\/\/www.nord-vest.ro\/en\/wp-json\/wp\/v2\/categories?post=1833"},{"taxonomy":"post_tag","embeddable":true,"href":"https:\/\/www.nord-vest.ro\/en\/wp-json\/wp\/v2\/tags?post=1833"}],"curies":[{"name":"wp","href":"https:\/\/api.w.org\/{rel}","templated":true}]}}