{"id":15774,"date":"2021-10-01T14:29:16","date_gmt":"2021-10-01T11:29:16","guid":{"rendered":"https:\/\/www.nord-vest.ro\/?p=15774"},"modified":"2021-10-01T16:53:35","modified_gmt":"2021-10-01T13:53:35","slug":"adunarea-generala-a-asociatiei-agentiilor-pentru-dezvoltare-regionala-din-romania-alba-iulia-30-septembrie-2021","status":"publish","type":"post","link":"https:\/\/www.nord-vest.ro\/en\/adunarea-generala-a-asociatiei-agentiilor-pentru-dezvoltare-regionala-din-romania-alba-iulia-30-septembrie-2021\/","title":{"rendered":"Adun\u0103rea General\u0103 a Asocia\u021biei Agen\u021biilor pentru Dezvoltare Regional\u0103 din Rom\u00e2nia, Alba Iulia 30 Septembrie 2021"},"content":{"rendered":"<p>\u00cen data de 30 septembrie 2021, la Alba Iulia, \u00een prezen\u021ba reprezentan\u021bilor tuturor celor 8 Agen\u021bii pentru Dezvoltare Regional\u0103, a avut loc \u00eent\u00e2lnirea Adun\u0103rii Generale a Asocia\u021biei Agen\u021biilor pentru Dezvoltare Regional\u0103 din Rom\u00e2nia \u2013 Asocia\u021bia ROREG.<\/p>\n\n\n\n<p><br>\u00cen cadrul \u00eent\u00e2lnirii a fost aleas\u0103 noua conducere. Astfel, domnul Sorin Maxim, directorul general al ADR Vest, a fost reconfirmat \u00een func\u021bia de pre\u0219edinte, iar vicepre\u0219edin\u021bi au fost ale\u0219i domnul Vasile ASANDEI, director general al ADR Nord-Est \u0219i domnul Liviu MU\u0218AT, director general al ADR Sud Muntenia. Durata mandatului noii conduceri este de 2 ani.<\/p>\n\n\n\n<p><\/p>\n\n\n\n<figure class=\"wp-block-image size-large\"><img loading=\"lazy\" decoding=\"async\" width=\"1024\" height=\"768\" src=\"https:\/\/www.nord-vest.ro\/wp-content\/uploads\/2021\/10\/IMG_44341-1024x768.jpeg\" alt=\"\" class=\"wp-image-15777\" srcset=\"https:\/\/www.nord-vest.ro\/wp-content\/uploads\/2021\/10\/IMG_44341-1024x768.jpeg 1024w, https:\/\/www.nord-vest.ro\/wp-content\/uploads\/2021\/10\/IMG_44341-300x225.jpeg 300w, https:\/\/www.nord-vest.ro\/wp-content\/uploads\/2021\/10\/IMG_44341-1536x1152.jpeg 1536w, https:\/\/www.nord-vest.ro\/wp-content\/uploads\/2021\/10\/IMG_44341-2048x1536.jpeg 2048w, https:\/\/www.nord-vest.ro\/wp-content\/uploads\/2021\/10\/IMG_44341-400x300.jpeg 400w, https:\/\/www.nord-vest.ro\/wp-content\/uploads\/2021\/10\/IMG_44341-533x400.jpeg 533w, https:\/\/www.nord-vest.ro\/wp-content\/uploads\/2021\/10\/IMG_44341-16x12.jpeg 16w, https:\/\/www.nord-vest.ro\/wp-content\/uploads\/2021\/10\/IMG_44341-624x468.jpeg 624w, https:\/\/www.nord-vest.ro\/wp-content\/uploads\/2021\/10\/IMG_44341-372x279.jpeg 372w, https:\/\/www.nord-vest.ro\/wp-content\/uploads\/2021\/10\/IMG_44341-93x70.jpeg 93w\" sizes=\"auto, (max-width: 1024px) 100vw, 1024px\" \/><\/figure>\n\n\n\n<p><br>\u00cen ceea ce prive\u0219te planurile de viitor, Asocia\u021bia ROREG \u0219i-a propus continuarea demersurilor necesare pentru aprobarea celor 8 Programe Opera\u021bionale Regionale (POR) \u0219i organizarea unor evenimente de promovare a regiunilor. De asemenea, \u00eentre obiectivele de viitor Asocia\u021bia ROREG \u00ee\u0219i propune identificarea celor mai bune m\u0103suri de cre\u0219tere a capacit\u0103\u021bii administrative a autorit\u0103\u021bilor de management din cadrul ADR-urilor, c\u00e2t \u0219i a autorit\u0103\u021bilor publice locale, \u00een calitate de poten\u021biali beneficiari. Un alt obiectiv asumat \u00een cadrul \u0219edin\u021bei vizeaz\u0103 simplificarea \u00een managementul fondurilor europene.<\/p>\n\n\n\n<p><br>\u201ePrioritatea noastr\u0103 este coordonarea preg\u0103tirii perioadei de programare 2021-2027, \u00een care Agen\u021biile pentru Dezvoltare Regional\u0103 din Rom\u00e2nia \u00eendeplinesc func\u021bia de Autorit\u0103\u021bi de Management pentru POR \u0219i gestioneaz\u0103 simplu \u0219i eficient fondurile europene destinate dezvolt\u0103rii regionale\u201d, a punctat domnul Sorin Maxim, pre\u0219edintele Asocia\u021biei ROREG.<\/p>","protected":false},"excerpt":{"rendered":"<p>\u00cen data de 30 septembrie 2021, la Alba Iulia, \u00een prezen\u021ba reprezentan\u021bilor tuturor celor 8 Agen\u021bii pentru Dezvoltare Regional\u0103, a avut loc \u00eent\u00e2lnirea Adun\u0103rii Generale a Asocia\u021biei Agen\u021biilor pentru Dezvoltare Regional\u0103 din Rom\u00e2nia \u2013 Asocia\u021bia ROREG. \u00cen cadrul \u00eent\u00e2lnirii a fost aleas\u0103 noua conducere. Astfel, domnul Sorin Maxim, directorul general al ADR Vest, a fost&#8230;<\/p>","protected":false},"author":1,"featured_media":15695,"comment_status":"closed","ping_status":"closed","sticky":false,"template":"","format":"standard","meta":{"footnotes":"","beyondwords_generate_audio":"","beyondwords_project_id":"","beyondwords_content_id":"","beyondwords_preview_token":"","beyondwords_player_style":"","beyondwords_language_id":"","beyondwords_title_voice_id":"","beyondwords_body_voice_id":"","beyondwords_summary_voice_id":"","beyondwords_error_message":"","beyondwords_disabled":"","beyondwords_delete_content":"","beyondwords_podcast_id":"","beyondwords_hash":"","publish_post_to_speechkit":"","speechkit_hash":"","speechkit_generate_audio":"","speechkit_project_id":"","speechkit_podcast_id":"","speechkit_error_message":"","speechkit_disabled":"","speechkit_access_key":"","speechkit_error":"","speechkit_info":"","speechkit_response":"","speechkit_retries":"","speechkit_status":"","speechkit_updated_at":"","_speechkit_link":"","_speechkit_text":""},"categories":[13],"tags":[],"class_list":["post-15774","post","type-post","status-publish","format-standard","has-post-thumbnail","hentry","category-noutati"],"publishpress_future_action":{"enabled":false,"date":"2026-05-08 15:00:34","action":"change-status","newStatus":"draft","terms":[],"taxonomy":"category"},"publishpress_future_workflow_manual_trigger":{"enabledWorkflows":[]},"_links":{"self":[{"href":"https:\/\/www.nord-vest.ro\/en\/wp-json\/wp\/v2\/posts\/15774","targetHints":{"allow":["GET"]}}],"collection":[{"href":"https:\/\/www.nord-vest.ro\/en\/wp-json\/wp\/v2\/posts"}],"about":[{"href":"https:\/\/www.nord-vest.ro\/en\/wp-json\/wp\/v2\/types\/post"}],"author":[{"embeddable":true,"href":"https:\/\/www.nord-vest.ro\/en\/wp-json\/wp\/v2\/users\/1"}],"replies":[{"embeddable":true,"href":"https:\/\/www.nord-vest.ro\/en\/wp-json\/wp\/v2\/comments?post=15774"}],"version-history":[{"count":3,"href":"https:\/\/www.nord-vest.ro\/en\/wp-json\/wp\/v2\/posts\/15774\/revisions"}],"predecessor-version":[{"id":15779,"href":"https:\/\/www.nord-vest.ro\/en\/wp-json\/wp\/v2\/posts\/15774\/revisions\/15779"}],"wp:featuredmedia":[{"embeddable":true,"href":"https:\/\/www.nord-vest.ro\/en\/wp-json\/wp\/v2\/media\/15695"}],"wp:attachment":[{"href":"https:\/\/www.nord-vest.ro\/en\/wp-json\/wp\/v2\/media?parent=15774"}],"wp:term":[{"taxonomy":"category","embeddable":true,"href":"https:\/\/www.nord-vest.ro\/en\/wp-json\/wp\/v2\/categories?post=15774"},{"taxonomy":"post_tag","embeddable":true,"href":"https:\/\/www.nord-vest.ro\/en\/wp-json\/wp\/v2\/tags?post=15774"}],"curies":[{"name":"wp","href":"https:\/\/api.w.org\/{rel}","templated":true}]}}