{"id":1540,"date":"2016-05-24T15:48:33","date_gmt":"2016-05-24T12:48:33","guid":{"rendered":"http:\/\/www.nord-vest.ro\/?p=1540"},"modified":"2016-06-10T15:53:00","modified_gmt":"2016-06-10T12:53:00","slug":"eveniment-amanat-intalnire-de-lucru-privind-sistemul-mysmis-2014","status":"publish","type":"post","link":"https:\/\/www.nord-vest.ro\/en\/eveniment-amanat-intalnire-de-lucru-privind-sistemul-mysmis-2014\/","title":{"rendered":"Eveniment am\u00e2nat (\u00cent\u00e2lnire de lucru privind sistemul MySMIS 2014)"},"content":{"rendered":"<p style=\"text-align: justify;\">V\u0103 anun\u021b\u0103m cu regret c\u0103 din motive organizatorice \u0219i de lucru deosebit de importante, evenimentul privind <u><strong>,,\u00cent\u00e2lnire de lucru privind sistemul\u00a0MySMIS 2014,, programat a avea loc miercuri 25 mai, la Cluj Napoca, se am\u00e2n\u0103<\/strong><\/u> pentru o dat\u0103 care va fi stabilit\u0103 ulterior.<\/p>\n<p style=\"text-align: justify;\">V\u0103 mul\u021bumim pentru \u00een\u021belegere \u0219i ne cerem scuze pentru eventualele nepl\u0103ceri cauzate.<\/p>","protected":false},"excerpt":{"rendered":"<p>V\u0103 anun\u021b\u0103m cu regret c\u0103 din motive organizatorice \u0219i de lucru deosebit de importante, evenimentul privind ,,\u00cent\u00e2lnire de lucru privind sistemul\u00a0MySMIS 2014,, programat a avea loc miercuri 25 mai, la Cluj Napoca, se am\u00e2n\u0103 pentru o dat\u0103 care va fi stabilit\u0103 ulterior. V\u0103 mul\u021bumim pentru \u00een\u021belegere \u0219i ne cerem scuze pentru eventualele nepl\u0103ceri cauzate.<\/p>","protected":false},"author":1,"featured_media":0,"comment_status":"open","ping_status":"open","sticky":false,"template":"","format":"standard","meta":{"footnotes":"","beyondwords_generate_audio":"","beyondwords_project_id":"","beyondwords_content_id":"","beyondwords_preview_token":"","beyondwords_player_style":"","beyondwords_language_id":"","beyondwords_title_voice_id":"","beyondwords_body_voice_id":"","beyondwords_summary_voice_id":"","beyondwords_error_message":"","beyondwords_disabled":"","beyondwords_delete_content":"","beyondwords_podcast_id":"","beyondwords_hash":"","publish_post_to_speechkit":"","speechkit_hash":"","speechkit_generate_audio":"","speechkit_project_id":"","speechkit_podcast_id":"","speechkit_error_message":"","speechkit_disabled":"","speechkit_access_key":"","speechkit_error":"","speechkit_info":"","speechkit_response":"","speechkit_retries":"","speechkit_status":"","speechkit_updated_at":"","_speechkit_link":"","_speechkit_text":""},"categories":[13],"tags":[],"class_list":["post-1540","post","type-post","status-publish","format-standard","hentry","category-noutati"],"publishpress_future_action":{"enabled":false,"date":"2026-05-09 12:52:25","action":"change-status","newStatus":"draft","terms":[],"taxonomy":"category"},"publishpress_future_workflow_manual_trigger":{"enabledWorkflows":[]},"_links":{"self":[{"href":"https:\/\/www.nord-vest.ro\/en\/wp-json\/wp\/v2\/posts\/1540","targetHints":{"allow":["GET"]}}],"collection":[{"href":"https:\/\/www.nord-vest.ro\/en\/wp-json\/wp\/v2\/posts"}],"about":[{"href":"https:\/\/www.nord-vest.ro\/en\/wp-json\/wp\/v2\/types\/post"}],"author":[{"embeddable":true,"href":"https:\/\/www.nord-vest.ro\/en\/wp-json\/wp\/v2\/users\/1"}],"replies":[{"embeddable":true,"href":"https:\/\/www.nord-vest.ro\/en\/wp-json\/wp\/v2\/comments?post=1540"}],"version-history":[{"count":2,"href":"https:\/\/www.nord-vest.ro\/en\/wp-json\/wp\/v2\/posts\/1540\/revisions"}],"predecessor-version":[{"id":1542,"href":"https:\/\/www.nord-vest.ro\/en\/wp-json\/wp\/v2\/posts\/1540\/revisions\/1542"}],"wp:attachment":[{"href":"https:\/\/www.nord-vest.ro\/en\/wp-json\/wp\/v2\/media?parent=1540"}],"wp:term":[{"taxonomy":"category","embeddable":true,"href":"https:\/\/www.nord-vest.ro\/en\/wp-json\/wp\/v2\/categories?post=1540"},{"taxonomy":"post_tag","embeddable":true,"href":"https:\/\/www.nord-vest.ro\/en\/wp-json\/wp\/v2\/tags?post=1540"}],"curies":[{"name":"wp","href":"https:\/\/api.w.org\/{rel}","templated":true}]}}