{"id":1522,"date":"2016-05-25T15:26:51","date_gmt":"2016-05-25T12:26:51","guid":{"rendered":"http:\/\/www.nord-vest.ro\/?p=1522"},"modified":"2016-06-10T15:44:39","modified_gmt":"2016-06-10T12:44:39","slug":"debuteaza-proiectul-sme-organics","status":"publish","type":"post","link":"https:\/\/www.nord-vest.ro\/en\/debuteaza-proiectul-sme-organics\/","title":{"rendered":"Debuteaz\u0103 proiectul SME ORGANICS"},"content":{"rendered":"<p style=\"text-align: justify;\">ADR Nord-Vest este partner \u00een proiectul <strong>SME Organics \u2013 Cre\u015fterea competitivit\u0103\u0163ii IMMurilor active \u00een industriile ce utilizeaz\u0103 materii \u015fi produse ecologice,<\/strong> finan\u021bat din Programul European de Cooperare Teritorial\u0103 INTERREG Europe.<\/p>\n<p style=\"text-align: justify;\">Ac\u0163iunile proiectului au debutat la Bruxelles in 18-19 mai, prin \u00eent\u00e2lnirea consor\u0163iului alc\u0103tuit din: Agen\u0163ia de Dezvoltare a Regiunii Navarra din Spania (Coordonator), Institutul Interna\u0163ional pentru Agricultur\u0103 Organic\u0103 cu sediul \u00een Belgia drept partener suport (IFOAM-EU) \u015fi partenerii: Institutul Elve\u0163ian de Cercetare pentru Agricultur\u0103 Ecologic\u0103 (FiBL), Institutul Mediteranean de Agronomie din Bari (CIHEAM MAIB), Asocia\u0163ia INTERBIO a Regiunii Aquitaine Libousin Poitou-Charentes din Fran\u0163a, Guvernul Regiunii Navarra prin Departamentul de Dezvoltare Rural\u0103, Mediu \u015fi Administra\u0163ie Public\u0103 Regiunea Puglia din Italia, Regiunea Lodzkie din Polonia, ADR Nord-Vest din Rom\u00e2nia, Universitatea de \u015etiinte Aplicate din Finlanda \u015fi Uniunea Camerelor de Comer\u0163 \u015fi Industrie din Regiunea Lombardia din Italia.<\/p>\n<p style=\"text-align: justify;\">Proiectul se va desf\u0103\u0219ura \u00een perioada 1 Aprilie 2016 \u2013 31 Martie 2020 \u0219i i\u0219i propune elaborarea unor<strong> Planuri de Ac\u0163iune Regionale (Organic Action Plans)<\/strong> pentru fiecare dintre regiunile partenere, pe baza unor analize-diagnoza ce vor fi elaborate prin implicarea organiza\u021biilor active \u00een sectorul organic din aceste regiuni, prin aportul partenerilor consacra\u0163i \u00een domeniu \u015fi prin schimbul de bune practici \u00eentre initia\u021bive, m\u0103suri \u0219i strategii ale regiunilor membre \u00een consor\u021biu.<\/p>\n<p style=\"text-align: justify;\">\u00cen urm\u0103toarea perioad\u0103 ADR Nord-Vest va constitui <strong>Grupul Local de Organiza\u021bii Suport <\/strong>care va contribui la elaborarea diagnozei sectorului ecologic \u00een regiune \u0219i care va beneficia de transfer de bune practici de la regiunile partenere prin vizite de studiu \u0219i interac\u021biune direct\u0103. Primul schimb de expertiz\u0103 va avea loc in Elve\u021bia \u00een luna septembrie 2016, la Institutul Elve\u0163ian de Cercetare pentru Agricultur\u0103 Ecologic\u0103.<\/p>\n<p style=\"text-align: justify;\">Primul<strong> Plan de Actiune Organic European<\/strong> a fost publicat de Directoratul General Agricultur\u0103 \u0219i Dezvoltare Rural\u0103 \u00een anul 2004, iar cel de-al doilea a fost adoptat de Comisia European\u0103 \u00een 2014. \u00cen Europa, 12 \u021b\u0103ri \u015fi 5 regiuni din alte 5 \u021b\u0103ri au deja un Plan Na\u0163ional\/Regional Organic, care integreaz\u0103 m\u0103surile dedicate agriculturii organice\/ecologice cu politica industrial\u0103 dedicat\u0103 competitivit\u0103\u021bii IMM- urilor.<\/p>\n<p style=\"text-align: justify;\">\u00cen Rom\u00e2nia, exist\u0103 \u00een momentul de fa\u021b\u0103 la nivel de propunere<strong> Planul Na\u0163ional de Ac\u0163iune pentru Agricultura Ecologic\u0103 2016-2020<\/strong>, \u00eenc\u0103 neaprobat de Guvern. Agricultura ecologic\u0103 din Rom\u00e2nia a \u00eenregistrat \u00een ultimii ani un ritm de cre\u015ftere de 23% pe an, iar num\u0103rul operatorilor \u00een sectorul de agricultur\u0103 ecologic\u0103 a crescut de 6 ori.<\/p>","protected":false},"excerpt":{"rendered":"<p>ADR Nord-Vest este partner \u00een proiectul SME Organics \u2013 Cre\u015fterea competitivit\u0103\u0163ii IMMurilor active \u00een industriile ce utilizeaz\u0103 materii \u015fi produse ecologice, finan\u021bat din Programul European de Cooperare Teritorial\u0103 INTERREG Europe. Ac\u0163iunile proiectului au debutat la Bruxelles in 18-19 mai, prin \u00eent\u00e2lnirea consor\u0163iului alc\u0103tuit din: Agen\u0163ia de Dezvoltare a Regiunii Navarra din Spania (Coordonator), Institutul Interna\u0163ional&#8230;<\/p>","protected":false},"author":1,"featured_media":0,"comment_status":"open","ping_status":"open","sticky":false,"template":"","format":"standard","meta":{"footnotes":"","beyondwords_generate_audio":"","beyondwords_project_id":"","beyondwords_content_id":"","beyondwords_preview_token":"","beyondwords_player_style":"","beyondwords_language_id":"","beyondwords_title_voice_id":"","beyondwords_body_voice_id":"","beyondwords_summary_voice_id":"","beyondwords_error_message":"","beyondwords_disabled":"","beyondwords_delete_content":"","beyondwords_podcast_id":"","beyondwords_hash":"","publish_post_to_speechkit":"","speechkit_hash":"","speechkit_generate_audio":"","speechkit_project_id":"","speechkit_podcast_id":"","speechkit_error_message":"","speechkit_disabled":"","speechkit_access_key":"","speechkit_error":"","speechkit_info":"","speechkit_response":"","speechkit_retries":"","speechkit_status":"","speechkit_updated_at":"","_speechkit_link":"","_speechkit_text":""},"categories":[13],"tags":[],"class_list":["post-1522","post","type-post","status-publish","format-standard","hentry","category-noutati"],"publishpress_future_action":{"enabled":false,"date":"2026-05-09 11:35:58","action":"change-status","newStatus":"draft","terms":[],"taxonomy":"category"},"publishpress_future_workflow_manual_trigger":{"enabledWorkflows":[]},"_links":{"self":[{"href":"https:\/\/www.nord-vest.ro\/en\/wp-json\/wp\/v2\/posts\/1522","targetHints":{"allow":["GET"]}}],"collection":[{"href":"https:\/\/www.nord-vest.ro\/en\/wp-json\/wp\/v2\/posts"}],"about":[{"href":"https:\/\/www.nord-vest.ro\/en\/wp-json\/wp\/v2\/types\/post"}],"author":[{"embeddable":true,"href":"https:\/\/www.nord-vest.ro\/en\/wp-json\/wp\/v2\/users\/1"}],"replies":[{"embeddable":true,"href":"https:\/\/www.nord-vest.ro\/en\/wp-json\/wp\/v2\/comments?post=1522"}],"version-history":[{"count":2,"href":"https:\/\/www.nord-vest.ro\/en\/wp-json\/wp\/v2\/posts\/1522\/revisions"}],"predecessor-version":[{"id":1537,"href":"https:\/\/www.nord-vest.ro\/en\/wp-json\/wp\/v2\/posts\/1522\/revisions\/1537"}],"wp:attachment":[{"href":"https:\/\/www.nord-vest.ro\/en\/wp-json\/wp\/v2\/media?parent=1522"}],"wp:term":[{"taxonomy":"category","embeddable":true,"href":"https:\/\/www.nord-vest.ro\/en\/wp-json\/wp\/v2\/categories?post=1522"},{"taxonomy":"post_tag","embeddable":true,"href":"https:\/\/www.nord-vest.ro\/en\/wp-json\/wp\/v2\/tags?post=1522"}],"curies":[{"name":"wp","href":"https:\/\/api.w.org\/{rel}","templated":true}]}}