{"id":13623,"date":"2020-08-28T10:18:15","date_gmt":"2020-08-28T07:18:15","guid":{"rendered":"http:\/\/www.nord-vest.ro\/?p=13623"},"modified":"2020-08-28T10:18:20","modified_gmt":"2020-08-28T07:18:20","slug":"instructiunea-am-por-nr-171-2020","status":"publish","type":"post","link":"https:\/\/www.nord-vest.ro\/en\/instructiunea-am-por-nr-171-2020\/","title":{"rendered":"AM POR instruction no. 171\/2020"},"content":{"rendered":"<p>The Management Authority for the Regional Operational Program issues this Instruction:<\/p>\n\n\n\n<ol class=\"wp-block-list\"><li>Project submission period for call no. POR\/2019\/1\/1.1\/OS 1.2\/1 is extended to date<br>on September 30, 2020, 12:00 p.m. Within a maximum of 2 working days from the entry into force of the present<br>instructions the SECP staff will process in MYSMIS the changes related to the extension of the filing period<br>of projects for the said call.<\/li><li>On the occasion of the next amendment to the order of the Deputy Prime Minister, the Minister of Regional Development and<br>public administration no. 2111\/2019 will be updated, including the period for submitting projects for the call<br>no. POR\/2019\/1\/1.1\/OS 1.2\/1, extended by this instruction.<\/li><li>This instruction is communicated to the IO and is public, entering into force on the date of publication on the website<br>inforegio.ro.<\/li><\/ol>\n\n\n\n<p><a href=\"http:\/\/inforegio.ro\/images\/documente\/instructiuni-ampor\/INSTRUCTIUNE_prelungire_apel_1_2_august_de_transmis.pdf\" target=\"_blank\" rel=\"noopener\">http:\/\/inforegio.ro\/images\/documente\/instructiuni-ampor\/INSTRUCTIUNE_prelungire_apel_1_2_august_de_transmis.pdf<\/a><\/p>\n\n\n\n<figure class=\"wp-block-embed-wordpress wp-block-embed is-type-wp-embed is-provider-adr-nord-vest\"><div class=\"wp-block-embed__wrapper\">\n<blockquote class=\"embedly-card\" data-card-width=\"50%\" data-card-controls=\"0\" data-card-align=\"left\" data-card-theme=\"light\"><h4><a href=\"https:\/\/www.nord-vest.ro\/en\/instructiuni-am-por\/\">Instruc\u0163iuni AM POR<\/a><\/h4><p>This website uses cookies to improve your experience while you navigate through the website. Out of these, the cookies that are categorized as necessary are stored on your browser as they are essential for the working of basic functionalities of the website. We also use third-party cookies that help us analyze and understand how you use this website.<\/p><\/blockquote><script async src=\"\/\/cdn.embedly.com\/widgets\/platform.js\" charset=\"UTF-8\"><\/script>\n<\/div><\/figure>","protected":false},"excerpt":{"rendered":"<p>Autoritatea de Management pentru Programul Opera\u0163ional Regional emite prezenta Instruc\u0163iune: Perioada de depunere a proiectelor pentru apelul nr. POR\/2019\/1\/1.1\/OS 1.2\/1 se prelunge\u0219te p\u00e2n\u0103 la datade 30 septembrie 2020, ora 12.00. \u00cen termen de maxim 2 zile lucr\u0103toare de la intrarea \u00een vigoare a prezenteiinstruc\u021biuni personalul SECP va procesa \u00een MYSMIS modific\u0103rile legate de prelungirea perioadei&#8230;<\/p>","protected":false},"author":1,"featured_media":12691,"comment_status":"closed","ping_status":"closed","sticky":false,"template":"","format":"standard","meta":{"footnotes":"","beyondwords_generate_audio":"","beyondwords_project_id":"","beyondwords_content_id":"","beyondwords_preview_token":"","beyondwords_player_style":"","beyondwords_language_id":"","beyondwords_title_voice_id":"","beyondwords_body_voice_id":"","beyondwords_summary_voice_id":"","beyondwords_error_message":"","beyondwords_disabled":"","beyondwords_delete_content":"","beyondwords_podcast_id":"","beyondwords_hash":"","publish_post_to_speechkit":"","speechkit_hash":"","speechkit_generate_audio":"","speechkit_project_id":"","speechkit_podcast_id":"","speechkit_error_message":"","speechkit_disabled":"","speechkit_access_key":"","speechkit_error":"","speechkit_info":"","speechkit_response":"","speechkit_retries":"","speechkit_status":"","speechkit_updated_at":"","_speechkit_link":"","_speechkit_text":""},"categories":[116,13],"tags":[],"class_list":["post-13623","post","type-post","status-publish","format-standard","has-post-thumbnail","hentry","category-apeluri-regio-20142020","category-noutati"],"publishpress_future_action":{"enabled":false,"date":"2026-05-08 19:21:57","action":"change-status","newStatus":"draft","terms":[],"taxonomy":"category"},"publishpress_future_workflow_manual_trigger":{"enabledWorkflows":[]},"_links":{"self":[{"href":"https:\/\/www.nord-vest.ro\/en\/wp-json\/wp\/v2\/posts\/13623","targetHints":{"allow":["GET"]}}],"collection":[{"href":"https:\/\/www.nord-vest.ro\/en\/wp-json\/wp\/v2\/posts"}],"about":[{"href":"https:\/\/www.nord-vest.ro\/en\/wp-json\/wp\/v2\/types\/post"}],"author":[{"embeddable":true,"href":"https:\/\/www.nord-vest.ro\/en\/wp-json\/wp\/v2\/users\/1"}],"replies":[{"embeddable":true,"href":"https:\/\/www.nord-vest.ro\/en\/wp-json\/wp\/v2\/comments?post=13623"}],"version-history":[{"count":1,"href":"https:\/\/www.nord-vest.ro\/en\/wp-json\/wp\/v2\/posts\/13623\/revisions"}],"predecessor-version":[{"id":13624,"href":"https:\/\/www.nord-vest.ro\/en\/wp-json\/wp\/v2\/posts\/13623\/revisions\/13624"}],"wp:featuredmedia":[{"embeddable":true,"href":"https:\/\/www.nord-vest.ro\/en\/wp-json\/wp\/v2\/media\/12691"}],"wp:attachment":[{"href":"https:\/\/www.nord-vest.ro\/en\/wp-json\/wp\/v2\/media?parent=13623"}],"wp:term":[{"taxonomy":"category","embeddable":true,"href":"https:\/\/www.nord-vest.ro\/en\/wp-json\/wp\/v2\/categories?post=13623"},{"taxonomy":"post_tag","embeddable":true,"href":"https:\/\/www.nord-vest.ro\/en\/wp-json\/wp\/v2\/tags?post=13623"}],"curies":[{"name":"wp","href":"https:\/\/api.w.org\/{rel}","templated":true}]}}