{"id":10023,"date":"2019-04-19T15:01:41","date_gmt":"2019-04-19T12:01:41","guid":{"rendered":"http:\/\/www.nord-vest.ro\/?p=10023"},"modified":"2020-05-19T10:27:37","modified_gmt":"2020-05-19T07:27:37","slug":"lansarea-unui-nou-apel-de-proiecte-aferent-prioritatii-de-investitii-2-1-a-microintreprinderi","status":"publish","type":"post","link":"https:\/\/www.nord-vest.ro\/en\/lansarea-unui-nou-apel-de-proiecte-aferent-prioritatii-de-investitii-2-1-a-microintreprinderi\/","title":{"rendered":"Lansarea unui nou apel de proiecte aferent priorit\u0103\u021bii de investi\u0163ii 2.1.A \u2013 Micro\u00eentreprinderi"},"content":{"rendered":"<p>Ministerul Dezvolt\u0103rii Regionale \u0219i Administra\u021biei Publice va lansa un nou apel de proiecte \u00een cadrul priorit\u0103\u021bii de investi\u021bii POR 2.1.A \u2013 Micro\u00eentreprinderi.<a class=\"wf_file\" href=\"http:\/\/inforegio.ro\/images\/documente\/comunicare\/anunturi\/2019.04.05-49580-Relansare-Anunt_presa.pdf\" target=\"_blank\" rel=\"noopener\"><span class=\"wf_file_text\">(scan anunt aprobat)<\/span><\/a><\/p>\n<p>Calendarul estimativ al apelului de proiecte:<\/p>\n<p>Publicarea ghidului specific, pe\u00a0<a href=\"http:\/\/www.inforegio.ro\/\" target=\"_blank\" rel=\"noopener\">www.inforegio.ro<\/a>: 6 mai 2019<\/p>\n<p>Perioada de depunere a proiectelor, doar prin intermediul MySMIS: 8 iulie \u2013 8 noiembrie 2019.<\/p>\n<p>Fa\u021b\u0103 de primul apel de proiecte organizat \u00een cadrul priorit\u0103\u021bii de investi\u021bii 2.1.A \u2013 Micro\u00eentreprinderi (lansat \u00een mai 2016), principalele modific\u0103ri \u0219i actualiz\u0103ri la ghidul specific vor viza urm\u0103toarele aspecte:<\/p>\n<ol>\n<li>Lansarea apelului doar \u00een regiunile de dezvoltare \u00een care alocarea financiar\u0103 disponibil\u0103 ar permite acest lucru, respectiv: Nord Est, Sud Est, Sud Vest Oltenia, Vest \u0219i Centru<\/li>\n<li>Termenul de depunere a autoriza\u021biei de construire, \u00een etapa precontractual\u0103 \u2013 90 de zile calendaristice<\/li>\n<li>Introducerea, \u00een ghidul specific, a unor prevederi din Instruc\u021biunea AMPOR nr. 61\/2017, referitoare la verificarea condi\u021biei de eligibilitate privind p\u0103strarea num\u0103rului mediu de salaria\u021bi cel pu\u021bin la nivelul \u00eenregistrat \u00een anul fiscal anterior depunerii cererii de finan\u021bare.<\/li>\n<li>Actualizarea unor referin\u021be la anii fiscali relevan\u021bi pentru anumite criterii, referin\u021be pagini web<\/li>\n<li>Actualizarea unor detalii referitoare la categoriile de cheltuieli eligibile, conform HG 907\/2016 privind etapele de elaborare \u015fi con\u0163inutul-cadru al documenta\u0163iilor tehnico-economice aferente obiectivelor\/ proiectelor de investi\u0163ii finan\u0163ate din fonduri publice<\/li>\n<li>Introducerea modului de reglementare a semn\u0103rii cererii de finan\u021bare, \u00een MySMIS, \u00een cazul \u00een care reprezentantul legal al solicitantului este un cet\u0103\u0163ean str\u0103in nerezident<\/li>\n<li>Completarea grilei de verificare a conformit\u0103\u021bii administrative \u0219i eligibilit\u0103\u021bii cererii de finan\u021bare cu situa\u021biile \u00een care pot fi solicitate clarific\u0103ri<\/li>\n<li>Actualizarea condi\u021biilor contractuale specifice priorit\u0103\u021bii 2.1<\/li>\n<li>Actualizarea unor condi\u021bii precontractuale, respectiv eliminarea obligativit\u0103\u021bii depunerii Avizului administratorului\/ custodelui\/ clasarea solicit\u0103rii pentru interven\u0163iile care au loc \u00eentr-o arie natural\u0103 protejat\u0103 \u0219i a Avizului Natura 2000\/ Clasarea notific\u0103rii, dup\u0103 caz, \u00een conformitate cu prevederile OUG 57\/2007.<\/li>\n<li>Actualizarea Formularului cererii de finan\u021bare, conform modific\u0103rilor MySMIS<\/li>\n<\/ol>\n<p>\u00cen cadrul acestui apel nu se vor putea depune proiecte pentru investi\u021biile localizate \u00een regiunile de dezvoltare Sud Muntenia, Nord Vest, Bucure\u0219ti Ilfov sau pe teritoriul acoperit de instrumentul Investi\u0163ii Teritoriale Integrate (ITI) Delta Dun\u0103rii (arealul format din 38 de unit\u0103\u021bi administrativ-teritoriale din cadrul Rezerva\u021biei Biosfera Delta Dun\u0103rii, Jude\u021bul Tulcea \u0219i nordul Jude\u021bului Constan\u021ba, \u00een zonele identificate ca prioritare \u00een cadrul Strategiei Integrate de Dezvoltare Durabil\u0103 a Deltei Dun\u0103rii).<\/p>\n<p>Pentru acest apel de proiecte vor putea solicita finan\u021bare societ\u0103\u021bile comerciale \u0219i cooperative care se \u00eencadreaz\u0103 \u00een categoria micro\u00eentreprinderilor, pentru construirea, modernizarea \u0219i extinderea spa\u021biilor de produc\u021bie sau prestare a serviciilor, dotarea cu active corporale, necorporale, inclusiv instrumente de comercializare on-line.<\/p>\n<p>Valoarea minim\u0103 eligibil\u0103 a unui proiect este 25.000 de euro.<\/p>\n<p>Valoarea maxim\u0103 a finan\u021b\u0103rii nerambursabile solicitate trebuie s\u0103 respecte normele de acordare a ajutorului de minimis: valoarea maxim\u0103 a ajutorului de minimis ce poate fi acordat unei \u00eentreprinderi unice, din fonduri publice, pe o perioad\u0103 de 3 ani fiscali consecutivi (ultimii 2 ani fiscali \u00eenainte de data depunerii cererii de finan\u0163are \u015fi anul curent depunerii cererii de finan\u0163are) este de 200.000 de euro, echivalent \u00een lei.<\/p>\n<p>Finan\u021barea nerambursabil\u0103 solicitat\u0103 poate reprezenta cel mult 90% din valoarea eligibil\u0103 a proiectului.<\/p>\n<p>* * *<\/p>\n<p>Programul Opera\u021bional Regional-POR 2014-2020 urmeaz\u0103 POR 2007-2013 \u0219i este unul dintre programele prin care Rom\u00e2nia poate accesa fondurile europene structurale \u0219i de investi\u021bii provenite din Fondul European pentru Dezvoltare Regional\u0103 (FEDR), \u00een perioada actual\u0103 de programare.<\/p>\n<p>POR 2014-2020 este gestionat de Autoritatea de Management pentru POR din cadrul Ministerului Dezvolt\u0103rii Regionale \u0219i Administra\u021biei Publice \u0219i a fost adoptat de Comisia European\u0103 pe data de 23 iunie 2015. Obiectivul s\u0103u general este cre\u0219terea competitivit\u0103\u021bii economice \u0219i \u00eembun\u0103t\u0103\u0163irea condi\u021biilor de via\u021b\u0103 ale comunit\u0103\u021bilor locale \u0219i regionale, prin<\/p>\n<p>sprijinirea dezvolt\u0103rii mediului de afaceri, infrastructurii \u0219i serviciilor, pentru dezvoltarea durabil\u0103 a regiunilor, astfel \u00eenc\u00e2t acestea s\u0103 \u00ee\u0219i poat\u0103 gestiona \u00een mod eficient resursele \u0219i s\u0103 \u00ee\u0219i valorifice poten\u021bialul de inovare \u0219i de asimilare a progresului tehnologic.<\/p>","protected":false},"excerpt":{"rendered":"<p>Ministerul Dezvolt\u0103rii Regionale \u0219i Administra\u021biei Publice va lansa un nou apel de proiecte \u00een cadrul priorit\u0103\u021bii de investi\u021bii POR 2.1.A \u2013 Micro\u00eentreprinderi.(scan anunt aprobat) Calendarul estimativ al apelului de proiecte: Publicarea ghidului specific, pe\u00a0www.inforegio.ro: 6 mai 2019 Perioada de depunere a proiectelor, doar prin intermediul MySMIS: 8 iulie \u2013 8 noiembrie 2019. Fa\u021b\u0103 de primul&#8230;<\/p>","protected":false},"author":1,"featured_media":8879,"comment_status":"closed","ping_status":"closed","sticky":false,"template":"","format":"standard","meta":{"footnotes":"","beyondwords_generate_audio":"","beyondwords_project_id":"","beyondwords_content_id":"","beyondwords_preview_token":"","beyondwords_player_style":"","beyondwords_language_id":"","beyondwords_title_voice_id":"","beyondwords_body_voice_id":"","beyondwords_summary_voice_id":"","beyondwords_error_message":"","beyondwords_disabled":"","beyondwords_delete_content":"","beyondwords_podcast_id":"","beyondwords_hash":"","publish_post_to_speechkit":"","speechkit_hash":"","speechkit_generate_audio":"","speechkit_project_id":"","speechkit_podcast_id":"","speechkit_error_message":"","speechkit_disabled":"","speechkit_access_key":"","speechkit_error":"","speechkit_info":"","speechkit_response":"","speechkit_retries":"","speechkit_status":"","speechkit_updated_at":"","_speechkit_link":"","_speechkit_text":""},"categories":[116,13],"tags":[],"class_list":["post-10023","post","type-post","status-publish","format-standard","has-post-thumbnail","hentry","category-apeluri-regio-20142020","category-noutati"],"publishpress_future_action":{"enabled":false,"date":"2026-05-03 12:43:09","action":"change-status","newStatus":"draft","terms":[],"taxonomy":"category"},"publishpress_future_workflow_manual_trigger":{"enabledWorkflows":[]},"_links":{"self":[{"href":"https:\/\/www.nord-vest.ro\/en\/wp-json\/wp\/v2\/posts\/10023","targetHints":{"allow":["GET"]}}],"collection":[{"href":"https:\/\/www.nord-vest.ro\/en\/wp-json\/wp\/v2\/posts"}],"about":[{"href":"https:\/\/www.nord-vest.ro\/en\/wp-json\/wp\/v2\/types\/post"}],"author":[{"embeddable":true,"href":"https:\/\/www.nord-vest.ro\/en\/wp-json\/wp\/v2\/users\/1"}],"replies":[{"embeddable":true,"href":"https:\/\/www.nord-vest.ro\/en\/wp-json\/wp\/v2\/comments?post=10023"}],"version-history":[{"count":1,"href":"https:\/\/www.nord-vest.ro\/en\/wp-json\/wp\/v2\/posts\/10023\/revisions"}],"predecessor-version":[{"id":10024,"href":"https:\/\/www.nord-vest.ro\/en\/wp-json\/wp\/v2\/posts\/10023\/revisions\/10024"}],"wp:featuredmedia":[{"embeddable":true,"href":"https:\/\/www.nord-vest.ro\/en\/wp-json\/wp\/v2\/media\/8879"}],"wp:attachment":[{"href":"https:\/\/www.nord-vest.ro\/en\/wp-json\/wp\/v2\/media?parent=10023"}],"wp:term":[{"taxonomy":"category","embeddable":true,"href":"https:\/\/www.nord-vest.ro\/en\/wp-json\/wp\/v2\/categories?post=10023"},{"taxonomy":"post_tag","embeddable":true,"href":"https:\/\/www.nord-vest.ro\/en\/wp-json\/wp\/v2\/tags?post=10023"}],"curies":[{"name":"wp","href":"https:\/\/api.w.org\/{rel}","templated":true}]}}